{"id":1003,"date":"2025-08-22T07:39:00","date_gmt":"2025-08-22T05:39:00","guid":{"rendered":"https:\/\/www.lycee-eca.fr\/actu\/?p=1003"},"modified":"2025-08-22T02:36:20","modified_gmt":"2025-08-22T00:36:20","slug":"ces-fraises-proposees-en-supermarche-sont-garanties-sans-pesticides","status":"publish","type":"post","link":"https:\/\/www.lycee-eca.fr\/actu\/ces-fraises-proposees-en-supermarche-sont-garanties-sans-pesticides\/","title":{"rendered":"Ces fraises propos\u00e9es en supermarch\u00e9 sont garanties sans pesticides"},"content":{"rendered":"\n<p>Les consommateurs sont de plus en plus attentifs aux \u00e9tiquettes pour choisir des produits plus sains. Ainsi, les fraises sans pesticides gagnent en popularit\u00e9 dans les supermarch\u00e9s, r\u00e9pondant aux pr\u00e9occupations croissantes pour la sant\u00e9 et l&rsquo;environnement.<\/p>\n\n\n\n<h2 class=\"wp-block-heading\">Fraises et pesticides: un d\u00e9fi pour une consommation responsable<\/h2>\n\n\n\n<p>Les fraises sont parmi les fruits les plus touch\u00e9s par les r\u00e9sidus chimiques, d&rsquo;apr\u00e8s diverses \u00e9tudes. Des analyses de G\u00e9n\u00e9rations Futures et de l&rsquo;EFSA r\u00e9v\u00e8lent que jusqu&rsquo;\u00e0 95% des \u00e9chantillons test\u00e9s contiennent des pesticides, une donn\u00e9e pr\u00e9occupante pour les parents, les fraises \u00e9tant appr\u00e9ci\u00e9es des enfants.<\/p>\n\n\n\n<p>La pr\u00e9sence de PFAS, des \u00ab\u00a0polluants \u00e9ternels\u00a0\u00bb, soul\u00e8ve des inqui\u00e9tudes l\u00e9gitimes en raison de leur persistance dans l&rsquo;environnement et leur accumulation dans l&rsquo;organisme, repr\u00e9sentant un risque pour la sant\u00e9 humaine.<\/p>\n\n\n\n<p>Le paradoxe est flagrant : malgr\u00e9 la recommandation de l&rsquo;OMS de consommer cinq portions de fruits et l\u00e9gumes par jour, certains produits contiennent des substances nocives. Les consommateurs se trouvent ainsi face \u00e0 un dilemme entre b\u00e9n\u00e9fices nutritionnels et risques li\u00e9s aux pesticides.<\/p>\n\n\n\n<h2 class=\"wp-block-heading\">L&rsquo;agriculture verticale: une r\u00e9volution pour des fraises sans r\u00e9sidus chimiques<\/h2>\n\n\n\n<p>Face \u00e0 ces enjeux, l&rsquo;agriculture verticale appara\u00eet comme une solution prometteuse. Cette m\u00e9thode novatrice consiste \u00e0 cultiver des fraises en hauteur, sur plusieurs niveaux, dans des environnements contr\u00f4l\u00e9s. Les avantages sont multiples :<\/p>\n\n\n\n<ul class=\"wp-block-list\">\n<li>Contr\u00f4le total des conditions de croissance (lumi\u00e8re, temp\u00e9rature, humidit\u00e9)<\/li>\n\n\n\n<li>\u00c9limination des pesticides gr\u00e2ce \u00e0 des espaces prot\u00e9g\u00e9s<\/li>\n\n\n\n<li>R\u00e9duction de la consommation d&rsquo;eau jusqu&rsquo;\u00e0 90% par rapport aux m\u00e9thodes traditionnelles<\/li>\n\n\n\n<li>Production possible toute l&rsquo;ann\u00e9e, ind\u00e9pendamment des saisons<\/li>\n\n\n\n<li>Empreinte carbone consid\u00e9rablement r\u00e9duite<\/li>\n<\/ul>\n\n\n\n<p>Des \u00e9tudes de l&rsquo;Universit\u00e9 de Columbia et de la FAO confirment l&rsquo;efficacit\u00e9 de ces syst\u00e8mes en termes d&rsquo;\u00e9conomie d&rsquo;eau. Cette approche r\u00e9pond aux pr\u00e9occupations sanitaires et environnementales, offrant une alternative \u00e0 l&rsquo;agriculture classique.<\/p>\n\n\n\n<figure class=\"wp-block-table\"><table class=\"has-fixed-layout\"><tbody><tr><th>Caract\u00e9ristiques<\/th><th>Fraises conventionnelles<\/th><th>Fraises d&rsquo;agriculture verticale<\/th><\/tr><tr><td>Pr\u00e9sence de pesticides<\/td><td>Fr\u00e9quente (jusqu&rsquo;\u00e0 95%)<\/td><td>Aucune<\/td><\/tr><tr><td>Consommationmmation d&rsquo;eau<\/td><td>\u00c9lev\u00e9e<\/td><td>R\u00e9duite de 90%<\/td><\/tr><tr><td>Disponibilit\u00e9<\/td><td>Saisonni\u00e8re<\/td><td>Toute l&rsquo;ann\u00e9e<\/td><\/tr><tr><td>Impact environnemental<\/td><td>Significatif<\/td><td>R\u00e9duit<\/td><\/tr><\/tbody><\/table><\/figure>\n\n\n\n<h2 class=\"wp-block-heading\">La marque Oishii: leader des fraises sans pesticides en supermarch\u00e9<\/h2>\n\n\n\n<p>La marque am\u00e9ricaine Oishii se d\u00e9marque dans cette r\u00e9volution agricole. Fond\u00e9e en 2016, elle se sp\u00e9cialise dans les fraises garanties sans pesticides. Son produit phare, l&rsquo;Omakase Berry, s&rsquo;inspire des vari\u00e9t\u00e9s japonaises r\u00e9put\u00e9es pour leur qualit\u00e9.<\/p>\n\n\n\n<p>Initialement destin\u00e9es aux restaurants haut de gamme, ces fraises premium arrivent progressivement en supermarch\u00e9. Lanc\u00e9es aux \u00c9tats-Unis, elles pourraient conqu\u00e9rir d&rsquo;autres march\u00e9s. Malgr\u00e9 des quantit\u00e9s limit\u00e9es, la promesse d&rsquo;un fruit savoureux et sans r\u00e9sidus chimiques attire de plus en plus de consommateurs.<\/p>\n\n\n\n<p>La m\u00e9thode de production d&rsquo;Oishii illustre les principes de l&rsquo;agriculture verticale. Chaque fraise est cultiv\u00e9e avec soin dans des fermes verticales o\u00f9 tous les param\u00e8tres sont contr\u00f4l\u00e9s. Cette approche garantit non seulement l&rsquo;absence de pesticides, mais aussi une qualit\u00e9 gustative sup\u00e9rieure.<\/p>\n\n\n\n<p>L&rsquo;arriv\u00e9e de ces fraises sans pesticides en supermarch\u00e9 marque une avanc\u00e9e vers une alimentation plus saine et respectueuse de l&rsquo;environnement, refl\u00e9tant l&rsquo;\u00e9volution des attentes des consommateurs sensibles \u00e0 ces enjeux.<\/p>\n","protected":false},"excerpt":{"rendered":"<p>Les consommateurs sont de plus en plus attentifs aux \u00e9tiquettes pour choisir des produits plus sains. Ainsi, les fraises sans pesticides gagnent en popularit\u00e9 dans les supermarch\u00e9s, r\u00e9pondant aux pr\u00e9occupations croissantes pour la sant\u00e9 et l&rsquo;environnement. Fraises et pesticides: un d\u00e9fi pour une consommation responsable Les fraises sont parmi les fruits les plus touch\u00e9s par [&hellip;]<\/p>\n","protected":false},"author":2,"featured_media":1004,"comment_status":"open","ping_status":"open","sticky":false,"template":"","format":"standard","meta":{"_seopress_robots_primary_cat":"","_seopress_titles_title":"","_seopress_titles_desc":"","_seopress_robots_index":"","footnotes":""},"categories":[8],"tags":[],"class_list":{"0":"post-1003","1":"post","2":"type-post","3":"status-publish","4":"format-standard","5":"has-post-thumbnail","7":"category-consommation"},"_links":{"self":[{"href":"https:\/\/www.lycee-eca.fr\/actu\/wp-json\/wp\/v2\/posts\/1003","targetHints":{"allow":["GET"]}}],"collection":[{"href":"https:\/\/www.lycee-eca.fr\/actu\/wp-json\/wp\/v2\/posts"}],"about":[{"href":"https:\/\/www.lycee-eca.fr\/actu\/wp-json\/wp\/v2\/types\/post"}],"author":[{"embeddable":true,"href":"https:\/\/www.lycee-eca.fr\/actu\/wp-json\/wp\/v2\/users\/2"}],"replies":[{"embeddable":true,"href":"https:\/\/www.lycee-eca.fr\/actu\/wp-json\/wp\/v2\/comments?post=1003"}],"version-history":[{"count":1,"href":"https:\/\/www.lycee-eca.fr\/actu\/wp-json\/wp\/v2\/posts\/1003\/revisions"}],"predecessor-version":[{"id":1018,"href":"https:\/\/www.lycee-eca.fr\/actu\/wp-json\/wp\/v2\/posts\/1003\/revisions\/1018"}],"wp:featuredmedia":[{"embeddable":true,"href":"https:\/\/www.lycee-eca.fr\/actu\/wp-json\/wp\/v2\/media\/1004"}],"wp:attachment":[{"href":"https:\/\/www.lycee-eca.fr\/actu\/wp-json\/wp\/v2\/media?parent=1003"}],"wp:term":[{"taxonomy":"category","embeddable":true,"href":"https:\/\/www.lycee-eca.fr\/actu\/wp-json\/wp\/v2\/categories?post=1003"},{"taxonomy":"post_tag","embeddable":true,"href":"https:\/\/www.lycee-eca.fr\/actu\/wp-json\/wp\/v2\/tags?post=1003"}],"curies":[{"name":"wp","href":"https:\/\/api.w.org\/{rel}","templated":true}]}}