{"id":1124,"date":"2025-08-29T12:23:14","date_gmt":"2025-08-29T10:23:14","guid":{"rendered":"https:\/\/www.lycee-eca.fr\/actu\/?p=1124"},"modified":"2025-08-29T15:49:29","modified_gmt":"2025-08-29T13:49:29","slug":"gouvernement-lance-avertissement-toutes-personnes-qui-ont-achete-infusions-grandes-surfaces-elles-ont-ete-rappelees-raison-presenc","status":"publish","type":"post","link":"https:\/\/www.lycee-eca.fr\/actu\/gouvernement-lance-avertissement-toutes-personnes-qui-ont-achete-infusions-grandes-surfaces-elles-ont-ete-rappelees-raison-presenc\/","title":{"rendered":"Le gouvernement lance cet avertissement \u00e0 toutes les personnes qui ont achet\u00e9 ces infusions en grandes surfaces : elles ont \u00e9t\u00e9 rappel\u00e9es en raison de la pr\u00e9sence d&rsquo;un pesticide interdit"},"content":{"rendered":"<p>L&rsquo;alerte sanitaire concernant des infusions \u00e0 la camomille vient d&rsquo;\u00eatre \u00e9mise par les autorit\u00e9s fran\u00e7aises ce 30 janvier 2025. Plusieurs lots commercialis\u00e9s sous la marque Clipper contiennent de l&rsquo;oxyde d&rsquo;\u00e9thyl\u00e8ne, un pesticide formellement interdit dans l&rsquo;Union europ\u00e9enne. Les consommateurs ayant achet\u00e9 ces produits sont pri\u00e9s de ne pas les consommer et de les rapporter en magasin.<\/p>\n<h2>D\u00e9tails sur les infusions concern\u00e9es par le rappel gouvernemental<\/h2>\n<p>Les produits vis\u00e9s par cette alerte sanitaire ont \u00e9t\u00e9 distribu\u00e9s entre mai 2024 et janvier 2025 dans diff\u00e9rents circuits de distribution. <strong>Les grandes surfaces, les magasins sp\u00e9cialis\u00e9s et les plateformes de vente en ligne<\/strong> figurent parmi les points de vente concern\u00e9s.<\/p>\n<p>Les r\u00e9f\u00e9rences sp\u00e9cifiquement concern\u00e9es par ce rappel incluent :<\/p>\n<ul>\n<li>Clip Infusion Camomille rhd 37,5g<\/li>\n<li>Clip Camomille M\u00e9lisse Cannelle 35g (Keep Calm)<\/li>\n<li>Clip Infusion Camomille P\u00eache 30g<\/li>\n<\/ul>\n<p>La proc\u00e9dure de rappel restera active jusqu&rsquo;au 29 mars 2025, laissant ainsi aux consommateurs suffisamment de temps pour rapporter les produits achet\u00e9s. <strong>Un remboursement int\u00e9gral est garanti sur simple pr\u00e9sentation du produit<\/strong> dans le point de vente d&rsquo;origine.<\/p>\n<p>Pour toute information compl\u00e9mentaire, les consommateurs peuvent contacter le num\u00e9ro d\u00e9di\u00e9 mis en place : 0472678936. Les op\u00e9rateurs sont disponibles pour r\u00e9pondre aux questions et pr\u00e9occupations des acheteurs.<\/p>\n<h2>Risques sanitaires li\u00e9s \u00e0 l&rsquo;oxyde d&rsquo;\u00e9thyl\u00e8ne dans les infusions<\/h2>\n<p>L&rsquo;oxyde d&rsquo;\u00e9thyl\u00e8ne d\u00e9tect\u00e9 dans ces infusions repr\u00e9sente un risque non n\u00e9gligeable pour la sant\u00e9. <em>Cette substance chimique, utilis\u00e9e comme pesticide et agent antifongique<\/em>, a \u00e9t\u00e9 interdite dans l&rsquo;Union europ\u00e9enne en raison de sa dangerosit\u00e9.<\/p>\n<p>Les \u00e9tudes scientifiques ont d\u00e9montr\u00e9 plusieurs effets nocifs de ce compos\u00e9 :<\/p>\n<table border=\"1\">\n<tr>\n<th>Effet sur la sant\u00e9<\/th>\n<th>Type de risque<\/th>\n<th>Gravit\u00e9<\/th>\n<\/tr>\n<tr>\n<td>Potentiel canc\u00e9rog\u00e8ne<\/td>\n<td>Long terme<\/td>\n<td>\u00c9lev\u00e9e<\/td>\n<\/tr>\n<tr>\n<td>Perturbation endocrinienne<\/td>\n<td>Moyen \u00e0 long terme<\/td>\n<td>Mod\u00e9r\u00e9e \u00e0 \u00e9lev\u00e9e<\/td>\n<\/tr>\n<tr>\n<td>Toxicit\u00e9 aigu\u00eb<\/td>\n<td>Court terme<\/td>\n<td>Faible \u00e0 mod\u00e9r\u00e9e<\/td>\n<\/tr>\n<\/table>\n<p>Les experts en sant\u00e9 publique pr\u00e9cisent que <strong>la consommation occasionnelle de ces infusions ne constitue pas un danger imm\u00e9diat<\/strong>. N\u00e9anmoins, une ingestion r\u00e9guli\u00e8re pourrait accro\u00eetre significativement les risques pour la sant\u00e9. Par mesure de pr\u00e9caution, toute personne ayant consomm\u00e9 ces produits et pr\u00e9sentant des sympt\u00f4mes inhabituels devrait consulter rapidement un professionnel de sant\u00e9.<\/p>\n<h2>Vers un renforcement des contr\u00f4les dans l&rsquo;industrie agroalimentaire<\/h2>\n<p>Cette alerte met en lumi\u00e8re les d\u00e9fis persistants dans la s\u00e9curit\u00e9 des produits alimentaires. <em>Les m\u00e9canismes de contr\u00f4le actuels montrent parfois leurs limites face \u00e0 la complexit\u00e9 des cha\u00eenes d&rsquo;approvisionnement mondiales<\/em>. Les autorit\u00e9s sanitaires fran\u00e7aises, en coordination avec leurs homologues europ\u00e9ens, envisagent d\u00e9j\u00e0 de renforcer les proc\u00e9dures de v\u00e9rification.<\/p>\n<p>De nouvelles normes plus strictes sont en cours d&rsquo;\u00e9laboration pour pr\u00e9venir l&rsquo;introduction de substances prohib\u00e9es dans notre alimentation. Ces mesures visent \u00e0 prot\u00e9ger la sant\u00e9 publique tout en maintenant la confiance des consommateurs envers les produits disponibles sur le march\u00e9 europ\u00e9en.<\/p>\n<p>La transparence dont fait preuve le gouvernement dans la gestion de cette crise t\u00e9moigne de sa volont\u00e9 de prot\u00e9ger efficacement les consommateurs. <strong>Cette approche proactive implique une collaboration renforc\u00e9e entre les fabricants, les distributeurs et les autorit\u00e9s de contr\u00f4le<\/strong> pour garantir la conformit\u00e9 des produits commercialis\u00e9s.<\/p>\n<p>Les consommateurs sont \u00e9galement encourag\u00e9s \u00e0 participer activement \u00e0 cette vigilance collective en s&rsquo;informant r\u00e9guli\u00e8rement sur les rappels de produits et en v\u00e9rifiant attentivement les \u00e9tiquettes des aliments qu&rsquo;ils ach\u00e8tent. Cette responsabilit\u00e9 partag\u00e9e constitue un \u00e9l\u00e9ment essentiel du dispositif de s\u00e9curit\u00e9 alimentaire.<\/p>\n","protected":false},"excerpt":{"rendered":"<p>L&rsquo;alerte sanitaire concernant des infusions \u00e0 la camomille vient d&rsquo;\u00eatre \u00e9mise par les autorit\u00e9s fran\u00e7aises ce 30 janvier 2025. Plusieurs lots commercialis\u00e9s sous la marque Clipper contiennent de l&rsquo;oxyde d&rsquo;\u00e9thyl\u00e8ne, un pesticide formellement interdit dans l&rsquo;Union europ\u00e9enne. Les consommateurs ayant achet\u00e9 ces produits sont pri\u00e9s de ne pas les consommer et de les rapporter en [&hellip;]<\/p>\n","protected":false},"author":2,"featured_media":1125,"comment_status":"open","ping_status":"open","sticky":false,"template":"","format":"standard","meta":{"_seopress_robots_primary_cat":"none","_seopress_titles_title":"","_seopress_titles_desc":"","_seopress_robots_index":"","footnotes":""},"categories":[8],"tags":[],"class_list":{"0":"post-1124","1":"post","2":"type-post","3":"status-publish","4":"format-standard","5":"has-post-thumbnail","7":"category-consommation"},"_links":{"self":[{"href":"https:\/\/www.lycee-eca.fr\/actu\/wp-json\/wp\/v2\/posts\/1124","targetHints":{"allow":["GET"]}}],"collection":[{"href":"https:\/\/www.lycee-eca.fr\/actu\/wp-json\/wp\/v2\/posts"}],"about":[{"href":"https:\/\/www.lycee-eca.fr\/actu\/wp-json\/wp\/v2\/types\/post"}],"author":[{"embeddable":true,"href":"https:\/\/www.lycee-eca.fr\/actu\/wp-json\/wp\/v2\/users\/2"}],"replies":[{"embeddable":true,"href":"https:\/\/www.lycee-eca.fr\/actu\/wp-json\/wp\/v2\/comments?post=1124"}],"version-history":[{"count":3,"href":"https:\/\/www.lycee-eca.fr\/actu\/wp-json\/wp\/v2\/posts\/1124\/revisions"}],"predecessor-version":[{"id":1128,"href":"https:\/\/www.lycee-eca.fr\/actu\/wp-json\/wp\/v2\/posts\/1124\/revisions\/1128"}],"wp:featuredmedia":[{"embeddable":true,"href":"https:\/\/www.lycee-eca.fr\/actu\/wp-json\/wp\/v2\/media\/1125"}],"wp:attachment":[{"href":"https:\/\/www.lycee-eca.fr\/actu\/wp-json\/wp\/v2\/media?parent=1124"}],"wp:term":[{"taxonomy":"category","embeddable":true,"href":"https:\/\/www.lycee-eca.fr\/actu\/wp-json\/wp\/v2\/categories?post=1124"},{"taxonomy":"post_tag","embeddable":true,"href":"https:\/\/www.lycee-eca.fr\/actu\/wp-json\/wp\/v2\/tags?post=1124"}],"curies":[{"name":"wp","href":"https:\/\/api.w.org\/{rel}","templated":true}]}}