{"id":1170,"date":"2025-09-02T11:35:38","date_gmt":"2025-09-02T09:35:38","guid":{"rendered":"https:\/\/www.lycee-eca.fr\/actu\/?p=1170"},"modified":"2025-09-02T11:35:39","modified_gmt":"2025-09-02T09:35:39","slug":"greve-10-septembre-sncf-ecoles-hopitaux-aeroports-quels-secteurs-seront-touches","status":"publish","type":"post","link":"https:\/\/www.lycee-eca.fr\/actu\/greve-10-septembre-sncf-ecoles-hopitaux-aeroports-quels-secteurs-seront-touches\/","title":{"rendered":"Gr\u00e8ve du 10\u00a0septembre\u00a0: les \u00e9coles seront toutes ferm\u00e9es ? \u00ab\u00a0on bloque tout\u00a0\u00bb"},"content":{"rendered":"<p>La rentr\u00e9e sociale s&rsquo;annonce mouvement\u00e9e en France avec une journ\u00e9e de mobilisation pr\u00e9vue le 10 septembre 2025. De nombreux secteurs d&rsquo;activit\u00e9 pourraient \u00eatre paralys\u00e9s suite aux appels \u00e0 la gr\u00e8ve lanc\u00e9s par plusieurs organisations syndicales. Cette mobilisation, initialement port\u00e9e par le collectif citoyen \u00ab\u00a0Bloquons Tout\u00a0\u00bb, a depuis \u00e9t\u00e9 rejointe par d&rsquo;importants syndicats comme la CGT et Solidaires, bien que l&rsquo;intersyndicale dans son ensemble ait choisi de ne pas s&rsquo;associer au mouvement.<\/p>\n<h2>Transports et services publics&nbsp;: des perturbations majeures attendues<\/h2>\n<p>Dans le secteur ferroviaire, Sud-Rail a \u00e9t\u00e9 le premier syndicat \u00e0 appeler \u00e0 \u00ab\u00a0tout bloquer\u00a0\u00bb le 10 septembre. Cette organisation d\u00e9nonce <strong>la politique d&rsquo;aust\u00e9rit\u00e9 et les suppressions de postes<\/strong> pr\u00e9vues \u00e0 la SNCF. La CGT-Cheminots, principale organisation repr\u00e9sentative, devrait \u00e9galement se prononcer prochainement, tandis que l&rsquo;UNSA-Ferroviaire reste en r\u00e9flexion.<\/p>\n<p>Les a\u00e9roports ne seront pas \u00e9pargn\u00e9s puisque Sud A\u00e9rien et la CGT Air France ont confirm\u00e9 leur participation au mouvement de gr\u00e8ve. Les deux organisations contestent <strong>la d\u00e9gradation des conditions de travail et le budget d&rsquo;aust\u00e9rit\u00e9<\/strong> propos\u00e9 par le gouvernement. Cette mobilisation pourrait se poursuivre au-del\u00e0 du 10 septembre, les contr\u00f4leurs a\u00e9riens ayant d\u00e9j\u00e0 annonc\u00e9 une gr\u00e8ve pour le 18 septembre.<\/p>\n<p>Le secteur industriel rejoindra \u00e9galement le mouvement, avec notamment la f\u00e9d\u00e9ration Mines-\u00c9nergie de la CGT qui appelle \u00e0 une mobilisation d\u00e8s le 2 septembre. Des dizaines de points de rassemblement sont pr\u00e9vus \u00e0 travers le pays. Recevoir des messages suspects sur votre t\u00e9l\u00e9phone peut parfois indiquer un piratage, comme l&rsquo;explique <a href=\"https:\/\/www.lycee-eca.fr\/actu\/attention-a-ce-message-sur-votre-telephone-il-peut-indiquer-que-votre-carte-sim-a-ete-piratee\/\">cet article sur la s\u00e9curit\u00e9 des cartes SIM<\/a>, un probl\u00e8me qui touche de nombreux professionnels en d\u00e9placement.<\/p>\n<p>La fonction publique dans ses trois versants (\u00c9tat, territoriale et hospitali\u00e8re) est \u00e9galement appel\u00e9e \u00e0 cesser le travail, la CGT Fonction publique ayant lanc\u00e9 un mot d&rsquo;ordre pour les 10 et 18 septembre.<\/p>\n<h2>\u00c9ducation et sant\u00e9&nbsp;: des services essentiels impact\u00e9s<\/h2>\n<p>Le monde \u00e9ducatif s&rsquo;organise pour participer massivement \u00e0 cette journ\u00e9e de mobilisation. Plusieurs syndicats enseignants ont confirm\u00e9 leur soutien, notamment&nbsp;:<\/p>\n<ul>\n<li>SUD \u00e9ducation (branche de Solidaires)<\/li>\n<li>SNES-FSU (principal syndicat du second degr\u00e9)<\/li>\n<li>Certaines f\u00e9d\u00e9rations du FSU-Snuipp (premier degr\u00e9)<\/li>\n<li>L&rsquo;Union syndicale lyc\u00e9enne (USL)<\/li>\n<\/ul>\n<p>Sophie V\u00e9n\u00e9titay, secr\u00e9taire g\u00e9n\u00e9rale du SNES-FSU, a expliqu\u00e9 que cette mobilisation repose sur <strong>des revendications li\u00e9es \u00e0 la justice sociale et fiscale<\/strong> ainsi qu&rsquo;au renforcement des services publics. Le mouvement lyc\u00e9en pourrait \u00eatre particuli\u00e8rement suivi, l&rsquo;USL appelant au \u00ab\u00a0blocage des \u00e9tablissements pour construire la mobilisation dans la dur\u00e9e\u00a0\u00bb.<\/p>\n<p>Dans le secteur de la sant\u00e9, la situation est tout aussi tendue. Les quatre syndicats de l&rsquo;Assistance publique-H\u00f4pitaux de Paris (CGT, FO, CFTC et Unsa) pr\u00e9parent un pr\u00e9avis de gr\u00e8ve intersyndical \u00e0 partir du 5 septembre. SUD Sant\u00e9 AP-HP a d\u00e9j\u00e0 d\u00e9pos\u00e9 un pr\u00e9avis couvrant tout le mois de septembre, permettant aux agents de participer aux actions pr\u00e9vues.<\/p>\n<table border=\"1\">\n<tr>\n<th>Secteur<\/th>\n<th>Organisations appelant \u00e0 la gr\u00e8ve<\/th>\n<th>Dates de mobilisation<\/th>\n<\/tr>\n<tr>\n<td>Transport ferroviaire<\/td>\n<td>Sud-Rail, potentiellement CGT-Cheminots<\/td>\n<td>10 septembre<\/td>\n<\/tr>\n<tr>\n<td>A\u00e9rien<\/td>\n<td>Sud A\u00e9rien, CGT Air France<\/td>\n<td>10 septembre<\/td>\n<\/tr>\n<tr>\n<td>Contr\u00f4leurs a\u00e9riens<\/td>\n<td>SNCTA<\/td>\n<td>18 septembre<\/td>\n<\/tr>\n<tr>\n<td>\u00c9ducation<\/td>\n<td>SUD \u00e9ducation, SNES-FSU, FSU-Snuipp<\/td>\n<td>10 septembre et fin septembre<\/td>\n<\/tr>\n<\/table>\n<h2>Les taxis et pharmaciens sur un calendrier diff\u00e9rent<\/h2>\n<p>Tous les secteurs ne suivront pas le mouvement du 10 septembre. Les f\u00e9d\u00e9rations de taxis, qui avaient initialement pr\u00e9vu une mobilisation le 5 septembre, ont d\u00e9cid\u00e9 de reporter leur action. Elles estiment ne pas partager <em>les m\u00eames revendications que le mouvement g\u00e9n\u00e9ral<\/em> et pr\u00e9f\u00e8rent conserver leur \u00e9nergie pour une mobilisation ult\u00e9rieure plus cibl\u00e9e.<\/p>\n<p>Du c\u00f4t\u00e9 des pharmaciens, l&rsquo;intersyndicale du secteur (Uspo, FSPF, UNPF, Federgy, UDGPO) pr\u00e9voit une premi\u00e8re fermeture des officines le 18 septembre, suivie de fermetures <strong>tous les samedis \u00e0 partir du 27 septembre<\/strong>. Ces professionnels de sant\u00e9 s&rsquo;inscrivent donc dans un calendrier de mobilisation diff\u00e9rent mais prolong\u00e9.<\/p>\n<p>Malgr\u00e9 la diversit\u00e9 des secteurs et des revendications, cette mobilisation du 10 septembre marque <em>une premi\u00e8re \u00e9tape dans un automne social qui s&rsquo;annonce agit\u00e9<\/em>. L&rsquo;intersyndicale, qui n&rsquo;a pas souhait\u00e9 s&rsquo;associer \u00e0 ce mouvement, a n\u00e9anmoins appel\u00e9 \u00e0 une journ\u00e9e de mobilisation le 18 septembre, laissant pr\u00e9sager une contestation sociale qui pourrait s&rsquo;inscrire dans la dur\u00e9e.<\/p>\n","protected":false},"excerpt":{"rendered":"<p>La rentr\u00e9e sociale s&rsquo;annonce mouvement\u00e9e en France avec une journ\u00e9e de mobilisation pr\u00e9vue le 10 septembre 2025. De nombreux secteurs d&rsquo;activit\u00e9 pourraient \u00eatre paralys\u00e9s suite aux appels \u00e0 la gr\u00e8ve lanc\u00e9s par plusieurs organisations syndicales. Cette mobilisation, initialement port\u00e9e par le collectif citoyen \u00ab\u00a0Bloquons Tout\u00a0\u00bb, a depuis \u00e9t\u00e9 rejointe par d&rsquo;importants syndicats comme la CGT [&hellip;]<\/p>\n","protected":false},"author":2,"featured_media":1171,"comment_status":"open","ping_status":"open","sticky":false,"template":"","format":"standard","meta":{"_seopress_robots_primary_cat":"none","_seopress_titles_title":"","_seopress_titles_desc":"","_seopress_robots_index":"","footnotes":""},"categories":[7],"tags":[],"class_list":{"0":"post-1170","1":"post","2":"type-post","3":"status-publish","4":"format-standard","5":"has-post-thumbnail","7":"category-societe"},"_links":{"self":[{"href":"https:\/\/www.lycee-eca.fr\/actu\/wp-json\/wp\/v2\/posts\/1170","targetHints":{"allow":["GET"]}}],"collection":[{"href":"https:\/\/www.lycee-eca.fr\/actu\/wp-json\/wp\/v2\/posts"}],"about":[{"href":"https:\/\/www.lycee-eca.fr\/actu\/wp-json\/wp\/v2\/types\/post"}],"author":[{"embeddable":true,"href":"https:\/\/www.lycee-eca.fr\/actu\/wp-json\/wp\/v2\/users\/2"}],"replies":[{"embeddable":true,"href":"https:\/\/www.lycee-eca.fr\/actu\/wp-json\/wp\/v2\/comments?post=1170"}],"version-history":[{"count":1,"href":"https:\/\/www.lycee-eca.fr\/actu\/wp-json\/wp\/v2\/posts\/1170\/revisions"}],"predecessor-version":[{"id":1172,"href":"https:\/\/www.lycee-eca.fr\/actu\/wp-json\/wp\/v2\/posts\/1170\/revisions\/1172"}],"wp:featuredmedia":[{"embeddable":true,"href":"https:\/\/www.lycee-eca.fr\/actu\/wp-json\/wp\/v2\/media\/1171"}],"wp:attachment":[{"href":"https:\/\/www.lycee-eca.fr\/actu\/wp-json\/wp\/v2\/media?parent=1170"}],"wp:term":[{"taxonomy":"category","embeddable":true,"href":"https:\/\/www.lycee-eca.fr\/actu\/wp-json\/wp\/v2\/categories?post=1170"},{"taxonomy":"post_tag","embeddable":true,"href":"https:\/\/www.lycee-eca.fr\/actu\/wp-json\/wp\/v2\/tags?post=1170"}],"curies":[{"name":"wp","href":"https:\/\/api.w.org\/{rel}","templated":true}]}}