{"id":1314,"date":"2025-09-10T18:43:27","date_gmt":"2025-09-10T16:43:27","guid":{"rendered":"https:\/\/www.lycee-eca.fr\/actu\/?p=1314"},"modified":"2025-09-10T18:43:34","modified_gmt":"2025-09-10T16:43:34","slug":"montpellier-des-manifestants-avec-un-drapeau-francais-pris-a-partie-lors-du-mouvement-bloquons-tout","status":"publish","type":"post","link":"https:\/\/www.lycee-eca.fr\/actu\/montpellier-des-manifestants-avec-un-drapeau-francais-pris-a-partie-lors-du-mouvement-bloquons-tout\/","title":{"rendered":"Montpellier : des manifestants avec un drapeau fran\u00e7ais pris \u00e0 partie lors du mouvement \u00ab Bloquons tout \u00bb"},"content":{"rendered":"\n<p>Au c\u0153ur de la manifestation du mouvement \u00ab Bloquons tout \u00bb ce 10 septembre 2025 \u00e0 Montpellier, une sc\u00e8ne a retenu l\u2019attention et suscit\u00e9 la pol\u00e9mique. Alors que le cort\u00e8ge se d\u00e9ployait dans le centre-ville, un petit groupe de manifestants a choisi d\u2019avancer en arborant un drapeau tricolore. Tr\u00e8s vite, ils ont \u00e9t\u00e9 pris \u00e0 partie par d\u2019autres participants, qui ont vu dans ce geste un signe de r\u00e9cup\u00e9ration politique, voire une provocation.<\/p>\n\n\n\n<h2 class=\"wp-block-heading\">Des tensions autour du symbole national<\/h2>\n\n\n\n<p>Le drapeau bleu-blanc-rouge, habituellement associ\u00e9 \u00e0 l\u2019unit\u00e9 nationale, est devenu au fil des ann\u00e9es un symbole clivant dans les manifestations. Si certains y voient un marqueur de fiert\u00e9 et de l\u00e9gitimit\u00e9 populaire, d\u2019autres l\u2019associent \u00e0 des mouvements nationalistes, voire \u00e0 l\u2019extr\u00eame droite.<\/p>\n\n\n\n<p>\u00c0 Montpellier, cette ambigu\u00eft\u00e9 a provoqu\u00e9 une r\u00e9action imm\u00e9diate : insultes, pressions verbales, et une volont\u00e9 manifeste de faire dispara\u00eetre l\u2019embl\u00e8me du cort\u00e8ge. Plusieurs t\u00e9moins rapportent des bousculades et des slogans hostiles lanc\u00e9s \u00e0 l\u2019\u00e9gard des porteurs du drapeau.<\/p>\n\n\n\n<h2 class=\"wp-block-heading\">La pr\u00e9fecture et les forces de l\u2019ordre en alerte<\/h2>\n\n\n\n<p>Selon la pr\u00e9fecture de l\u2019H\u00e9rault, environ 6 000 manifestants \u00e9taient pr\u00e9sents dans les rues de Montpellier. Les forces de l\u2019ordre, d\u00e9j\u00e0 mobilis\u00e9es pour contenir les d\u00e9bordements et disperser les groupes les plus radicaux, ont d\u00fb intervenir \u00e0 plusieurs reprises, notamment par l\u2019usage de gaz lacrymog\u00e8nes et d\u2019un engin lanceur d\u2019eau place de la Com\u00e9die.<\/p>\n\n\n\n<p>Mais l\u2019\u00e9pisode du drapeau a mis en lumi\u00e8re un point de crispation interne au mouvement, ind\u00e9pendant des affrontements habituels avec la police.<\/p>\n\n\n\n<h2 class=\"wp-block-heading\">Un r\u00e9v\u00e9lateur des fractures du mouvement social<\/h2>\n\n\n\n<p>L\u2019incident interroge : pourquoi un symbole national, cens\u00e9 transcender les clivages, provoque-t-il de telles divisions ?<\/p>\n\n\n\n<p>Pour certains militants de gauche, le drapeau fran\u00e7ais serait \u00ab r\u00e9cup\u00e9r\u00e9 \u00bb par des mouvances politiques contraires \u00e0 leurs id\u00e9aux, et son affichage en manifestation cr\u00e9e de la m\u00e9fiance.<\/p>\n\n\n\n<p>\u00c0 l\u2019inverse, une partie des participants estime que le drapeau doit appartenir \u00e0 tout le monde, et qu\u2019il n\u2019y a rien de plus l\u00e9gitime que de le brandir lors d\u2019un mouvement populaire.<\/p>\n\n\n\n<p>Cette sc\u00e8ne illustre ainsi les tensions identitaires et id\u00e9ologiques qui traversent aujourd\u2019hui le paysage contestataire fran\u00e7ais.<\/p>\n\n\n\n<h2 class=\"wp-block-heading\">Une bataille de symboles<\/h2>\n\n\n\n<p>Dans un contexte o\u00f9 chaque mobilisation se joue aussi sur le terrain m\u00e9diatique et symbolique, l\u2019image de manifestants fran\u00e7ais se disputant autour de leur propre drapeau est forte. Elle r\u00e9v\u00e8le que la rue ne se contente plus de contester le pouvoir : elle d\u00e9bat aussi de ce qu\u2019est \u00eatre Fran\u00e7ais, et de qui a le droit de le repr\u00e9senter.<\/p>\n\n\n\n<p><strong>Qu&rsquo;en pensez-vous ?<\/strong><\/p>\n","protected":false},"excerpt":{"rendered":"<p>Au c\u0153ur de la manifestation du mouvement \u00ab Bloquons tout \u00bb ce 10 septembre 2025 \u00e0 Montpellier, une sc\u00e8ne a retenu l\u2019attention et suscit\u00e9 la pol\u00e9mique. Alors que le cort\u00e8ge se d\u00e9ployait dans le centre-ville, un petit groupe de manifestants a choisi d\u2019avancer en arborant un drapeau tricolore. Tr\u00e8s vite, ils ont \u00e9t\u00e9 pris \u00e0 [&hellip;]<\/p>\n","protected":false},"author":2,"featured_media":1318,"comment_status":"open","ping_status":"open","sticky":false,"template":"","format":"standard","meta":{"_seopress_robots_primary_cat":"none","_seopress_titles_title":"","_seopress_titles_desc":"","_seopress_robots_index":"","footnotes":""},"categories":[7],"tags":[],"class_list":{"0":"post-1314","1":"post","2":"type-post","3":"status-publish","4":"format-standard","5":"has-post-thumbnail","7":"category-societe"},"_links":{"self":[{"href":"https:\/\/www.lycee-eca.fr\/actu\/wp-json\/wp\/v2\/posts\/1314","targetHints":{"allow":["GET"]}}],"collection":[{"href":"https:\/\/www.lycee-eca.fr\/actu\/wp-json\/wp\/v2\/posts"}],"about":[{"href":"https:\/\/www.lycee-eca.fr\/actu\/wp-json\/wp\/v2\/types\/post"}],"author":[{"embeddable":true,"href":"https:\/\/www.lycee-eca.fr\/actu\/wp-json\/wp\/v2\/users\/2"}],"replies":[{"embeddable":true,"href":"https:\/\/www.lycee-eca.fr\/actu\/wp-json\/wp\/v2\/comments?post=1314"}],"version-history":[{"count":2,"href":"https:\/\/www.lycee-eca.fr\/actu\/wp-json\/wp\/v2\/posts\/1314\/revisions"}],"predecessor-version":[{"id":1319,"href":"https:\/\/www.lycee-eca.fr\/actu\/wp-json\/wp\/v2\/posts\/1314\/revisions\/1319"}],"wp:featuredmedia":[{"embeddable":true,"href":"https:\/\/www.lycee-eca.fr\/actu\/wp-json\/wp\/v2\/media\/1318"}],"wp:attachment":[{"href":"https:\/\/www.lycee-eca.fr\/actu\/wp-json\/wp\/v2\/media?parent=1314"}],"wp:term":[{"taxonomy":"category","embeddable":true,"href":"https:\/\/www.lycee-eca.fr\/actu\/wp-json\/wp\/v2\/categories?post=1314"},{"taxonomy":"post_tag","embeddable":true,"href":"https:\/\/www.lycee-eca.fr\/actu\/wp-json\/wp\/v2\/tags?post=1314"}],"curies":[{"name":"wp","href":"https:\/\/api.w.org\/{rel}","templated":true}]}}