{"id":1359,"date":"2025-09-17T07:37:00","date_gmt":"2025-09-17T05:37:00","guid":{"rendered":"https:\/\/www.lycee-eca.fr\/actu\/?p=1359"},"modified":"2025-09-16T16:53:44","modified_gmt":"2025-09-16T14:53:44","slug":"airbags-takata-verifiez-si-votre-vehicule-est-concerne-rappel-deux-clics","status":"publish","type":"post","link":"https:\/\/www.lycee-eca.fr\/actu\/airbags-takata-verifiez-si-votre-vehicule-est-concerne-rappel-deux-clics\/","title":{"rendered":"Airbags Takata\u00a0: voici comment v\u00e9rifier si votre v\u00e9hicule est concern\u00e9 par le rappel"},"content":{"rendered":"<p>Des milliers d&rsquo;automobiles circulant sur les routes fran\u00e7aises dissimulent un danger mortel : <strong>des airbags Takata d\u00e9faillants<\/strong> susceptibles d&rsquo;exploser et de projeter des fragments m\u00e9talliques. Face \u00e0 cette menace grandissante, les autorit\u00e9s fran\u00e7aises ont intensifi\u00e9 leurs actions de sensibilisation. <em>Un outil de v\u00e9rification simple<\/em> permet d\u00e9sormais aux conducteurs de d\u00e9couvrir rapidement si leur v\u00e9hicule figure parmi les mod\u00e8les rappel\u00e9s.<\/p>\n<h2>Un scandale automobile aux cons\u00e9quences dramatiques<\/h2>\n<p>L&rsquo;affaire Takata repr\u00e9sente l&rsquo;un des <strong>rappels automobiles les plus importants<\/strong> de l&rsquo;histoire moderne. Entre 1998 et 2019, le fabricant japonais a \u00e9quip\u00e9 des millions de v\u00e9hicules avec ses dispositifs de s\u00e9curit\u00e9. Ces airbags, initialement con\u00e7us pour prot\u00e9ger les occupants, se transforment progressivement en <em>v\u00e9ritables bombes \u00e0 retardement<\/em>.<\/p>\n<p>La d\u00e9gradation chimique de l&rsquo;agent propulseur constitue le c\u0153ur du probl\u00e8me. <strong>L&rsquo;exposition prolong\u00e9e \u00e0 l&rsquo;humidit\u00e9 et \u00e0 la chaleur<\/strong> alt\u00e8re la composition du nitrate d&rsquo;ammonium utilis\u00e9 dans ces dispositifs. Cette d\u00e9t\u00e9rioration provoque des explosions incontr\u00f4l\u00e9es lors du d\u00e9ploiement, transformant l&rsquo;airbag en projectile mortel.<\/p>\n<p>Les statistiques fran\u00e7aises r\u00e9v\u00e8lent l&rsquo;ampleur du drame : <em>18 d\u00e9c\u00e8s et 25 blessures graves<\/em> ont \u00e9t\u00e9 officiellement recens\u00e9s par les autorit\u00e9s. La derni\u00e8re trag\u00e9die, survenue \u00e0 Reims en juin dernier, rappelle cruellement l&rsquo;urgence de la situation. <strong>Les d\u00e9partements d&rsquo;sans compter-mer<\/strong> sont particuli\u00e8rement touch\u00e9s en raison des conditions climatiques tropicales qui acc\u00e9l\u00e8rent la d\u00e9gradation.<\/p>\n<h2>Comment identifier la date de fabrication de votre automobile<\/h2>\n<p>La d\u00e9termination pr\u00e9cise de <strong>l&rsquo;ann\u00e9e et du mois de production<\/strong> s&rsquo;av\u00e8re cruciale pour \u00e9valuer les risques. Plusieurs m\u00e9thodes permettent d&rsquo;obtenir cette information vitale sans recourir imm\u00e9diatement \u00e0 un professionnel.<\/p>\n<p>La carte grise constitue le premier r\u00e9flexe \u00e0 adopter. <em>La date de premi\u00e8re immatriculation<\/em> offre g\u00e9n\u00e9ralement une approximation fiable de la p\u00e9riode de fabrication. D&rsquo;un autre c\u00f4t\u00e9, cette m\u00e9thode pr\u00e9sente certaines limites pour les v\u00e9hicules ayant s\u00e9journ\u00e9 longtemps en stock.<\/p>\n<table border=\"1\" style=\"border-collapse&nbsp;: collapse; width&nbsp;: 100%;\">\n<tr>\n<th>Emplacement<\/th>\n<th>Type d&rsquo;information<\/th>\n<th>Fiabilit\u00e9<\/th>\n<\/tr>\n<tr>\n<td>\u00c9tiquette constructeur (montant de porte)<\/td>\n<td>Mois\/ann\u00e9e pr\u00e9cis<\/td>\n<td>Tr\u00e8s \u00e9lev\u00e9e<\/td>\n<\/tr>\n<tr>\n<td>Plaque sous le capot<\/td>\n<td>Date de production<\/td>\n<td>\u00c9lev\u00e9e<\/td>\n<\/tr>\n<tr>\n<td>\u00c9tiquettes des ceintures<\/td>\n<td>P\u00e9riode approximative<\/td>\n<td>Moyenne<\/td>\n<\/tr>\n<tr>\n<td>Si\u00e8ge passager<\/td>\n<td>Plaque signal\u00e9tique<\/td>\n<td>Variable<\/td>\n<\/tr>\n<\/table>\n<p><strong>L&rsquo;\u00e9tiquette constructeur<\/strong> demeure la source d&rsquo;information la plus pr\u00e9cise. Elle se situe habituellement sur le montant de la porte conducteur ou dans le compartiment moteur. Cette plaque mentionne explicitement le mois et l&rsquo;ann\u00e9e de fabrication.<\/p>\n<h2>Proc\u00e9dure de v\u00e9rification rapide en ligne<\/h2>\n<p>L&rsquo;innovation technologique facilite d\u00e9sormais l&rsquo;identification des v\u00e9hicules concern\u00e9s. <em>Un widget interactif<\/em> d\u00e9velopp\u00e9 sp\u00e9cialement permet une v\u00e9rification instantan\u00e9e en quelques manipulations simples.<\/p>\n<p>Le processus se d\u00e9roule en deux \u00e9tapes fondamentales :<\/p>\n<ol>\n<li><strong>S\u00e9lection de la marque<\/strong> dans la liste propos\u00e9e par l&rsquo;outil<\/li>\n<li><strong>Choix du mod\u00e8le<\/strong> correspondant \u00e0 votre v\u00e9hicule<\/li>\n<\/ol>\n<p>L&rsquo;outil compare automatiquement ces donn\u00e9es avec <em>la base officielle des rappels<\/em> \u00e9tablie par les autorit\u00e9s comp\u00e9tentes. Le r\u00e9sultat s&rsquo;affiche imm\u00e9diatement, indiquant si votre automobile figure parmi les mod\u00e8les potentiellement dangereux.<\/p>\n<p>Seules les marques r\u00e9pertori\u00e9es dans l&rsquo;interface sont susceptibles d&rsquo;\u00eatre affect\u00e9es par ce rappel massif. <strong>L&rsquo;absence de votre marque<\/strong> dans la liste signifie que vos v\u00e9hicules ne sont pas concern\u00e9s par la probl\u00e9matique Takata.<\/p>\n<h2>Actions urgentes en cas de r\u00e9sultat positif<\/h2>\n<p>La d\u00e9tection d&rsquo;un v\u00e9hicule concern\u00e9 d\u00e9clenche une proc\u00e9dure d&rsquo;urgence strictement encadr\u00e9e. <strong>Le remplacement gratuit des airbags<\/strong> repr\u00e9sente la seule solution d\u00e9finitive pour \u00e9liminer le risque mortel.<\/p>\n<p>Les constructeurs automobiles prennent int\u00e9gralement en charge cette intervention, sans aucun co\u00fbt pour le propri\u00e9taire. <em>L&rsquo;immobilisation du v\u00e9hicule<\/em> n&rsquo;exc\u00e8de g\u00e9n\u00e9ralement pas une demi-journ\u00e9e, minimisant les d\u00e9sagr\u00e9ments pour l&rsquo;automobiliste.<\/p>\n<p>Certains mod\u00e8les b\u00e9n\u00e9ficient d&rsquo;une classification <strong>\u00ab\u00a0stop drive\u00a0\u00bb<\/strong> en raison de leur dangerosit\u00e9 extr\u00eame. Ces v\u00e9hicules ne doivent absolument pas circuler jusqu&rsquo;au garage. Les concessionnaires proposent alors des <em>solutions de mobilit\u00e9 alternative<\/em> pour faciliter la prise en charge.<\/p>\n<p>Le minist\u00e8re des Transports insiste sur l&rsquo;importance de ne jamais ignorer un r\u00e9sultat positif. <strong>Chaque jour de retard<\/strong> augmente potentiellement les risques d&rsquo;accident mortel, particuli\u00e8rement dans les r\u00e9gions chaudes et humides o\u00f9 la d\u00e9gradation s&rsquo;acc\u00e9l\u00e8re.<\/p>\n","protected":false},"excerpt":{"rendered":"<p>Des milliers d&rsquo;automobiles circulant sur les routes fran\u00e7aises dissimulent un danger mortel : des airbags Takata d\u00e9faillants susceptibles d&rsquo;exploser et de projeter des fragments m\u00e9talliques. Face \u00e0 cette menace grandissante, les autorit\u00e9s fran\u00e7aises ont intensifi\u00e9 leurs actions de sensibilisation. Un outil de v\u00e9rification simple permet d\u00e9sormais aux conducteurs de d\u00e9couvrir rapidement si leur v\u00e9hicule figure [&hellip;]<\/p>\n","protected":false},"author":2,"featured_media":1393,"comment_status":"open","ping_status":"open","sticky":false,"template":"","format":"standard","meta":{"_seopress_robots_primary_cat":"","_seopress_titles_title":"","_seopress_titles_desc":"","_seopress_robots_index":"","footnotes":""},"categories":[8],"tags":[],"class_list":{"0":"post-1359","1":"post","2":"type-post","3":"status-publish","4":"format-standard","5":"has-post-thumbnail","7":"category-consommation"},"_links":{"self":[{"href":"https:\/\/www.lycee-eca.fr\/actu\/wp-json\/wp\/v2\/posts\/1359","targetHints":{"allow":["GET"]}}],"collection":[{"href":"https:\/\/www.lycee-eca.fr\/actu\/wp-json\/wp\/v2\/posts"}],"about":[{"href":"https:\/\/www.lycee-eca.fr\/actu\/wp-json\/wp\/v2\/types\/post"}],"author":[{"embeddable":true,"href":"https:\/\/www.lycee-eca.fr\/actu\/wp-json\/wp\/v2\/users\/2"}],"replies":[{"embeddable":true,"href":"https:\/\/www.lycee-eca.fr\/actu\/wp-json\/wp\/v2\/comments?post=1359"}],"version-history":[{"count":1,"href":"https:\/\/www.lycee-eca.fr\/actu\/wp-json\/wp\/v2\/posts\/1359\/revisions"}],"predecessor-version":[{"id":1383,"href":"https:\/\/www.lycee-eca.fr\/actu\/wp-json\/wp\/v2\/posts\/1359\/revisions\/1383"}],"wp:featuredmedia":[{"embeddable":true,"href":"https:\/\/www.lycee-eca.fr\/actu\/wp-json\/wp\/v2\/media\/1393"}],"wp:attachment":[{"href":"https:\/\/www.lycee-eca.fr\/actu\/wp-json\/wp\/v2\/media?parent=1359"}],"wp:term":[{"taxonomy":"category","embeddable":true,"href":"https:\/\/www.lycee-eca.fr\/actu\/wp-json\/wp\/v2\/categories?post=1359"},{"taxonomy":"post_tag","embeddable":true,"href":"https:\/\/www.lycee-eca.fr\/actu\/wp-json\/wp\/v2\/tags?post=1359"}],"curies":[{"name":"wp","href":"https:\/\/api.w.org\/{rel}","templated":true}]}}