{"id":1362,"date":"2025-09-17T11:04:00","date_gmt":"2025-09-17T09:04:00","guid":{"rendered":"https:\/\/www.lycee-eca.fr\/actu\/?p=1362"},"modified":"2025-09-16T16:53:44","modified_gmt":"2025-09-16T14:53:44","slug":"2025-vous-etes-considere-comme-pauvre-classe-moyenne-si-vous-gagnez","status":"publish","type":"post","link":"https:\/\/www.lycee-eca.fr\/actu\/2025-vous-etes-considere-comme-pauvre-classe-moyenne-si-vous-gagnez\/","title":{"rendered":"En 2025, on est consid\u00e9r\u00e9 comme pauvre ou classe moyenne si l\u2019on gagne\u2026"},"content":{"rendered":"<p>La question des revenus et de la stratification sociale fran\u00e7aise suscite un int\u00e9r\u00eat croissant. Les crit\u00e8res d\u00e9finissant les diff\u00e9rentes cat\u00e9gories socio-\u00e9conomiques \u00e9voluent constamment, refl\u00e9tant les transformations de notre soci\u00e9t\u00e9. Comprendre o\u00f9 se situer dans cette hi\u00e9rarchie permet d&rsquo;appr\u00e9hender les in\u00e9galit\u00e9s contemporaines et d&rsquo;anticiper l&rsquo;\u00e9volution des politiques publiques, notamment concernant <a href=\"https:\/\/www.lycee-eca.fr\/actu\/pensions-de-reversion-voici-les-gros-changements-prevus-les-grands-perdants-et-gagnants-de-la-reforme\/\">les pensions de r\u00e9version et leurs r\u00e9formes<\/a>.<\/p>\n<h2>Les diff\u00e9rentes d\u00e9finitions de la classe moyenne fran\u00e7aise<\/h2>\n<p>L&rsquo;<strong>Observatoire des in\u00e9galit\u00e9s<\/strong> propose une approche structur\u00e9e en d\u00e9finissant la <em>classe moyenne<\/em> comme la population situ\u00e9e entre les 30% les plus modestes et les 20% les plus fortun\u00e9s. Cette d\u00e9finition exclut donc les extr\u00eames de la soci\u00e9t\u00e9 fran\u00e7aise pour se concentrer sur la moiti\u00e9 m\u00e9diane de la population.<\/p>\n<p>D&rsquo;autres organismes internationaux adoptent des m\u00e9thodologies distinctes. L&rsquo;<strong>OCDE<\/strong> consid\u00e8re comme <em>classe moyenne<\/em> les individus percevant entre 75% et 200% du revenu m\u00e9dian national. Le <em>Pew Research Center<\/em> am\u00e9ricain utilise une fourchette l\u00e9g\u00e8rement diff\u00e9rente, oscillant entre 66% et 200% de ce m\u00eame revenu m\u00e9dian.<\/p>\n<p>Cette diversit\u00e9 m\u00e9thodologique explique pourquoi la notion de <strong>classe moyenne<\/strong> demeure parfois ambigu\u00eb dans les d\u00e9bats publics. Chaque approche r\u00e9v\u00e8le n\u00e9anmoins une constante : la majorit\u00e9 des Fran\u00e7ais appartient \u00e0 cette cat\u00e9gorie interm\u00e9diaire, ni pauvre ni riche.<\/p>\n<table>\n<tr>\n<th>Cat\u00e9gorie sociale<\/th>\n<th>Revenus mensuels nets<\/th>\n<th>Pourcentage population<\/th>\n<\/tr>\n<tr>\n<td>Classes populaires<\/td>\n<td>Moins de 1 608 \u20ac<\/td>\n<td>30%<\/td>\n<\/tr>\n<tr>\n<td>Classes moyennes<\/td>\n<td>1 608 \u20ac \u00e0 2 941 \u20ac<\/td>\n<td>50%<\/td>\n<\/tr>\n<tr>\n<td>Classes ais\u00e9es<\/td>\n<td>2 941 \u20ac \u00e0 4 056 \u20ac<\/td>\n<td>13%<\/td>\n<\/tr>\n<tr>\n<td>Classes riches<\/td>\n<td>Plus de 4 056 \u20ac<\/td>\n<td>7%<\/td>\n<\/tr>\n<\/table>\n<h2>Seuils de pauvret\u00e9 et revenus modestes actuels<\/h2>\n<p>Le <strong>seuil de pauvret\u00e9<\/strong> fran\u00e7ais, calcul\u00e9 par l&rsquo;Insee selon les standards europ\u00e9ens, correspond \u00e0 60% du niveau de vie m\u00e9dian. En 2025, ce seuil s&rsquo;\u00e9tablit pr\u00e9cis\u00e9ment \u00e0 <em>1 288 euros mensuels nets<\/em> pour une personne seule, apr\u00e8s d\u00e9duction des imp\u00f4ts et ajout des prestations sociales.<\/p>\n<p>Les <strong>classes populaires<\/strong>, regroupant les 30% de Fran\u00e7ais aux revenus les plus modestes, disposent de moins de 1 608 euros par mois. Cette cat\u00e9gorie englobe les travailleurs pr\u00e9caires, les retrait\u00e9s aux pensions faibles et les b\u00e9n\u00e9ficiaires de minima sociaux.<\/p>\n<p>Entre pauvret\u00e9 et classe moyenne s&rsquo;\u00e9tend une zone grise o\u00f9 \u00e9voluent les <em>revenus modestes<\/em>. Ces populations, bien qu&rsquo;\u00e9chappant \u00e0 la pauvret\u00e9 statistique, peinent souvent \u00e0 acc\u00e9der \u00e0 certains biens et services consid\u00e9r\u00e9s comme essentiels dans notre soci\u00e9t\u00e9 contemporaine.<\/p>\n<h2>Revenus \u00e9lev\u00e9s et d\u00e9finition de la richesse<\/h2>\n<p>La <strong>richesse<\/strong> d\u00e9bute statistiquement au double du niveau de vie m\u00e9dian fran\u00e7ais, soit <em>4 056 euros nets mensuels<\/em> pour une personne c\u00e9libataire. Ce montant a progress\u00e9 de 196 euros par rapport aux donn\u00e9es ant\u00e9rieures, t\u00e9moignant de l&rsquo;\u00e9volution g\u00e9n\u00e9rale des revenus fran\u00e7ais.<\/p>\n<p>Pour les familles, ces seuils varient consid\u00e9rablement selon la composition du foyer :<\/p>\n<ul>\n<li>Famille monoparentale avec un enfant de moins de 14 ans : 5 272 euros<\/li>\n<li>Couple sans enfant : 6 084 euros<\/li>\n<li>Couple avec deux enfants de plus de 14 ans : 10 138 euros<\/li>\n<\/ul>\n<p>Seuls <strong>7% des Fran\u00e7ais<\/strong> d\u00e9passent ce seuil de richesse, repr\u00e9sentant environ 4,7 millions de personnes. Cette proportion relativement faible illustre la concentration des revenus \u00e9lev\u00e9s dans notre soci\u00e9t\u00e9.<\/p>\n<p>Les <strong>tr\u00e8s hauts revenus<\/strong> atteignent des niveaux impressionnants : une personne seule doit percevoir au moins 7 512 euros nets mensuels pour int\u00e9grer le <em>1% le plus fortun\u00e9<\/em>. Les 0,1% les plus riches franchissent m\u00eame la barre des 19 514 euros mensuels, d\u00e9montrant l&rsquo;ampleur des in\u00e9galit\u00e9s au sommet de la hi\u00e9rarchie sociale fran\u00e7aise.<\/p>\n","protected":false},"excerpt":{"rendered":"<p>La question des revenus et de la stratification sociale fran\u00e7aise suscite un int\u00e9r\u00eat croissant. Les crit\u00e8res d\u00e9finissant les diff\u00e9rentes cat\u00e9gories socio-\u00e9conomiques \u00e9voluent constamment, refl\u00e9tant les transformations de notre soci\u00e9t\u00e9. Comprendre o\u00f9 se situer dans cette hi\u00e9rarchie permet d&rsquo;appr\u00e9hender les in\u00e9galit\u00e9s contemporaines et d&rsquo;anticiper l&rsquo;\u00e9volution des politiques publiques, notamment concernant les pensions de r\u00e9version et leurs [&hellip;]<\/p>\n","protected":false},"author":2,"featured_media":1391,"comment_status":"open","ping_status":"open","sticky":false,"template":"","format":"standard","meta":{"_seopress_robots_primary_cat":"","_seopress_titles_title":"","_seopress_titles_desc":"","_seopress_robots_index":"","footnotes":""},"categories":[7],"tags":[],"class_list":{"0":"post-1362","1":"post","2":"type-post","3":"status-publish","4":"format-standard","5":"has-post-thumbnail","7":"category-societe"},"_links":{"self":[{"href":"https:\/\/www.lycee-eca.fr\/actu\/wp-json\/wp\/v2\/posts\/1362","targetHints":{"allow":["GET"]}}],"collection":[{"href":"https:\/\/www.lycee-eca.fr\/actu\/wp-json\/wp\/v2\/posts"}],"about":[{"href":"https:\/\/www.lycee-eca.fr\/actu\/wp-json\/wp\/v2\/types\/post"}],"author":[{"embeddable":true,"href":"https:\/\/www.lycee-eca.fr\/actu\/wp-json\/wp\/v2\/users\/2"}],"replies":[{"embeddable":true,"href":"https:\/\/www.lycee-eca.fr\/actu\/wp-json\/wp\/v2\/comments?post=1362"}],"version-history":[{"count":1,"href":"https:\/\/www.lycee-eca.fr\/actu\/wp-json\/wp\/v2\/posts\/1362\/revisions"}],"predecessor-version":[{"id":1381,"href":"https:\/\/www.lycee-eca.fr\/actu\/wp-json\/wp\/v2\/posts\/1362\/revisions\/1381"}],"wp:featuredmedia":[{"embeddable":true,"href":"https:\/\/www.lycee-eca.fr\/actu\/wp-json\/wp\/v2\/media\/1391"}],"wp:attachment":[{"href":"https:\/\/www.lycee-eca.fr\/actu\/wp-json\/wp\/v2\/media?parent=1362"}],"wp:term":[{"taxonomy":"category","embeddable":true,"href":"https:\/\/www.lycee-eca.fr\/actu\/wp-json\/wp\/v2\/categories?post=1362"},{"taxonomy":"post_tag","embeddable":true,"href":"https:\/\/www.lycee-eca.fr\/actu\/wp-json\/wp\/v2\/tags?post=1362"}],"curies":[{"name":"wp","href":"https:\/\/api.w.org\/{rel}","templated":true}]}}