{"id":1364,"date":"2025-09-17T10:36:00","date_gmt":"2025-09-17T08:36:00","guid":{"rendered":"https:\/\/www.lycee-eca.fr\/actu\/?p=1364"},"modified":"2025-09-16T16:53:44","modified_gmt":"2025-09-16T14:53:44","slug":"caisses-retraite-annoncent-versement-pensions-septembre-voici-date-virements","status":"publish","type":"post","link":"https:\/\/www.lycee-eca.fr\/actu\/caisses-retraite-annoncent-versement-pensions-septembre-voici-date-virements\/","title":{"rendered":"Les caisses de retraite confirment le versement des pensions de septembre : voici la date pr\u00e9vue des virements"},"content":{"rendered":"<p>Chaque mois de septembre, <strong>17 millions de retrait\u00e9s fran\u00e7ais<\/strong> scrutent leur compte bancaire dans l&rsquo;attente de leur pension. Cette somme mensuelle repr\u00e9sente souvent leur principale source de revenus, rendant crucial le respect des dates de versement annonc\u00e9es par les diff\u00e9rents organismes.<\/p>\n<h2>Calendrier des virements : un syst\u00e8me complexe selon les caisses<\/h2>\n<p>Le syst\u00e8me de retraite fran\u00e7ais fonctionne selon <em>plusieurs r\u00e9gimes distincts<\/em>, chacun ayant ses propres r\u00e8gles de versement. Cette organisation explique pourquoi les pensions n&rsquo;arrivent pas simultan\u00e9ment sur tous les comptes bancaires du pays.<\/p>\n<p><strong>Les modalit\u00e9s de paiement<\/strong> varient \u00e9galement en fonction des jours f\u00e9ri\u00e9s et des week-ends. Les organismes de retraite adaptent leurs calendriers pour \u00e9viter d&rsquo;effectuer des virements pendant ces p\u00e9riodes de fermeture administrative. Ainsi, lorsqu&rsquo;une date de versement tombe un samedi, le virement s&rsquo;effectue le vendredi pr\u00e9c\u00e9dent. \u00c0 l&rsquo;inverse, si elle correspond \u00e0 un dimanche, l&rsquo;op\u00e9ration se d\u00e9cale au lundi suivant.<\/p>\n<p>Cette flexibilit\u00e9 dans les dates peut surprendre certains b\u00e9n\u00e9ficiaires qui voient parfois leur pension arriver plus t\u00f4t ou plus tard que pr\u00e9vu. Cette variabilit\u00e9 temporelle s&rsquo;explique par <em>la n\u00e9cessit\u00e9 op\u00e9rationnelle<\/em> des caisses de maintenir un service efficace tout en respectant les contraintes administratives.<\/p>\n<table style=\"border-collapse&nbsp;: collapse; width&nbsp;: 100%; margin&nbsp;: 20px 0;\">\n<thead>\n<tr style=\"background-color&nbsp;: #f5f5f5;\">\n<th style=\"border&nbsp;: 1px solid #ddd; padding&nbsp;: 8px;\">Organisme<\/th>\n<th style=\"border&nbsp;: 1px solid #ddd; padding&nbsp;: 8px;\">Date de versement<\/th>\n<th style=\"border&nbsp;: 1px solid #ddd; padding&nbsp;: 8px;\">Nombre de b\u00e9n\u00e9ficiaires<\/th>\n<\/tr>\n<\/thead>\n<tbody>\n<tr>\n<td style=\"border&nbsp;: 1px solid #ddd; padding&nbsp;: 8px;\">Agirc-Arrco<\/td>\n<td style=\"border&nbsp;: 1px solid #ddd; padding&nbsp;: 8px;\">1er septembre 2025<\/td>\n<td style=\"border&nbsp;: 1px solid #ddd; padding&nbsp;: 8px;\">14 millions<\/td>\n<\/tr>\n<tr>\n<td style=\"border&nbsp;: 1px solid #ddd; padding&nbsp;: 8px;\">CNAV<\/td>\n<td style=\"border&nbsp;: 1px solid #ddd; padding&nbsp;: 8px;\">9 septembre 2025<\/td>\n<td style=\"border&nbsp;: 1px solid #ddd; padding&nbsp;: 8px;\">17 millions<\/td>\n<\/tr>\n<tr>\n<td style=\"border&nbsp;: 1px solid #ddd; padding&nbsp;: 8px;\">CNRACL<\/td>\n<td style=\"border&nbsp;: 1px solid #ddd; padding&nbsp;: 8px;\">26 septembre 2025<\/td>\n<td style=\"border&nbsp;: 1px solid #ddd; padding&nbsp;: 8px;\">2,5 millions<\/td>\n<\/tr>\n<\/tbody>\n<\/table>\n<h2>Secteur priv\u00e9 : les premiers b\u00e9n\u00e9ficiaires de septembre<\/h2>\n<p><strong>L&rsquo;Agirc-Arrco ouvre traditionnellement<\/strong> le bal des versements mensuels. Cette caisse compl\u00e9mentaire, qui g\u00e8re les pensions de tous les anciens salari\u00e9s du secteur priv\u00e9, effectuera ses virements d\u00e8s le lundi 1er septembre 2025. Ses 14 millions de b\u00e9n\u00e9ficiaires recevront donc leur pension selon le calendrier habituel.<\/p>\n<p>La <em>Caisse nationale d&rsquo;assurance-vieillesse<\/em> (CNAV), \u00e9galement appel\u00e9e Assurance retraite, suit avec ses propres d\u00e9lais. Cette institution distribue les pensions de base \u00e0 plus de 17 millions de retrait\u00e9s fran\u00e7ais. Fid\u00e8le \u00e0 ses habitudes, elle programmera les virements pour le mardi 9 septembre 2025, respectant sa date mensuelle du 9.<\/p>\n<p>Les affili\u00e9s de la <strong>Carsat Alsace-Moselle<\/strong> b\u00e9n\u00e9ficient d&rsquo;un traitement particulier. Leur pension arrivera \u00e9galement le 1er septembre, simultan\u00e9ment aux b\u00e9n\u00e9ficiaires de l&rsquo;Agirc-Arrco. Cette synchronisation facilite la gestion budg\u00e9taire des retrait\u00e9s concern\u00e9s par ce r\u00e9gime sp\u00e9cifique.<\/p>\n<h2>Fonction publique : des versements en fin de mois<\/h2>\n<p>Les retrait\u00e9s de la fonction publique suivent <em>un calendrier distinct<\/em>, avec des versements concentr\u00e9s en fin de mois plut\u00f4t qu&rsquo;au d\u00e9but. Cette organisation refl\u00e8te les sp\u00e9cificit\u00e9s administratives du secteur public.<\/p>\n<p><strong>La CNRACL<\/strong>, qui g\u00e8re les pensions des fonctionnaires territoriaux et hospitaliers, effectuera ses virements le vendredi 26 septembre 2025. Cette date permet aux 2,5 millions de b\u00e9n\u00e9ficiaires de recevoir leur pension avant la fin du mois.<\/p>\n<p>Les retrait\u00e9s de l&rsquo;\u00c9tat devront patienter jusqu&rsquo;au lundi 29 septembre 2025 pour percevoir leur pension. Cette programmation tardive s&rsquo;explique par <em>les proc\u00e9dures administratives sp\u00e9cifiques<\/em> de la fonction publique d&rsquo;\u00c9tat, plus complexes \u00e0 traiter.<\/p>\n<p>Il convient de rappeler que ces transformations du syst\u00e8me de retraite s&rsquo;inscrivent dans un contexte plus large, notamment avec les \u00e9volutions pr\u00e9vues concernant <a href=\"https:\/\/www.lycee-eca.fr\/actu\/pensions-de-reversion-voici-les-gros-changements-prevus-les-grands-perdants-et-gagnants-de-la-reforme\/\">les pensions de r\u00e9version et leurs futurs changements<\/a>.<\/p>\n<h2>D\u00e9lais bancaires : de l&rsquo;\u00e9mission au cr\u00e9dit effectif<\/h2>\n<p>Les dates annonc\u00e9es correspondent au moment o\u00f9 <strong>les caisses \u00e9mettent leurs virements<\/strong>, mais l&rsquo;apparition effective sur le compte bancaire peut n\u00e9cessiter un d\u00e9lai suppl\u00e9mentaire. Cette diff\u00e9rence temporelle d\u00e9pend enti\u00e8rement de l&rsquo;\u00e9tablissement bancaire du b\u00e9n\u00e9ficiaire.<\/p>\n<p>Certaines banques traitent ces op\u00e9rations dans la journ\u00e9e m\u00eame, permettant aux retrait\u00e9s de disposer imm\u00e9diatement de leurs fonds. D&rsquo;autres institutions financi\u00e8res appliquent <em>des d\u00e9lais de traitement<\/em> pouvant s&rsquo;\u00e9tendre sur plusieurs jours ouvrables.<\/p>\n<p>Cette variabilit\u00e9 dans les d\u00e9lais bancaires explique pourquoi deux retrait\u00e9s affili\u00e9s \u00e0 la m\u00eame caisse peuvent voir leur pension appara\u00eetre \u00e0 des moments diff\u00e9rents sur leurs comptes respectifs.<\/p>\n","protected":false},"excerpt":{"rendered":"<p>Chaque mois de septembre, 17 millions de retrait\u00e9s fran\u00e7ais scrutent leur compte bancaire dans l&rsquo;attente de leur pension. Cette somme mensuelle repr\u00e9sente souvent leur principale source de revenus, rendant crucial le respect des dates de versement annonc\u00e9es par les diff\u00e9rents organismes. Calendrier des virements : un syst\u00e8me complexe selon les caisses Le syst\u00e8me de retraite [&hellip;]<\/p>\n","protected":false},"author":2,"featured_media":1390,"comment_status":"open","ping_status":"open","sticky":false,"template":"","format":"standard","meta":{"_seopress_robots_primary_cat":"","_seopress_titles_title":"","_seopress_titles_desc":"","_seopress_robots_index":"","footnotes":""},"categories":[7],"tags":[],"class_list":{"0":"post-1364","1":"post","2":"type-post","3":"status-publish","4":"format-standard","5":"has-post-thumbnail","7":"category-societe"},"_links":{"self":[{"href":"https:\/\/www.lycee-eca.fr\/actu\/wp-json\/wp\/v2\/posts\/1364","targetHints":{"allow":["GET"]}}],"collection":[{"href":"https:\/\/www.lycee-eca.fr\/actu\/wp-json\/wp\/v2\/posts"}],"about":[{"href":"https:\/\/www.lycee-eca.fr\/actu\/wp-json\/wp\/v2\/types\/post"}],"author":[{"embeddable":true,"href":"https:\/\/www.lycee-eca.fr\/actu\/wp-json\/wp\/v2\/users\/2"}],"replies":[{"embeddable":true,"href":"https:\/\/www.lycee-eca.fr\/actu\/wp-json\/wp\/v2\/comments?post=1364"}],"version-history":[{"count":1,"href":"https:\/\/www.lycee-eca.fr\/actu\/wp-json\/wp\/v2\/posts\/1364\/revisions"}],"predecessor-version":[{"id":1380,"href":"https:\/\/www.lycee-eca.fr\/actu\/wp-json\/wp\/v2\/posts\/1364\/revisions\/1380"}],"wp:featuredmedia":[{"embeddable":true,"href":"https:\/\/www.lycee-eca.fr\/actu\/wp-json\/wp\/v2\/media\/1390"}],"wp:attachment":[{"href":"https:\/\/www.lycee-eca.fr\/actu\/wp-json\/wp\/v2\/media?parent=1364"}],"wp:term":[{"taxonomy":"category","embeddable":true,"href":"https:\/\/www.lycee-eca.fr\/actu\/wp-json\/wp\/v2\/categories?post=1364"},{"taxonomy":"post_tag","embeddable":true,"href":"https:\/\/www.lycee-eca.fr\/actu\/wp-json\/wp\/v2\/tags?post=1364"}],"curies":[{"name":"wp","href":"https:\/\/api.w.org\/{rel}","templated":true}]}}