{"id":1366,"date":"2025-09-16T17:33:14","date_gmt":"2025-09-16T15:33:14","guid":{"rendered":"https:\/\/www.lycee-eca.fr\/actu\/?p=1366"},"modified":"2025-09-16T17:33:15","modified_gmt":"2025-09-16T15:33:15","slug":"nombre-morts-va-senvoler-region-francaise-dici-quelques-annees","status":"publish","type":"post","link":"https:\/\/www.lycee-eca.fr\/actu\/nombre-morts-va-senvoler-region-francaise-dici-quelques-annees\/","title":{"rendered":"Le nombre de morts va exploser dans cette r\u00e9gion fran\u00e7aise au cours des prochaines ann\u00e9es"},"content":{"rendered":"<p>Le territoire fran\u00e7ais s&rsquo;appr\u00eate \u00e0 traverser une transformation d\u00e9mographique majeure. <strong>Une zone g\u00e9ographique sp\u00e9cifique<\/strong> concentre aujourd&rsquo;hui les inqui\u00e9tudes des sp\u00e9cialistes : cette r\u00e9gion du centre de l&rsquo;Hexagone pourrait voir ses taux de mortalit\u00e9 exploser dans les prochaines d\u00e9cennies.<\/p>\n<h2>La diagonale du vide face au d\u00e9fi d\u00e9mographique<\/h2>\n<p>Cette bande territoriale, surnomm\u00e9e <em>la diagonale du vide<\/em>, s&rsquo;\u00e9tend des Vosges jusqu&rsquo;au bassin toulousain. Elle englobe notamment <strong>le Massif central et le Limousin<\/strong>, cr\u00e9ant une zone pr\u00e9occupante au c\u0153ur de quatre r\u00e9gions fran\u00e7aises.<\/p>\n<p>L&rsquo;Observatoire des territoires a r\u00e9cemment cartographi\u00e9 ce ph\u00e9nom\u00e8ne alarmant. <strong>Le d\u00e9partement de la Ni\u00e8vre<\/strong> illustre parfaitement cette tendance, avec une portion importante de son territoire affichant d\u00e9j\u00e0 des statistiques sup\u00e9rieures aux moyennes nationales. Ces territoires montagneux et ruraux subissent un exode massif de leurs jeunes populations.<\/p>\n<p>L&rsquo;<em>indice de jeunesse<\/em> r\u00e9v\u00e8le l&rsquo;ampleur du probl\u00e8me. Cet indicateur, qui mesure le rapport entre les moins de 20 ans et les plus de 60 ans, s&rsquo;est litt\u00e9ralement effondr\u00e9 en cinquante ans. Les m\u00e9tropoles attirent inexorablement la jeunesse, abandonnant ces r\u00e9gions \u00e0 un vieillissement acc\u00e9l\u00e9r\u00e9.<\/p>\n<table border=\"1\">\n<tr>\n<th>R\u00e9gion<\/th>\n<th>Indice de jeunesse 1970<\/th>\n<th>Indice de jeunesse 2020<\/th>\n<\/tr>\n<tr>\n<td>Limousin<\/td>\n<td>1,8<\/td>\n<td>0,6<\/td>\n<\/tr>\n<tr>\n<td>Ni\u00e8vre<\/td>\n<td>1,5<\/td>\n<td>0,5<\/td>\n<\/tr>\n<tr>\n<td>Massif central<\/td>\n<td>1,6<\/td>\n<td>0,7<\/td>\n<\/tr>\n<\/table>\n<h2>Vieillissement national et cons\u00e9quences sanitaires<\/h2>\n<p>Contrairement aux id\u00e9es re\u00e7ues, ce ph\u00e9nom\u00e8ne ne se limite pas aux campagnes. M\u00eame Paris conna\u00eet un vieillissement progressif de sa population. <strong>Les plus de 65 ans<\/strong> repr\u00e9sentent actuellement un cinqui\u00e8me des Fran\u00e7ais, mais cette proportion devrait atteindre un tiers d&rsquo;ici 2050.<\/p>\n<p>Les r\u00e9percussions s&rsquo;annoncent multiples et consid\u00e9rables. L&rsquo;augmentation des d\u00e9c\u00e8s s&rsquo;accompagnera d&rsquo;une explosion des besoins en services de sant\u00e9 et d&rsquo;aide \u00e0 domicile. <strong>La pression sur les syst\u00e8mes de retraite<\/strong> s&rsquo;intensifiera, tandis que l&rsquo;isolement des personnes \u00e2g\u00e9es constituera un d\u00e9fi social majeur.<\/p>\n<p>Selon la Drees, <em>les d\u00e9penses li\u00e9es \u00e0 l&rsquo;autonomie<\/em> doubleront entre 2017 et 2060. Cette projection inqui\u00e9tante n\u00e9cessite une anticipation imm\u00e9diate des pouvoirs publics pour \u00e9viter une crise sanitaire et sociale sans pr\u00e9c\u00e9dent.<\/p>\n<h2>Strat\u00e9gies d&rsquo;adaptation territoriale<\/h2>\n<p>Face \u00e0 cette r\u00e9alit\u00e9 d\u00e9mographique, <strong>le Haut-commissariat au Plan<\/strong> propose des mesures concr\u00e8tes d&rsquo;adaptation. Le d\u00e9veloppement d&rsquo;une silver \u00e9conomie appara\u00eet prioritaire, avec la cr\u00e9ation de services sp\u00e9cialis\u00e9s pour les seniors.<\/p>\n<p>Ces nouvelles activit\u00e9s \u00e9conomiques pourraient inclure :<\/p>\n<ul>\n<li>Technologies d&rsquo;assistance pour le maintien \u00e0 domicile<\/li>\n<li>Transports adapt\u00e9s aux personnes \u00e0 mobilit\u00e9 r\u00e9duite<\/li>\n<li>Loisirs et activit\u00e9s d\u00e9di\u00e9s au troisi\u00e8me \u00e2ge<\/li>\n<li>Services de soins et d&rsquo;accompagnement personnalis\u00e9s<\/li>\n<\/ul>\n<p>L&rsquo;immigration pourrait \u00e9galement jouer un r\u00f4le, bien que son impact reste limit\u00e9 sur le long terme. <em>L&rsquo;Unccas<\/em>, association repr\u00e9sentant les \u00e9lus communaux, pr\u00e9conise une approche globale impliquant l&rsquo;\u00c9tat et les collectivit\u00e9s territoriales.<\/p>\n<p>Cette transformation d\u00e9mographique impose de repenser fondamentalement notre mod\u00e8le de soci\u00e9t\u00e9. Les politiques sectorielles devront s&rsquo;adapter \u00e0 cette nouvelle donne : logement, emploi, mobilit\u00e9, soins et loisirs n\u00e9cessitent une refonte compl\u00e8te pour accompagner cette \u00e9volution in\u00e9luctable du territoire fran\u00e7ais.<\/p>\n","protected":false},"excerpt":{"rendered":"<p>Le territoire fran\u00e7ais s&rsquo;appr\u00eate \u00e0 traverser une transformation d\u00e9mographique majeure. Une zone g\u00e9ographique sp\u00e9cifique concentre aujourd&rsquo;hui les inqui\u00e9tudes des sp\u00e9cialistes : cette r\u00e9gion du centre de l&rsquo;Hexagone pourrait voir ses taux de mortalit\u00e9 exploser dans les prochaines d\u00e9cennies. La diagonale du vide face au d\u00e9fi d\u00e9mographique Cette bande territoriale, surnomm\u00e9e la diagonale du vide, s&rsquo;\u00e9tend [&hellip;]<\/p>\n","protected":false},"author":2,"featured_media":1374,"comment_status":"open","ping_status":"open","sticky":false,"template":"","format":"standard","meta":{"_seopress_robots_primary_cat":"none","_seopress_titles_title":"","_seopress_titles_desc":"","_seopress_robots_index":"","footnotes":""},"categories":[7],"tags":[],"class_list":{"0":"post-1366","1":"post","2":"type-post","3":"status-publish","4":"format-standard","5":"has-post-thumbnail","7":"category-societe"},"_links":{"self":[{"href":"https:\/\/www.lycee-eca.fr\/actu\/wp-json\/wp\/v2\/posts\/1366","targetHints":{"allow":["GET"]}}],"collection":[{"href":"https:\/\/www.lycee-eca.fr\/actu\/wp-json\/wp\/v2\/posts"}],"about":[{"href":"https:\/\/www.lycee-eca.fr\/actu\/wp-json\/wp\/v2\/types\/post"}],"author":[{"embeddable":true,"href":"https:\/\/www.lycee-eca.fr\/actu\/wp-json\/wp\/v2\/users\/2"}],"replies":[{"embeddable":true,"href":"https:\/\/www.lycee-eca.fr\/actu\/wp-json\/wp\/v2\/comments?post=1366"}],"version-history":[{"count":1,"href":"https:\/\/www.lycee-eca.fr\/actu\/wp-json\/wp\/v2\/posts\/1366\/revisions"}],"predecessor-version":[{"id":1375,"href":"https:\/\/www.lycee-eca.fr\/actu\/wp-json\/wp\/v2\/posts\/1366\/revisions\/1375"}],"wp:featuredmedia":[{"embeddable":true,"href":"https:\/\/www.lycee-eca.fr\/actu\/wp-json\/wp\/v2\/media\/1374"}],"wp:attachment":[{"href":"https:\/\/www.lycee-eca.fr\/actu\/wp-json\/wp\/v2\/media?parent=1366"}],"wp:term":[{"taxonomy":"category","embeddable":true,"href":"https:\/\/www.lycee-eca.fr\/actu\/wp-json\/wp\/v2\/categories?post=1366"},{"taxonomy":"post_tag","embeddable":true,"href":"https:\/\/www.lycee-eca.fr\/actu\/wp-json\/wp\/v2\/tags?post=1366"}],"curies":[{"name":"wp","href":"https:\/\/api.w.org\/{rel}","templated":true}]}}