{"id":1484,"date":"2025-09-24T07:13:00","date_gmt":"2025-09-24T05:13:00","guid":{"rendered":"https:\/\/www.lycee-eca.fr\/actu\/?p=1484"},"modified":"2025-09-23T23:31:13","modified_gmt":"2025-09-23T21:31:13","slug":"cest-confirme-gouvernement-il-ne-sera-desormais-plus-possible-davoir-cheque-energie-au-dela-somme-2025","status":"publish","type":"post","link":"https:\/\/www.lycee-eca.fr\/actu\/cest-confirme-gouvernement-il-ne-sera-desormais-plus-possible-davoir-cheque-energie-au-dela-somme-2025\/","title":{"rendered":"C\u2019est confirm\u00e9 : des milliers de foyers perdent le ch\u00e8que \u00e9nergie d\u00e8s 2025 \u00e0 cause de ce plafond"},"content":{"rendered":"<p>La <strong>limite financi\u00e8re<\/strong> pour obtenir le ch\u00e8que \u00e9nergie vient d&rsquo;\u00eatre officialis\u00e9e par l&rsquo;administration fran\u00e7aise. Cette aide pr\u00e9cieuse destin\u00e9e aux m\u00e9nages modestes subira des ajustements significatifs qui modifieront les conditions d&rsquo;acc\u00e8s en 2025. Les familles concern\u00e9es doivent imp\u00e9rativement <em>v\u00e9rifier leur \u00e9ligibilit\u00e9<\/em> avant la campagne de distribution printani\u00e8re.<\/p>\n<h2>Le plafond de ressources fix\u00e9 \u00e0 11 000 euros : une barri\u00e8re stricte<\/h2>\n<p>L&rsquo;\u00c9tat a confirm\u00e9 que <strong>le seuil d&rsquo;\u00e9ligibilit\u00e9<\/strong> reste \u00e9tabli \u00e0 11 000 euros de revenu fiscal de r\u00e9f\u00e9rence par unit\u00e9 de consommation. Cette mesure gouvernementale vise sp\u00e9cifiquement les foyers dont les ressources limit\u00e9es compliquent le r\u00e8glement des factures \u00e9nerg\u00e9tiques. <em>Aucun d\u00e9passement<\/em> de ce montant ne permettra d&rsquo;acc\u00e9der au dispositif, m\u00eame marginalement.<\/p>\n<p>Ce calcul s&rsquo;effectue automatiquement par croisement des donn\u00e9es fiscales avec les informations relatives au logement principal. Le <strong>num\u00e9ro de point de livraison \u00e9lectrique<\/strong> sert de r\u00e9f\u00e9rence pour identifier pr\u00e9cis\u00e9ment chaque habitation. Cette proc\u00e9dure d\u00e9mat\u00e9rialis\u00e9e \u00e9vite toute d\u00e9marche administrative complexe aux b\u00e9n\u00e9ficiaires potentiels.<\/p>\n<p>Les situations familiales particuli\u00e8res b\u00e9n\u00e9ficient d&rsquo;ajustements sp\u00e9cifiques dans le d\u00e9compte des unit\u00e9s de consommation. La <strong>garde altern\u00e9e des enfants<\/strong> divise par deux leur coefficient habituel, tandis qu&rsquo;un bonus de 0,1 unit\u00e9 r\u00e9compense les <em>foyers monoparentaux<\/em> ayant plusieurs enfants en r\u00e9sidence partag\u00e9e. Ces subtilit\u00e9s peuvent d\u00e9terminer l&rsquo;acc\u00e8s final \u00e0 l&rsquo;aide \u00e9nerg\u00e9tique.<\/p>\n<h2>Calcul des unit\u00e9s de consommation : comprendre la m\u00e9thode officielle<\/h2>\n<p>La composition du m\u00e9nage influence directement le montant accord\u00e9 selon un bar\u00e8me pr\u00e9cis. <strong>Le premier occupant<\/strong> compte pour une unit\u00e9 compl\u00e8te, le second pour 0,5 unit\u00e9, puis chaque membre suppl\u00e9mentaire repr\u00e9sente 0,3 unit\u00e9. Cette r\u00e9partition \u00e9quitable tient compte des \u00e9conomies d&rsquo;\u00e9chelle r\u00e9alis\u00e9es dans un foyer partag\u00e9.<\/p>\n<p>Un couple avec deux enfants totalisera donc 2,1 unit\u00e9s de consommation (1 + 0,5 + 0,3 + 0,3). Ce syst\u00e8me transparent permet d&rsquo;anticiper pr\u00e9cis\u00e9ment son \u00e9ligibilit\u00e9 en fonction de sa situation personnelle. Les <em>familles nombreuses<\/em> b\u00e9n\u00e9ficient ainsi d&rsquo;un coefficient avantageux qui facilite l&rsquo;acc\u00e8s au dispositif.<\/p>\n<p>Voici les \u00e9tapes essentielles pour v\u00e9rifier son \u00e9ligibilit\u00e9 :<\/p>\n<ol>\n<li>Localiser son <strong>revenu fiscal de r\u00e9f\u00e9rence<\/strong> sur le dernier avis d&rsquo;imposition<\/li>\n<li>Calculer le nombre d&rsquo;unit\u00e9s de consommation du foyer<\/li>\n<li>Diviser le montant des ressources par les unit\u00e9s obtenues<\/li>\n<li>Comparer le r\u00e9sultat au plafond de 11 000 euros<\/li>\n<li>Attendre l&rsquo;envoi automatique du ch\u00e8que au printemps<\/li>\n<\/ol>\n<h2>Attribution automatique et montants variables selon les ressources<\/h2>\n<p>L&rsquo;administration proc\u00e8de \u00e0 <strong>l&rsquo;envoi automatique<\/strong> du ch\u00e8que \u00e9nergie sans aucune sollicitation pr\u00e9alable. Cette simplification administrative profite directement aux m\u00e9nages \u00e9ligibles qui re\u00e7oivent leur aide par courrier postal. La r\u00e9gularit\u00e9 des d\u00e9clarations fiscales et <em>l&rsquo;exactitude des coordonn\u00e9es<\/em> constituent les seuls pr\u00e9requis n\u00e9cessaires.<\/p>\n<p>Le montant varie selon un tableau officiel croisant ressources et composition familiale. Les sommes s&rsquo;\u00e9chelonnent entre 48 et 277 euros annuels, privil\u00e9giant les situations les plus pr\u00e9caires. Cette graduation permet une r\u00e9partition \u00e9quitable des fonds publics allou\u00e9s au dispositif.<\/p>\n<table border=\"1\" style=\"width&nbsp;:100%\">\n<tr>\n<th>Unit\u00e9s de consommation<\/th>\n<th>RFR  5 700 \u20ac<\/th>\n<th>5 700 \u20ac \u2264 RFR  6 800 \u20ac<\/th>\n<th>6 800 \u20ac \u2264 RFR  7 850 \u20ac<\/th>\n<th>7 850 \u20ac \u2264 RFR  11 000 \u20ac<\/th>\n<\/tr>\n<tr>\n<td>1 UC<\/td>\n<td>194 \u20ac<\/td>\n<td>146 \u20ac<\/td>\n<td>98 \u20ac<\/td>\n<td>48 \u20ac<\/td>\n<\/tr>\n<tr>\n<td>1  UC  2<\/td>\n<td>240 \u20ac<\/td>\n<td>176 \u20ac<\/td>\n<td>113 \u20ac<\/td>\n<td>63 \u20ac<\/td>\n<\/tr>\n<tr>\n<td>2 UC ou +<\/td>\n<td>277 \u20ac<\/td>\n<td>202 \u20ac<\/td>\n<td>126 \u20ac<\/td>\n<td>76 \u20ac<\/td>\n<\/tr>\n<\/table>\n<p>Cette <strong>aide financi\u00e8re polyvalente<\/strong> couvre \u00e9lectricit\u00e9, gaz, fioul, bois de chauffage et certains travaux de r\u00e9novation \u00e9nerg\u00e9tique. Son utilisation flexible s&rsquo;adapte aux priorit\u00e9s sp\u00e9cifiques de chaque b\u00e9n\u00e9ficiaire selon ses besoins imm\u00e9diats.<\/p>\n","protected":false},"excerpt":{"rendered":"<p>La limite financi\u00e8re pour obtenir le ch\u00e8que \u00e9nergie vient d&rsquo;\u00eatre officialis\u00e9e par l&rsquo;administration fran\u00e7aise. Cette aide pr\u00e9cieuse destin\u00e9e aux m\u00e9nages modestes subira des ajustements significatifs qui modifieront les conditions d&rsquo;acc\u00e8s en 2025. Les familles concern\u00e9es doivent imp\u00e9rativement v\u00e9rifier leur \u00e9ligibilit\u00e9 avant la campagne de distribution printani\u00e8re. Le plafond de ressources fix\u00e9 \u00e0 11 000 euros [&hellip;]<\/p>\n","protected":false},"author":2,"featured_media":1485,"comment_status":"open","ping_status":"open","sticky":false,"template":"","format":"standard","meta":{"_seopress_robots_primary_cat":"none","_seopress_titles_title":"","_seopress_titles_desc":"","_seopress_robots_index":"","footnotes":""},"categories":[8],"tags":[],"class_list":{"0":"post-1484","1":"post","2":"type-post","3":"status-publish","4":"format-standard","5":"has-post-thumbnail","7":"category-consommation"},"_links":{"self":[{"href":"https:\/\/www.lycee-eca.fr\/actu\/wp-json\/wp\/v2\/posts\/1484","targetHints":{"allow":["GET"]}}],"collection":[{"href":"https:\/\/www.lycee-eca.fr\/actu\/wp-json\/wp\/v2\/posts"}],"about":[{"href":"https:\/\/www.lycee-eca.fr\/actu\/wp-json\/wp\/v2\/types\/post"}],"author":[{"embeddable":true,"href":"https:\/\/www.lycee-eca.fr\/actu\/wp-json\/wp\/v2\/users\/2"}],"replies":[{"embeddable":true,"href":"https:\/\/www.lycee-eca.fr\/actu\/wp-json\/wp\/v2\/comments?post=1484"}],"version-history":[{"count":1,"href":"https:\/\/www.lycee-eca.fr\/actu\/wp-json\/wp\/v2\/posts\/1484\/revisions"}],"predecessor-version":[{"id":1486,"href":"https:\/\/www.lycee-eca.fr\/actu\/wp-json\/wp\/v2\/posts\/1484\/revisions\/1486"}],"wp:featuredmedia":[{"embeddable":true,"href":"https:\/\/www.lycee-eca.fr\/actu\/wp-json\/wp\/v2\/media\/1485"}],"wp:attachment":[{"href":"https:\/\/www.lycee-eca.fr\/actu\/wp-json\/wp\/v2\/media?parent=1484"}],"wp:term":[{"taxonomy":"category","embeddable":true,"href":"https:\/\/www.lycee-eca.fr\/actu\/wp-json\/wp\/v2\/categories?post=1484"},{"taxonomy":"post_tag","embeddable":true,"href":"https:\/\/www.lycee-eca.fr\/actu\/wp-json\/wp\/v2\/tags?post=1484"}],"curies":[{"name":"wp","href":"https:\/\/api.w.org\/{rel}","templated":true}]}}