{"id":192,"date":"2025-08-22T19:58:00","date_gmt":"2025-08-22T17:58:00","guid":{"rendered":"https:\/\/lycee-eca.fr\/actu\/?p=192"},"modified":"2025-08-22T19:58:00","modified_gmt":"2025-08-22T17:58:00","slug":"quelles-sont-dates-vacances-scolaires-lannee-20252026","status":"publish","type":"post","link":"https:\/\/www.lycee-eca.fr\/actu\/quelles-sont-dates-vacances-scolaires-lannee-20252026\/","title":{"rendered":"Quelles sont les dates des vacances scolaires pour l&rsquo;ann\u00e9e 2025\/2026"},"content":{"rendered":"<p>La planification des cong\u00e9s familiaux n\u00e9cessite une connaissance pr\u00e9cise du <strong>calendrier scolaire officiel<\/strong>. Pour l&rsquo;ann\u00e9e acad\u00e9mique 2025-2026, les familles fran\u00e7aises doivent anticiper leurs projets de vacances en tenant compte des <em>p\u00e9riodes de repos impos\u00e9es<\/em> par l&rsquo;\u00c9ducation nationale. Ces dates varient selon les zones g\u00e9ographiques et influencent directement l&rsquo;organisation domestique.<\/p>\n<h2>Calendrier officiel des cong\u00e9s par zone acad\u00e9mique<\/h2>\n<p>Le territoire fran\u00e7ais se divise en <strong>trois zones distinctes<\/strong> pour r\u00e9partir \u00e9quitablement les flux touristiques. Cette r\u00e9partition permet d&rsquo;\u00e9viter la surcharge des infrastructures de transport et des stations de vacances. Chaque zone b\u00e9n\u00e9ficie de dates sp\u00e9cifiques pour les cong\u00e9s d&rsquo;hiver et de printemps.<\/p>\n<p>La <em>zone A<\/em> comprend les acad\u00e9mies de Besan\u00e7on, Bordeaux, Clermont-Ferrand, Dijon, Grenoble, Limoges, Lyon et Poitiers. Les \u00e9l\u00e8ves de cette zone profiteront de leurs vacances d&rsquo;hiver du 23 f\u00e9vrier au 9 mars 2026, tandis que les <strong>cong\u00e9s de printemps<\/strong> s&rsquo;\u00e9taleront du 25 avril au 11 mai 2026.<\/p>\n<p>Les acad\u00e9mies de la <em>zone B<\/em> incluent Aix-Marseille, Amiens, Caen, Lille, Nancy-Metz, Nantes, Nice, Orl\u00e9ans-Tours, Reims, Rennes, Rouen et Strasbourg. Ces \u00e9tablissements observeront leurs vacances d&rsquo;hiver du 16 f\u00e9vrier au 2 mars 2026, puis leurs <strong>cong\u00e9s printaniers<\/strong> du 18 avril au 4 mai 2026.<\/p>\n<table>\n<tr>\n<th>Zone<\/th>\n<th>Vacances d&rsquo;hiver 2026<\/th>\n<th>Vacances de printemps 2026<\/th>\n<\/tr>\n<tr>\n<td>Zone A<\/td>\n<td>23 f\u00e9vrier &#8211; 9 mars<\/td>\n<td>25 avril &#8211; 11 mai<\/td>\n<\/tr>\n<tr>\n<td>Zone B<\/td>\n<td>16 f\u00e9vrier &#8211; 2 mars<\/td>\n<td>18 avril &#8211; 4 mai<\/td>\n<\/tr>\n<tr>\n<td>Zone C<\/td>\n<td>9 f\u00e9vrier &#8211; 25 f\u00e9vrier<\/td>\n<td>11 avril &#8211; 28 avril<\/td>\n<\/tr>\n<\/table>\n<h2>P\u00e9riodes communes \u00e0 tous les \u00e9tablissements fran\u00e7ais<\/h2>\n<p>Certaines <strong>dates de cong\u00e9s<\/strong> restent identiques sur l&rsquo;ensemble du territoire national. Ces p\u00e9riodes unifi\u00e9es facilitent l&rsquo;organisation familiale et professionnelle des parents. La rentr\u00e9e scolaire 2025 s&rsquo;effectuera le lundi 1er septembre pour tous les niveaux d&rsquo;enseignement.<\/p>\n<p>Les <em>vacances de la Toussaint<\/em> d\u00e9buteront le samedi 18 octobre 2025 apr\u00e8s les cours et se termineront le lundi 3 novembre 2025 au matin. Cette pause automnale offre deux semaines compl\u00e8tes de repos aux \u00e9l\u00e8ves et aux enseignants.<\/p>\n<p>La p\u00e9riode des <strong>f\u00eates de fin d&rsquo;ann\u00e9e<\/strong> s&rsquo;\u00e9tendra du samedi 20 d\u00e9cembre 2025 au lundi 5 janvier 2026. Ces cong\u00e9s prolong\u00e9s permettent aux familles de se retrouver et de c\u00e9l\u00e9brer les traditions hivernales. La reprise des cours co\u00efncidera avec l&rsquo;\u00e9piphanie dans de nombreuses r\u00e9gions.<\/p>\n<h2>Organisation des grandes vacances d&rsquo;\u00e9t\u00e9<\/h2>\n<p>Les <em>vacances estivales<\/em> constituent la p\u00e9riode la plus attendue par les \u00e9l\u00e8ves et leurs familles. Pour l&rsquo;ann\u00e9e scolaire 2025-2026, ces cong\u00e9s d\u00e9buteront officiellement le samedi 4 juillet 2026 apr\u00e8s la fin des cours. Cette date uniforme sur tout le territoire facilite la coordination des activit\u00e9s de loisirs.<\/p>\n<p>La dur\u00e9e des <strong>grandes vacances<\/strong> s&rsquo;\u00e9tale traditionnellement sur huit semaines compl\u00e8tes. Cette p\u00e9riode permet aux enfants de se reposer, de participer \u00e0 des colonies de vacances ou de d\u00e9couvrir de nouvelles r\u00e9gions avec leurs parents. Les \u00e9tablissements scolaires profitent \u00e9galement de cette interruption pour effectuer des travaux de maintenance.<\/p>\n<p>Les familles peuvent ainsi planifier leurs <em>s\u00e9jours estivaux<\/em> en toute s\u00e9r\u00e9nit\u00e9, sachant que la reprise des cours n&rsquo;interviendra qu&rsquo;au d\u00e9but du mois de septembre 2026. Cette organisation stable du calendrier scolaire fran\u00e7ais favorise le d\u00e9veloppement du secteur touristique national.<\/p>\n","protected":false},"excerpt":{"rendered":"<p>La planification des cong\u00e9s familiaux n\u00e9cessite une connaissance pr\u00e9cise du calendrier scolaire officiel. Pour l&rsquo;ann\u00e9e acad\u00e9mique 2025-2026, les familles fran\u00e7aises doivent anticiper leurs projets de vacances en tenant compte des p\u00e9riodes de repos impos\u00e9es par l&rsquo;\u00c9ducation nationale. Ces dates varient selon les zones g\u00e9ographiques et influencent directement l&rsquo;organisation domestique. Calendrier officiel des cong\u00e9s par zone [&hellip;]<\/p>\n","protected":false},"author":2,"featured_media":191,"comment_status":"open","ping_status":"open","sticky":false,"template":"","format":"standard","meta":{"_seopress_robots_primary_cat":"","_seopress_titles_title":"","_seopress_titles_desc":"","_seopress_robots_index":"","footnotes":""},"categories":[7],"tags":[],"class_list":{"0":"post-192","1":"post","2":"type-post","3":"status-publish","4":"format-standard","5":"has-post-thumbnail","7":"category-societe"},"_links":{"self":[{"href":"https:\/\/www.lycee-eca.fr\/actu\/wp-json\/wp\/v2\/posts\/192","targetHints":{"allow":["GET"]}}],"collection":[{"href":"https:\/\/www.lycee-eca.fr\/actu\/wp-json\/wp\/v2\/posts"}],"about":[{"href":"https:\/\/www.lycee-eca.fr\/actu\/wp-json\/wp\/v2\/types\/post"}],"author":[{"embeddable":true,"href":"https:\/\/www.lycee-eca.fr\/actu\/wp-json\/wp\/v2\/users\/2"}],"replies":[{"embeddable":true,"href":"https:\/\/www.lycee-eca.fr\/actu\/wp-json\/wp\/v2\/comments?post=192"}],"version-history":[{"count":1,"href":"https:\/\/www.lycee-eca.fr\/actu\/wp-json\/wp\/v2\/posts\/192\/revisions"}],"predecessor-version":[{"id":1065,"href":"https:\/\/www.lycee-eca.fr\/actu\/wp-json\/wp\/v2\/posts\/192\/revisions\/1065"}],"wp:featuredmedia":[{"embeddable":true,"href":"https:\/\/www.lycee-eca.fr\/actu\/wp-json\/wp\/v2\/media\/191"}],"wp:attachment":[{"href":"https:\/\/www.lycee-eca.fr\/actu\/wp-json\/wp\/v2\/media?parent=192"}],"wp:term":[{"taxonomy":"category","embeddable":true,"href":"https:\/\/www.lycee-eca.fr\/actu\/wp-json\/wp\/v2\/categories?post=192"},{"taxonomy":"post_tag","embeddable":true,"href":"https:\/\/www.lycee-eca.fr\/actu\/wp-json\/wp\/v2\/tags?post=192"}],"curies":[{"name":"wp","href":"https:\/\/api.w.org\/{rel}","templated":true}]}}