{"id":202,"date":"2025-08-21T15:49:00","date_gmt":"2025-08-21T13:49:00","guid":{"rendered":"https:\/\/www.lycee-eca.fr\/actu\/?p=202"},"modified":"2025-08-21T15:49:00","modified_gmt":"2025-08-21T13:49:00","slug":"quelles-sont-dates-vacances-scolaires-lannee-20252026-2","status":"publish","type":"post","link":"https:\/\/www.lycee-eca.fr\/actu\/quelles-sont-dates-vacances-scolaires-lannee-20252026-2\/","title":{"rendered":"Quelles sont les dates des vacances scolaires pour l&rsquo;ann\u00e9e 2025\/2026"},"content":{"rendered":"<p>L&rsquo;organisation du calendrier scolaire 2025-2026 repr\u00e9sente un enjeu majeur pour les familles fran\u00e7aises. Cette planification annuelle d\u00e9termine les p\u00e9riodes de cours et de repos des \u00e9l\u00e8ves, influen\u00e7ant directement l&rsquo;organisation familiale et professionnelle. <strong>La connaissance anticip\u00e9e des dates<\/strong> permet aux parents de mieux organiser leurs cong\u00e9s et aux \u00e9l\u00e8ves de planifier leurs r\u00e9visions.<\/p>\n<h2>Calendrier des vacances pour les zones A, B et C<\/h2>\n<p>Le territoire fran\u00e7ais se divise en <strong>trois zones acad\u00e9miques distinctes<\/strong> pour r\u00e9partir les flux touristiques. Cette organisation permet d&rsquo;\u00e9viter la saturation des infrastructures de transport et des stations de sports d&rsquo;hiver pendant les vacances scolaires.<\/p>\n<p>La zone A regroupe les acad\u00e9mies de Besan\u00e7on, Bordeaux, Clermont-Ferrand, Dijon, Grenoble, Limoges, Lyon et Poitiers. Les familles de ces r\u00e9gions b\u00e9n\u00e9ficient g\u00e9n\u00e9ralement des <em>premi\u00e8res dates de vacances d&rsquo;hiver<\/em> et de printemps. Cette planification favorise l&rsquo;acc\u00e8s aux sports d&rsquo;hiver dans les meilleures conditions d&rsquo;enneigement.<\/p>\n<p>La zone B comprend les acad\u00e9mies d&rsquo;Aix-Marseille, Amiens, Caen, Lille, Nancy-Metz, Nantes, Nice, Orl\u00e9ans-Tours, Reims, Rennes, Rouen et Strasbourg. Cette zone b\u00e9n\u00e9ficie d&rsquo;un <strong>calendrier interm\u00e9diaire<\/strong> entre les zones A et C, permettant un \u00e9talement optimal des d\u00e9parts en vacances.<\/p>\n<p>La zone C rassemble les acad\u00e9mies de Cr\u00e9teil, Montpellier, Paris, Toulouse et Versailles. Ces acad\u00e9mies, souvent les plus peupl\u00e9es, ferment g\u00e9n\u00e9ralement en dernier pour les vacances d&rsquo;hiver et de printemps, permettant une <em>meilleure r\u00e9partition des flux<\/em> sur l&rsquo;ensemble du territoire.<\/p>\n<table border=\"1\" style=\"width&nbsp;:100%; border-collapse&nbsp;:collapse;\">\n<tr>\n<th>P\u00e9riode<\/th>\n<th>Zone A<\/th>\n<th>Zone B<\/th>\n<th>Zone C<\/th>\n<\/tr>\n<tr>\n<td><strong>Vacances de la Toussaint<\/strong><\/td>\n<td>18 oct &#8211; 3 nov 2025<\/td>\n<td>18 oct &#8211; 3 nov 2025<\/td>\n<td>18 oct &#8211; 3 nov 2025<\/td>\n<\/tr>\n<tr>\n<td><strong>Vacances de No\u00ebl<\/strong><\/td>\n<td>20 d\u00e9c 2025 &#8211; 5 jan 2026<\/td>\n<td>20 d\u00e9c 2025 &#8211; 5 jan 2026<\/td>\n<td>20 d\u00e9c 2025 &#8211; 5 jan 2026<\/td>\n<\/tr>\n<tr>\n<td><strong>Vacances d&rsquo;hiver<\/strong><\/td>\n<td>21 f\u00e9v &#8211; 9 mars 2026<\/td>\n<td>14 f\u00e9v &#8211; 2 mars 2026<\/td>\n<td>7 f\u00e9v &#8211; 23 f\u00e9v 2026<\/td>\n<\/tr>\n<tr>\n<td><strong>Vacances de printemps<\/strong><\/td>\n<td>18 avr &#8211; 4 mai 2026<\/td>\n<td>11 avr &#8211; 27 avr 2026<\/td>\n<td>4 avr &#8211; 20 avr 2026<\/td>\n<\/tr>\n<\/table>\n<h2>Sp\u00e9cificit\u00e9s des territoires d&rsquo;sans compter-mer et de Corse<\/h2>\n<p>Les d\u00e9partements et collectivit\u00e9s d&rsquo;hormis-mer b\u00e9n\u00e9ficient d&rsquo;un <strong>calendrier scolaire adapt\u00e9<\/strong> \u00e0 leurs sp\u00e9cificit\u00e9s climatiques et culturelles. La Guadeloupe, la Martinique, la Guyane fran\u00e7aise, La R\u00e9union et Mayotte suivent des calendriers distincts, tenant compte des conditions m\u00e9t\u00e9orologiques locales.<\/p>\n<p>La Corse dispose \u00e9galement de son propre calendrier scolaire, avec des <em>ajustements particuliers<\/em> pour certaines p\u00e9riodes. Ces adaptations permettent de mieux r\u00e9pondre aux besoins \u00e9ducatifs et climatiques de l&rsquo;\u00eele de Beaut\u00e9.<\/p>\n<h2>Planification familiale et impact \u00e9conomique<\/h2>\n<p>La publication anticip\u00e9e du calendrier scolaire facilite consid\u00e9rablement <strong>l&rsquo;organisation des familles<\/strong>. Les parents peuvent ainsi planifier leurs cong\u00e9s annuels, r\u00e9server leurs h\u00e9bergements de vacances et organiser les modes de garde pendant les p\u00e9riodes scolaires.<\/p>\n<p>Cette planification repr\u00e9sente \u00e9galement un <em>enjeu \u00e9conomique majeur<\/em> pour le secteur touristique fran\u00e7ais. Les professionnels du tourisme adaptent leurs tarifs et leurs offres en fonction de ces dates officielles, cr\u00e9ant une dynamique \u00e9conomique importante.<\/p>\n<p>Voici les points essentiels \u00e0 retenir pour l&rsquo;ann\u00e9e scolaire 2025-2026 :<\/p>\n<ul>\n<li>Rentr\u00e9e scolaire fix\u00e9e au <strong>1er septembre 2025<\/strong> pour tous les \u00e9l\u00e8ves<\/li>\n<li>Vacances d&rsquo;automne et de No\u00ebl identiques pour toutes les zones<\/li>\n<li>\u00c9talement des vacances d&rsquo;hiver et de printemps selon les trois zones<\/li>\n<li><em>Fin de l&rsquo;ann\u00e9e scolaire<\/em> programm\u00e9e d\u00e9but juillet 2026<\/li>\n<li>Adaptations sp\u00e9cifiques pour l&rsquo;mis \u00e0 part-mer et la Corse<\/li>\n<\/ul>\n","protected":false},"excerpt":{"rendered":"<p>L&rsquo;organisation du calendrier scolaire 2025-2026 repr\u00e9sente un enjeu majeur pour les familles fran\u00e7aises. Cette planification annuelle d\u00e9termine les p\u00e9riodes de cours et de repos des \u00e9l\u00e8ves, influen\u00e7ant directement l&rsquo;organisation familiale et professionnelle. La connaissance anticip\u00e9e des dates permet aux parents de mieux organiser leurs cong\u00e9s et aux \u00e9l\u00e8ves de planifier leurs r\u00e9visions. Calendrier des vacances [&hellip;]<\/p>\n","protected":false},"author":2,"featured_media":198,"comment_status":"open","ping_status":"open","sticky":false,"template":"","format":"standard","meta":{"_seopress_robots_primary_cat":"","_seopress_titles_title":"","_seopress_titles_desc":"","_seopress_robots_index":"","footnotes":""},"categories":[7],"tags":[],"class_list":{"0":"post-202","1":"post","2":"type-post","3":"status-publish","4":"format-standard","5":"has-post-thumbnail","7":"category-societe"},"_links":{"self":[{"href":"https:\/\/www.lycee-eca.fr\/actu\/wp-json\/wp\/v2\/posts\/202","targetHints":{"allow":["GET"]}}],"collection":[{"href":"https:\/\/www.lycee-eca.fr\/actu\/wp-json\/wp\/v2\/posts"}],"about":[{"href":"https:\/\/www.lycee-eca.fr\/actu\/wp-json\/wp\/v2\/types\/post"}],"author":[{"embeddable":true,"href":"https:\/\/www.lycee-eca.fr\/actu\/wp-json\/wp\/v2\/users\/2"}],"replies":[{"embeddable":true,"href":"https:\/\/www.lycee-eca.fr\/actu\/wp-json\/wp\/v2\/comments?post=202"}],"version-history":[{"count":1,"href":"https:\/\/www.lycee-eca.fr\/actu\/wp-json\/wp\/v2\/posts\/202\/revisions"}],"predecessor-version":[{"id":271,"href":"https:\/\/www.lycee-eca.fr\/actu\/wp-json\/wp\/v2\/posts\/202\/revisions\/271"}],"wp:featuredmedia":[{"embeddable":true,"href":"https:\/\/www.lycee-eca.fr\/actu\/wp-json\/wp\/v2\/media\/198"}],"wp:attachment":[{"href":"https:\/\/www.lycee-eca.fr\/actu\/wp-json\/wp\/v2\/media?parent=202"}],"wp:term":[{"taxonomy":"category","embeddable":true,"href":"https:\/\/www.lycee-eca.fr\/actu\/wp-json\/wp\/v2\/categories?post=202"},{"taxonomy":"post_tag","embeddable":true,"href":"https:\/\/www.lycee-eca.fr\/actu\/wp-json\/wp\/v2\/tags?post=202"}],"curies":[{"name":"wp","href":"https:\/\/api.w.org\/{rel}","templated":true}]}}