{"id":204,"date":"2025-08-22T05:05:00","date_gmt":"2025-08-22T03:05:00","guid":{"rendered":"https:\/\/www.lycee-eca.fr\/actu\/?p=204"},"modified":"2025-08-22T05:05:00","modified_gmt":"2025-08-22T03:05:00","slug":"dys-difficultes-quest-ce-que-cest","status":"publish","type":"post","link":"https:\/\/www.lycee-eca.fr\/actu\/dys-difficultes-quest-ce-que-cest\/","title":{"rendered":"Dys-difficult\u00e9s : qu\u2019est-ce que c\u2019est ?"},"content":{"rendered":"<p>Les difficult\u00e9s d&rsquo;apprentissage touchent une part importante des enfants scolaris\u00e9s en France. Lorsqu&rsquo;un \u00e9l\u00e8ve <strong>pr\u00e9sente des troubles persistants<\/strong> dans l&rsquo;acquisition de comp\u00e9tences fondamentales comme la lecture ou le calcul, il convient de s&rsquo;interroger sur la nature de ces obstacles. Ces manifestations peuvent r\u00e9v\u00e9ler des <em>troubles sp\u00e9cifiques des apprentissages<\/em>, regroup\u00e9s sous l&rsquo;appellation commune de \u00ab\u00a0dys-difficult\u00e9s\u00a0\u00bb.<\/p>\n<h2>Comprendre les diff\u00e9rents types de troubles dys<\/h2>\n<p>Le pr\u00e9fixe grec \u00ab\u00a0dys\u00a0\u00bb exprime une difficult\u00e9 ou un dysfonctionnement. Ces <strong>troubles neurod\u00e9veloppementaux<\/strong> affectent entre 5 et 7 % des enfants fran\u00e7ais, soit bien davantage que les 15% d&rsquo;\u00e9l\u00e8ves rencontrant des difficult\u00e9s passag\u00e8res d&rsquo;apprentissage. Les troubles dys se manifestent chez des enfants \u00e9voluant dans un <em>environnement familial stable<\/em>, sans d\u00e9ficience intellectuelle, neurologique ou psychiatrique identifi\u00e9e.<\/p>\n<p>La dyslexie constitue le trouble le plus connu, caract\u00e9ris\u00e9 par des <strong>difficult\u00e9s de d\u00e9codage<\/strong> lors de la lecture. L&rsquo;enfant peut confondre des sons similaires, omettre certaines syllabes ou inverser l&rsquo;ordre des lettres. Ces \u00e9l\u00e8ves montrent g\u00e9n\u00e9ralement de meilleures performances \u00e0 l&rsquo;oral qu&rsquo;\u00e0 l&rsquo;\u00e9crit.<\/p>\n<p>La dysorthographie affecte sp\u00e9cifiquement l&rsquo;<em>expression \u00e9crite<\/em>. Elle se traduit par une accumulation de fautes d&rsquo;orthographe, des erreurs de conjugaison et des difficult\u00e9s syntaxiques rendant les textes peu compr\u00e9hensibles. La dyscalculie perturbe quant \u00e0 elle la <strong>compr\u00e9hension des concepts num\u00e9riques<\/strong>, entravant le comptage, la m\u00e9morisation des tables et le raisonnement math\u00e9matique.<\/p>\n<table>\n<tr>\n<th>Trouble<\/th>\n<th>Domaine affect\u00e9<\/th>\n<th>Principales manifestations<\/th>\n<\/tr>\n<tr>\n<td>Dyslexie<\/td>\n<td>Lecture<\/td>\n<td>Confusion de sons, inversions de lettres<\/td>\n<\/tr>\n<tr>\n<td>Dysorthographie<\/td>\n<td>Expression \u00e9crite<\/td>\n<td>Fautes d&rsquo;orthographe persistantes<\/td>\n<\/tr>\n<tr>\n<td>Dyscalculie<\/td>\n<td>Calcul<\/td>\n<td>Difficult\u00e9s avec les nombres et op\u00e9rations<\/td>\n<\/tr>\n<tr>\n<td>Dyspraxie<\/td>\n<td>Coordination<\/td>\n<td>Maladresse, probl\u00e8mes spatio-temporels<\/td>\n<\/tr>\n<\/table>\n<h2>Identifier les signes d&rsquo;alerte pr\u00e9coces<\/h2>\n<p>La d\u00e9tection pr\u00e9coce des <strong>troubles dys<\/strong> repr\u00e9sente un enjeu majeur pour optimiser la prise en charge. D\u00e8s l&rsquo;\u00e2ge de 5-6 ans, certains indicateurs peuvent alerter les parents et enseignants. Un dessin de bonhomme mal structur\u00e9, des <em>difficult\u00e9s \u00e0 raconter une histoire<\/em> ou une ma\u00eetrise d\u00e9faillante des rep\u00e8res spatiaux constituent autant de signaux d&rsquo;alarme.<\/p>\n<p>Pour les troubles de la lecture et de l&rsquo;\u00e9criture, il faut attendre la fin du CE1 avant d&rsquo;\u00e9tablir un diagnostic fiable. Cette p\u00e9riode permet de distinguer les <strong>difficult\u00e9s temporaires<\/strong> des troubles durables n\u00e9cessitant une intervention sp\u00e9cialis\u00e9e. L&rsquo;\u00e9valuation doit \u00e9carter toute d\u00e9ficience sensorielle, intellectuelle ou psychiatrique pouvant expliquer les difficult\u00e9s observ\u00e9es.<\/p>\n<p>Les signes suivants m\u00e9ritent une attention particuli\u00e8re :<\/p>\n<ul>\n<li>Inversions fr\u00e9quentes de lettres ou de syllabes<\/li>\n<li>Acquisition laborieuse du langage oral<\/li>\n<li>Difficult\u00e9s persistantes en lecture apr\u00e8s le CP<\/li>\n<li>Probl\u00e8mes de coordination motrice importants<\/li>\n<li>Troubles de la compr\u00e9hension des concepts num\u00e9riques<\/li>\n<\/ul>\n<h2>Accompagnement et adaptations p\u00e9dagogiques<\/h2>\n<p>Les <strong>troubles sp\u00e9cifiques des apprentissages<\/strong> ne disparaissent pas avec l&rsquo;\u00e2ge, mais une prise en charge adapt\u00e9e permet de consid\u00e9rablement am\u00e9liorer le quotidien des enfants concern\u00e9s. L&rsquo;objectif consiste \u00e0 d\u00e9velopper des <em>strat\u00e9gies compensatoires<\/em> permettant de contourner les difficult\u00e9s rencontr\u00e9es.<\/p>\n<p>L&rsquo;\u00e9cole joue un r\u00f4le central dans cet accompagnement en mettant en place des <strong>am\u00e9nagements p\u00e9dagogiques personnalis\u00e9s<\/strong>. Ces adaptations peuvent inclure la lecture orale des consignes, l&rsquo;utilisation d&rsquo;outils num\u00e9riques, l&rsquo;octroi de temps suppl\u00e9mentaire lors des \u00e9valuations ou encore l&rsquo;adaptation des supports p\u00e9dagogiques. Ces mesures peuvent \u00eatre maintenues jusqu&rsquo;aux examens officiels comme le brevet ou le baccalaur\u00e9at.<\/p>\n<p>La collaboration entre <em>famille, \u00e9quipe \u00e9ducative et professionnels de sant\u00e9<\/em> s&rsquo;av\u00e8re indispensable pour assurer un suivi coh\u00e9rent. Orthophonistes, psychomotriciens et neuropsychologues apportent leur expertise pour \u00e9laborer des strat\u00e9gies d&rsquo;intervention cibl\u00e9es. Cette approche pluridisciplinaire permet \u00e0 l&rsquo;enfant de d\u00e9velopper sa confiance en soi tout en progressant dans ses apprentissages.<\/p>\n","protected":false},"excerpt":{"rendered":"<p>Les difficult\u00e9s d&rsquo;apprentissage touchent une part importante des enfants scolaris\u00e9s en France. Lorsqu&rsquo;un \u00e9l\u00e8ve pr\u00e9sente des troubles persistants dans l&rsquo;acquisition de comp\u00e9tences fondamentales comme la lecture ou le calcul, il convient de s&rsquo;interroger sur la nature de ces obstacles. Ces manifestations peuvent r\u00e9v\u00e9ler des troubles sp\u00e9cifiques des apprentissages, regroup\u00e9s sous l&rsquo;appellation commune de \u00ab\u00a0dys-difficult\u00e9s\u00a0\u00bb. Comprendre [&hellip;]<\/p>\n","protected":false},"author":2,"featured_media":203,"comment_status":"open","ping_status":"open","sticky":false,"template":"","format":"standard","meta":{"_seopress_robots_primary_cat":"","_seopress_titles_title":"","_seopress_titles_desc":"","_seopress_robots_index":"","footnotes":""},"categories":[9],"tags":[],"class_list":{"0":"post-204","1":"post","2":"type-post","3":"status-publish","4":"format-standard","5":"has-post-thumbnail","7":"category-bien-etre"},"_links":{"self":[{"href":"https:\/\/www.lycee-eca.fr\/actu\/wp-json\/wp\/v2\/posts\/204","targetHints":{"allow":["GET"]}}],"collection":[{"href":"https:\/\/www.lycee-eca.fr\/actu\/wp-json\/wp\/v2\/posts"}],"about":[{"href":"https:\/\/www.lycee-eca.fr\/actu\/wp-json\/wp\/v2\/types\/post"}],"author":[{"embeddable":true,"href":"https:\/\/www.lycee-eca.fr\/actu\/wp-json\/wp\/v2\/users\/2"}],"replies":[{"embeddable":true,"href":"https:\/\/www.lycee-eca.fr\/actu\/wp-json\/wp\/v2\/comments?post=204"}],"version-history":[{"count":1,"href":"https:\/\/www.lycee-eca.fr\/actu\/wp-json\/wp\/v2\/posts\/204\/revisions"}],"predecessor-version":[{"id":1050,"href":"https:\/\/www.lycee-eca.fr\/actu\/wp-json\/wp\/v2\/posts\/204\/revisions\/1050"}],"wp:featuredmedia":[{"embeddable":true,"href":"https:\/\/www.lycee-eca.fr\/actu\/wp-json\/wp\/v2\/media\/203"}],"wp:attachment":[{"href":"https:\/\/www.lycee-eca.fr\/actu\/wp-json\/wp\/v2\/media?parent=204"}],"wp:term":[{"taxonomy":"category","embeddable":true,"href":"https:\/\/www.lycee-eca.fr\/actu\/wp-json\/wp\/v2\/categories?post=204"},{"taxonomy":"post_tag","embeddable":true,"href":"https:\/\/www.lycee-eca.fr\/actu\/wp-json\/wp\/v2\/tags?post=204"}],"curies":[{"name":"wp","href":"https:\/\/api.w.org\/{rel}","templated":true}]}}