{"id":206,"date":"2025-08-22T12:52:00","date_gmt":"2025-08-22T10:52:00","guid":{"rendered":"https:\/\/www.lycee-eca.fr\/actu\/?p=206"},"modified":"2025-08-22T12:52:00","modified_gmt":"2025-08-22T10:52:00","slug":"dates-cles-parcoursup","status":"publish","type":"post","link":"https:\/\/www.lycee-eca.fr\/actu\/dates-cles-parcoursup\/","title":{"rendered":"Les dates cl\u00e9s Parcoursup"},"content":{"rendered":"<p>Naviguer dans le processus d&rsquo;orientation post-bac repr\u00e9sente un d\u00e9fi majeur pour les lyc\u00e9ens de terminale. <strong>La plateforme Parcoursup<\/strong> structure cette d\u00e9marche selon un calendrier pr\u00e9cis, rythm\u00e9 par plusieurs phases cruciales. Comprendre ces \u00e9tapes permet aux familles d&rsquo;anticiper chaque moment cl\u00e9 et d&rsquo;optimiser leurs chances de r\u00e9ussite.<\/p>\n<h2>Phase compl\u00e9mentaire et accompagnement personnalis\u00e9<\/h2>\n<p>La <strong>phase compl\u00e9mentaire de Parcoursup<\/strong> d\u00e9bute le 11 juin et se prolonge jusqu&rsquo;\u00e0 mi-septembre. Cette p\u00e9riode offre une seconde chance aux candidats n&rsquo;ayant pas obtenu satisfaction lors de la phase principale d&rsquo;admission.<\/p>\n<p>Durant cette \u00e9tape, les lyc\u00e9ens peuvent formuler <em>jusqu&rsquo;\u00e0 10 nouveaux v\u0153ux<\/em> dans les \u00e9tablissements disposant encore de places disponibles. Cette opportunit\u00e9 s&rsquo;av\u00e8re particuli\u00e8rement pr\u00e9cieuse pour \u00e9largir le spectre des possibilit\u00e9s et trouver une formation adapt\u00e9e aux aspirations de chaque \u00e9tudiant.<\/p>\n<p>Les <strong>commissions d&rsquo;acc\u00e8s \u00e0 l&rsquo;enseignement sup\u00e9rieur (CAES)<\/strong> jouent un r\u00f4le essentiel durant cette p\u00e9riode. Ces instances acad\u00e9miques accompagnent individuellement les candidats dans la construction d&rsquo;un projet de formation coh\u00e9rent. Elles facilitent l&rsquo;acc\u00e8s aux cursus appropri\u00e9s en tenant compte du profil et des souhaits de chaque lyc\u00e9en.<\/p>\n<p>Il convient de rappeler que cette phase repr\u00e9sente <em>un moment d\u00e9terminant<\/em> dans le parcours des jeunes. L&rsquo;accompagnement bienveillant des familles s&rsquo;av\u00e8re plus constructif qu&rsquo;une pression excessive, permettant aux adolescents de traverser sereinement cette \u00e9tape transitoire.<\/p>\n<h2>Calendrier des admissions et gestion des r\u00e9ponses<\/h2>\n<p>Le <strong>2 juin marque l&rsquo;ouverture<\/strong> de la phase principale d&rsquo;admission sur Parcoursup. Cette date tant attendue met fin \u00e0 l&rsquo;incertitude et lance officiellement les d\u00e9marches d&rsquo;inscription pour les futurs \u00e9tudiants.<\/p>\n<p>Les premi\u00e8res propositions d&rsquo;admission arrivent \u00e0 cette p\u00e9riode, mais il faut garder \u00e0 l&rsquo;esprit que les <em>listes d&rsquo;attente \u00e9voluent quotidiennement<\/em>. Les mouvements sont particuli\u00e8rement dynamiques durant les premi\u00e8res semaines, au gr\u00e9 des acceptations et des refus des autres candidats.<\/p>\n<table>\n<tr>\n<th>P\u00e9riode<\/th>\n<th>Action requise<\/th>\n<th>D\u00e9lai de r\u00e9ponse<\/th>\n<\/tr>\n<tr>\n<td>2-15 juin<\/td>\n<td>R\u00e9pondre aux propositions<\/td>\n<td>5 jours ouvr\u00e9s<\/td>\n<\/tr>\n<tr>\n<td>16-19 juin<\/td>\n<td>Suspension des d\u00e9lais<\/td>\n<td>Examens du baccalaur\u00e9at<\/td>\n<\/tr>\n<tr>\n<td>Apr\u00e8s le 20 juin<\/td>\n<td>R\u00e9pondre aux propositions<\/td>\n<td>3 jours ouvr\u00e9s<\/td>\n<\/tr>\n<\/table>\n<p>Une particularit\u00e9 importante concerne la <strong>suspension des d\u00e9lais de r\u00e9ponse<\/strong> du 16 au 19 juin. Cette mesure permet aux lyc\u00e9ens de se concentrer pleinement sur leurs \u00e9preuves du baccalaur\u00e9at sans stress suppl\u00e9mentaire li\u00e9 aux admissions.<\/p>\n<p>La surveillance quotidienne des listes d&rsquo;attente reste recommand\u00e9e, m\u00eame si les premiers r\u00e9sultats semblent d\u00e9cevants. La pers\u00e9v\u00e9rance constitue souvent la cl\u00e9 du succ\u00e8s dans ce processus d&rsquo;admission.<\/p>\n<h2>Inscription et formulation strat\u00e9gique des v\u0153ux<\/h2>\n<p>L&rsquo;ouverture des inscriptions sur la plateforme intervient le <strong>15 janvier 2025<\/strong>, initiant officiellement la p\u00e9riode de formulation des v\u0153ux. Cette phase s&rsquo;\u00e9tend jusqu&rsquo;au 13 mars inclus, offrant aux lyc\u00e9ens pr\u00e8s de deux mois pour construire leur projet d&rsquo;orientation.<\/p>\n<p>Chaque candidat dispose de <em>10 v\u0153ux principaux maximum<\/em>, compl\u00e9t\u00e9s par la possibilit\u00e9 d&rsquo;ajouter des sous-v\u0153ux. Cette strat\u00e9gie permet de postuler dans plusieurs \u00e9tablissements proposant une formation similaire, multipliant ainsi les chances d&rsquo;admission.<\/p>\n<p>Les v\u0153ux formul\u00e9s font l&rsquo;objet d&rsquo;une discussion lors du <strong>conseil de classe du deuxi\u00e8me trimestre<\/strong>. Cette \u00e9ch\u00e9ance souligne l&rsquo;importance d&rsquo;une r\u00e9flexion pr\u00e9alable approfondie sur les choix d&rsquo;orientation, impliquant les \u00e9quipes p\u00e9dagogiques dans l&rsquo;accompagnement des \u00e9l\u00e8ves.<\/p>\n<p>La p\u00e9riode de confirmation des v\u0153ux s&rsquo;ouvre le 13 mars et se cl\u00f4ture le 2 avril. Durant ces trois semaines cruciales, aucun nouveau v\u0153u ne peut \u00eatre ajout\u00e9, mais les dossiers doivent \u00eatre finalis\u00e9s. Cette \u00e9tape comprend notamment :<\/p>\n<ol>\n<li>La r\u00e9daction des lettres de motivation<\/li>\n<li>La compilation des pi\u00e8ces justificatives<\/li>\n<li>La relecture attentive de chaque \u00e9l\u00e9ment<\/li>\n<li>La validation d\u00e9finitive des candidatures<\/li>\n<\/ol>\n<p>La qualit\u00e9 des <em>lettres de motivation<\/em> rev\u00eat une importance particuli\u00e8re. Pour de nombreux lyc\u00e9ens, cet exercice repr\u00e9sente une premi\u00e8re exp\u00e9rience de r\u00e9daction professionnelle, n\u00e9cessitant souvent l&rsquo;accompagnement d&rsquo;un tiers pour optimiser leur impact.<\/p>\n","protected":false},"excerpt":{"rendered":"<p>Naviguer dans le processus d&rsquo;orientation post-bac repr\u00e9sente un d\u00e9fi majeur pour les lyc\u00e9ens de terminale. La plateforme Parcoursup structure cette d\u00e9marche selon un calendrier pr\u00e9cis, rythm\u00e9 par plusieurs phases cruciales. Comprendre ces \u00e9tapes permet aux familles d&rsquo;anticiper chaque moment cl\u00e9 et d&rsquo;optimiser leurs chances de r\u00e9ussite. Phase compl\u00e9mentaire et accompagnement personnalis\u00e9 La phase compl\u00e9mentaire de [&hellip;]<\/p>\n","protected":false},"author":2,"featured_media":205,"comment_status":"open","ping_status":"open","sticky":false,"template":"","format":"standard","meta":{"_seopress_robots_primary_cat":"","_seopress_titles_title":"","_seopress_titles_desc":"","_seopress_robots_index":"","footnotes":""},"categories":[7],"tags":[],"class_list":{"0":"post-206","1":"post","2":"type-post","3":"status-publish","4":"format-standard","5":"has-post-thumbnail","7":"category-societe"},"_links":{"self":[{"href":"https:\/\/www.lycee-eca.fr\/actu\/wp-json\/wp\/v2\/posts\/206","targetHints":{"allow":["GET"]}}],"collection":[{"href":"https:\/\/www.lycee-eca.fr\/actu\/wp-json\/wp\/v2\/posts"}],"about":[{"href":"https:\/\/www.lycee-eca.fr\/actu\/wp-json\/wp\/v2\/types\/post"}],"author":[{"embeddable":true,"href":"https:\/\/www.lycee-eca.fr\/actu\/wp-json\/wp\/v2\/users\/2"}],"replies":[{"embeddable":true,"href":"https:\/\/www.lycee-eca.fr\/actu\/wp-json\/wp\/v2\/comments?post=206"}],"version-history":[{"count":1,"href":"https:\/\/www.lycee-eca.fr\/actu\/wp-json\/wp\/v2\/posts\/206\/revisions"}],"predecessor-version":[{"id":1058,"href":"https:\/\/www.lycee-eca.fr\/actu\/wp-json\/wp\/v2\/posts\/206\/revisions\/1058"}],"wp:featuredmedia":[{"embeddable":true,"href":"https:\/\/www.lycee-eca.fr\/actu\/wp-json\/wp\/v2\/media\/205"}],"wp:attachment":[{"href":"https:\/\/www.lycee-eca.fr\/actu\/wp-json\/wp\/v2\/media?parent=206"}],"wp:term":[{"taxonomy":"category","embeddable":true,"href":"https:\/\/www.lycee-eca.fr\/actu\/wp-json\/wp\/v2\/categories?post=206"},{"taxonomy":"post_tag","embeddable":true,"href":"https:\/\/www.lycee-eca.fr\/actu\/wp-json\/wp\/v2\/tags?post=206"}],"curies":[{"name":"wp","href":"https:\/\/api.w.org\/{rel}","templated":true}]}}