{"id":214,"date":"2025-08-22T19:04:00","date_gmt":"2025-08-22T17:04:00","guid":{"rendered":"https:\/\/www.lycee-eca.fr\/actu\/?p=214"},"modified":"2025-08-22T19:04:00","modified_gmt":"2025-08-22T17:04:00","slug":"calendrier-epreuves-brevet-baccalaureat-2025-est-disponible","status":"publish","type":"post","link":"https:\/\/www.lycee-eca.fr\/actu\/calendrier-epreuves-brevet-baccalaureat-2025-est-disponible\/","title":{"rendered":"Le calendrier des \u00e9preuves du Brevet et du Baccalaur\u00e9at 2025 est disponible !\u00a0"},"content":{"rendered":"<p>Les <strong>dates officielles<\/strong> des examens nationaux pour l&rsquo;ann\u00e9e scolaire 2024-2025 viennent d&rsquo;\u00eatre communiqu\u00e9es par le minist\u00e8re de l&rsquo;\u00c9ducation nationale. \u00c9l\u00e8ves, parents et enseignants peuvent d\u00e9sormais organiser leurs r\u00e9visions et planifier cette <em>p\u00e9riode cruciale<\/em> qui d\u00e9terminera l&rsquo;orientation future des candidats.<\/p>\n<h2>Dates cl\u00e9s du DNB 2025<\/h2>\n<p>Le <strong>Dipl\u00f4me national du brevet<\/strong> se d\u00e9roulera selon un calendrier pr\u00e9cis \u00e9tabli pour l&rsquo;ensemble du territoire fran\u00e7ais. Les \u00e9preuves \u00e9crites auront lieu les 30 juin et 1er juillet 2025 pour la France m\u00e9tropolitaine, permettant aux \u00e9l\u00e8ves de troisi\u00e8me de cl\u00f4turer leur parcours au coll\u00e8ge dans de bonnes conditions.<\/p>\n<p>Cette organisation temporelle offre aux candidats une <em>p\u00e9riode de r\u00e9vision optimale<\/em> apr\u00e8s la fin des cours. Les \u00e9tablissements scolaires pourront ainsi consacrer les derni\u00e8res semaines \u00e0 la pr\u00e9paration intensive, notamment pour les mati\u00e8res \u00e0 fort coefficient comme le fran\u00e7ais et les math\u00e9matiques.<\/p>\n<p>Les <strong>\u00e9preuves orales<\/strong> du brevet, particuli\u00e8rement l&rsquo;oral de soutenance du parcours Avenir, se d\u00e9rouleront g\u00e9n\u00e9ralement entre mi-mai et mi-juin selon les acad\u00e9mies. Cette flexibilit\u00e9 permet aux coll\u00e8ges d&rsquo;adapter le planning en fonction de leurs contraintes locales et de l&rsquo;organisation des \u00e9quipes p\u00e9dagogiques.<\/p>\n<table>\n<tr>\n<th>\u00c9preuve<\/th>\n<th>Date m\u00e9tropole<\/th>\n<th>Dur\u00e9e<\/th>\n<th>Coefficient<\/th>\n<\/tr>\n<tr>\n<td>Fran\u00e7ais<\/td>\n<td>30 juin 2025<\/td>\n<td>3h<\/td>\n<td>100 points<\/td>\n<\/tr>\n<tr>\n<td>Math\u00e9matiques<\/td>\n<td>30 juin 2025<\/td>\n<td>2h<\/td>\n<td>100 points<\/td>\n<\/tr>\n<tr>\n<td>Histoire-g\u00e9ographie EMC<\/td>\n<td>1er juillet 2025<\/td>\n<td>2h<\/td>\n<td>50 points<\/td>\n<\/tr>\n<tr>\n<td>Sciences<\/td>\n<td>1er juillet 2025<\/td>\n<td>1h<\/td>\n<td>50 points<\/td>\n<\/tr>\n<\/table>\n<h2>Planning du baccalaur\u00e9at g\u00e9n\u00e9ral et technologique<\/h2>\n<p>Les <strong>\u00e9preuves terminales<\/strong> du baccalaur\u00e9at 2025 d\u00e9buteront mi-juin avec la philosophie, traditionnellement programm\u00e9e en ouverture de cette session d&rsquo;examens. Cette mati\u00e8re embl\u00e9matique marquera le coup d&rsquo;envoi d&rsquo;une p\u00e9riode intensive pour les terminales de toutes les fili\u00e8res.<\/p>\n<p>Le <em>Grand oral<\/em>, \u00e9preuve phare de la r\u00e9forme du lyc\u00e9e, se tiendra entre le 24 juin et le 4 juillet 2025. Cette p\u00e9riode \u00e9tal\u00e9e permet aux jurys de recevoir l&rsquo;ensemble des candidats dans des conditions sereines, en \u00e9vitant la surcharge des centres d&rsquo;examen.<\/p>\n<p>Les <strong>\u00e9preuves de sp\u00e9cialit\u00e9<\/strong>, cruciales pour l&rsquo;orientation post-bac via Parcoursup, auront lieu du 19 au 21 mars 2025. Cette programmation pr\u00e9coce permet l&rsquo;int\u00e9gration des r\u00e9sultats dans les dossiers d&rsquo;admission des candidats, facilitant ainsi les proc\u00e9dures d&rsquo;orientation.<\/p>\n<p>Voici les principales \u00e9tapes du calendrier baccalaur\u00e9at :<\/p>\n<ul>\n<li>Mars : \u00e9preuves de sp\u00e9cialit\u00e9 et \u00e9preuves anticip\u00e9es de fran\u00e7ais en premi\u00e8re<\/li>\n<li>Juin : philosophie et d\u00e9but des \u00e9preuves terminales<\/li>\n<li>Juin-juillet : Grand oral et rattrapage<\/li>\n<li>Juillet : proclamation des r\u00e9sultats d\u00e9finitifs<\/li>\n<\/ul>\n<h2>Sp\u00e9cificit\u00e9s du baccalaur\u00e9at professionnel 2025<\/h2>\n<p>Le <strong>bac professionnel<\/strong> suit un calendrier l\u00e9g\u00e8rement diff\u00e9rent, adapt\u00e9 aux particularit\u00e9s de cette voie d&rsquo;excellence. Les \u00e9preuves g\u00e9n\u00e9rales d\u00e9butent g\u00e9n\u00e9ralement une semaine avant celles du baccalaur\u00e9at g\u00e9n\u00e9ral, permettant une meilleure r\u00e9partition des moyens logistiques des acad\u00e9mies.<\/p>\n<p>Les <em>\u00e9preuves pratiques<\/em> et les soutenances de projet se d\u00e9roulent souvent d\u00e8s le mois de mai, donnant aux candidats la possibilit\u00e9 de valoriser leurs comp\u00e9tences professionnelles acquises durant leur formation. Cette organisation respecte la sp\u00e9cificit\u00e9 p\u00e9dagogique de la voie professionnelle.<\/p>\n<p>Les <strong>p\u00e9riodes de formation en milieu professionnel<\/strong> (PFMP) s&rsquo;ach\u00e8vent g\u00e9n\u00e9ralement avant les \u00e9preuves, permettant aux \u00e9l\u00e8ves de se consacrer enti\u00e8rement \u00e0 leurs r\u00e9visions finales. Cette planification optimise les chances de r\u00e9ussite en \u00e9vitant la dispersion entre formation pratique et pr\u00e9paration th\u00e9orique.<\/p>\n","protected":false},"excerpt":{"rendered":"<p>Les dates officielles des examens nationaux pour l&rsquo;ann\u00e9e scolaire 2024-2025 viennent d&rsquo;\u00eatre communiqu\u00e9es par le minist\u00e8re de l&rsquo;\u00c9ducation nationale. \u00c9l\u00e8ves, parents et enseignants peuvent d\u00e9sormais organiser leurs r\u00e9visions et planifier cette p\u00e9riode cruciale qui d\u00e9terminera l&rsquo;orientation future des candidats. Dates cl\u00e9s du DNB 2025 Le Dipl\u00f4me national du brevet se d\u00e9roulera selon un calendrier pr\u00e9cis [&hellip;]<\/p>\n","protected":false},"author":2,"featured_media":213,"comment_status":"open","ping_status":"open","sticky":false,"template":"","format":"standard","meta":{"_seopress_robots_primary_cat":"","_seopress_titles_title":"","_seopress_titles_desc":"","_seopress_robots_index":"","footnotes":""},"categories":[7],"tags":[],"class_list":{"0":"post-214","1":"post","2":"type-post","3":"status-publish","4":"format-standard","5":"has-post-thumbnail","7":"category-societe"},"_links":{"self":[{"href":"https:\/\/www.lycee-eca.fr\/actu\/wp-json\/wp\/v2\/posts\/214","targetHints":{"allow":["GET"]}}],"collection":[{"href":"https:\/\/www.lycee-eca.fr\/actu\/wp-json\/wp\/v2\/posts"}],"about":[{"href":"https:\/\/www.lycee-eca.fr\/actu\/wp-json\/wp\/v2\/types\/post"}],"author":[{"embeddable":true,"href":"https:\/\/www.lycee-eca.fr\/actu\/wp-json\/wp\/v2\/users\/2"}],"replies":[{"embeddable":true,"href":"https:\/\/www.lycee-eca.fr\/actu\/wp-json\/wp\/v2\/comments?post=214"}],"version-history":[{"count":1,"href":"https:\/\/www.lycee-eca.fr\/actu\/wp-json\/wp\/v2\/posts\/214\/revisions"}],"predecessor-version":[{"id":1064,"href":"https:\/\/www.lycee-eca.fr\/actu\/wp-json\/wp\/v2\/posts\/214\/revisions\/1064"}],"wp:featuredmedia":[{"embeddable":true,"href":"https:\/\/www.lycee-eca.fr\/actu\/wp-json\/wp\/v2\/media\/213"}],"wp:attachment":[{"href":"https:\/\/www.lycee-eca.fr\/actu\/wp-json\/wp\/v2\/media?parent=214"}],"wp:term":[{"taxonomy":"category","embeddable":true,"href":"https:\/\/www.lycee-eca.fr\/actu\/wp-json\/wp\/v2\/categories?post=214"},{"taxonomy":"post_tag","embeddable":true,"href":"https:\/\/www.lycee-eca.fr\/actu\/wp-json\/wp\/v2\/tags?post=214"}],"curies":[{"name":"wp","href":"https:\/\/api.w.org\/{rel}","templated":true}]}}