{"id":220,"date":"2025-08-21T14:58:00","date_gmt":"2025-08-21T12:58:00","guid":{"rendered":"https:\/\/www.lycee-eca.fr\/actu\/?p=220"},"modified":"2025-08-21T14:58:00","modified_gmt":"2025-08-21T12:58:00","slug":"comprendre-attentes-lannee-4eme-mieux-reussir","status":"publish","type":"post","link":"https:\/\/www.lycee-eca.fr\/actu\/comprendre-attentes-lannee-4eme-mieux-reussir\/","title":{"rendered":"Comprendre les attentes de l&rsquo;ann\u00e9e de 4\u00e8me pour mieux r\u00e9ussir\u00a0"},"content":{"rendered":"<p>L&rsquo;ann\u00e9e de <em>quatri\u00e8me au coll\u00e8ge<\/em> repr\u00e9sente une phase d\u00e9cisive du parcours scolaire. Cette p\u00e9riode charni\u00e8re demande aux \u00e9l\u00e8ves de consolider leurs acquis tout en d\u00e9veloppant de nouvelles comp\u00e9tences. <strong>Les exigences acad\u00e9miques<\/strong> s&rsquo;intensifient progressivement pour pr\u00e9parer l&rsquo;\u00e9ch\u00e9ance du brevet et l&rsquo;orientation vers le lyc\u00e9e.<\/p>\n<h2>D\u00e9velopper des m\u00e9thodes de travail performantes en classe de quatri\u00e8me<\/h2>\n<p><strong>L&rsquo;organisation personnelle<\/strong> devient primordiale durant cette ann\u00e9e. Les coll\u00e9giens doivent apprendre \u00e0 g\u00e9rer efficacement leur temps entre les diff\u00e9rentes mati\u00e8res. Un emploi du temps structur\u00e9, alternant p\u00e9riodes de travail et moments de d\u00e9tente, favorise la concentration et \u00e9vite la surcharge mentale.<\/p>\n<p>La prise de notes en classe n\u00e9cessite une attention particuli\u00e8re. <em>\u00c9couter activement les explications<\/em> des professeurs et poser des questions pertinentes permettent de mieux assimiler les notions complexes. Les fiches de r\u00e9vision personnalis\u00e9es, r\u00e9dig\u00e9es avec ses propres mots, constituent des outils pr\u00e9cieux pour ancrer durablement les connaissances.<\/p>\n<p>L&rsquo;environnement de travail influence directement les performances scolaires. Un espace calme, bien \u00e9clair\u00e9 et organis\u00e9 optimise les conditions d&rsquo;apprentissage. <strong>La r\u00e9gularit\u00e9 des r\u00e9visions<\/strong> prime sur les s\u00e9ances intensives de derni\u00e8re minute, permettant une meilleure m\u00e9morisation \u00e0 long terme.<\/p>\n<h2>Ma\u00eetriser les disciplines fondamentales du programme de quatri\u00e8me<\/h2>\n<p>En fran\u00e7ais, <em>l&rsquo;analyse textuelle<\/em> occupe une place centrale. Les \u00e9l\u00e8ves d\u00e9veloppent leur capacit\u00e9 \u00e0 identifier les proc\u00e9d\u00e9s stylistiques, interpr\u00e9ter les textes litt\u00e9raires et construire des argumentations coh\u00e9rentes. L&rsquo;expression \u00e9crite exige une ma\u00eetrise solide de la grammaire, de l&rsquo;orthographe et du vocabulaire pour produire des textes structur\u00e9s et nuanc\u00e9s.<\/p>\n<p>Les math\u00e9matiques en quatri\u00e8me approfondissent <strong>l&rsquo;alg\u00e8bre et la g\u00e9om\u00e9trie<\/strong>. La r\u00e9solution d&rsquo;\u00e9quations, la manipulation d&rsquo;expressions alg\u00e9briques et l&rsquo;\u00e9tude des fonctions constituent des comp\u00e9tences essentielles. Les statistiques introduisent les \u00e9l\u00e8ves \u00e0 l&rsquo;analyse de donn\u00e9es et \u00e0 l&rsquo;interpr\u00e9tation graphique.<\/p>\n<table border=\"1\" style=\"width&nbsp;: 100%; border-collapse&nbsp;: collapse;\">\n<thead>\n<tr>\n<th style=\"padding&nbsp;: 10px; background-color&nbsp;: #f2f2f2;\">Mati\u00e8re<\/th>\n<th style=\"padding&nbsp;: 10px; background-color&nbsp;: #f2f2f2;\">Comp\u00e9tences cl\u00e9s<\/th>\n<th style=\"padding&nbsp;: 10px; background-color&nbsp;: #f2f2f2;\">Objectifs prioritaires<\/th>\n<\/tr>\n<\/thead>\n<tbody>\n<tr>\n<td style=\"padding&nbsp;: 10px;\">Fran\u00e7ais<\/td>\n<td style=\"padding&nbsp;: 10px;\">Analyse, expression, argumentation<\/td>\n<td style=\"padding&nbsp;: 10px;\">Pr\u00e9paration au brevet<\/td>\n<\/tr>\n<tr>\n<td style=\"padding&nbsp;: 10px;\">Math\u00e9matiques<\/td>\n<td style=\"padding&nbsp;: 10px;\">Calcul, raisonnement logique<\/td>\n<td style=\"padding&nbsp;: 10px;\">R\u00e9solution de probl\u00e8mes<\/td>\n<\/tr>\n<tr>\n<td style=\"padding&nbsp;: 10px;\">Sciences<\/td>\n<td style=\"padding&nbsp;: 10px;\">Exp\u00e9rimentation, observation<\/td>\n<td style=\"padding&nbsp;: 10px;\">M\u00e9thode scientifique<\/td>\n<\/tr>\n<\/tbody>\n<\/table>\n<p><strong>Les sciences exp\u00e9rimentales<\/strong> enrichissent la culture scientifique des coll\u00e9giens. En physique-chimie, l&rsquo;\u00e9tude des transformations de la mati\u00e8re et des ph\u00e9nom\u00e8nes \u00e9nerg\u00e9tiques d\u00e9veloppe l&rsquo;esprit d&rsquo;analyse. Les SVT \u00e9tudient la diversit\u00e9 du vivant et les interactions avec l&rsquo;environnement, sensibilisant aux enjeux \u00e9cologiques contemporains.<\/p>\n<h2>Viser l&rsquo;excellence pour optimiser son orientation future<\/h2>\n<p><em>La moyenne g\u00e9n\u00e9rale<\/em> en quatri\u00e8me influence directement les possibilit\u00e9s d&rsquo;orientation. Pour acc\u00e9der \u00e0 une seconde g\u00e9n\u00e9rale dans de bonnes conditions, il convient de maintenir une moyenne d&rsquo;au moins 12 sur 20. Cette performance t\u00e9moigne d&rsquo;une ma\u00eetrise satisfaisante des comp\u00e9tences fondamentales.<\/p>\n<p>Les \u00e9valuations nationales permettent de situer objectivement le niveau de chaque \u00e9l\u00e8ve. Ces tests standardis\u00e9s identifient <strong>les points forts et les lacunes<\/strong>, orientant ainsi les efforts de consolidation. Un accompagnement personnalis\u00e9 peut s&rsquo;av\u00e9rer b\u00e9n\u00e9fique pour combler les difficult\u00e9s persistantes.<\/p>\n<p>L&rsquo;apprentissage des langues vivantes d\u00e9veloppe les comp\u00e9tences communicationnelles indispensables dans un monde globalis\u00e9. <em>La ma\u00eetrise orale et \u00e9crite<\/em> de l&rsquo;anglais, de l&rsquo;espagnol ou de l&rsquo;allemand ouvre des perspectives acad\u00e9miques et professionnelles \u00e9largies. L&rsquo;ouverture culturelle enrichit la compr\u00e9hension du monde contemporain.<\/p>\n<p>Voici les \u00e9l\u00e9ments essentiels pour r\u00e9ussir sa quatri\u00e8me :<\/p>\n<ul>\n<li>Maintenir un rythme de travail r\u00e9gulier et \u00e9quilibr\u00e9<\/li>\n<li>D\u00e9velopper son autonomie dans l&rsquo;organisation personnelle<\/li>\n<li>Approfondir les mati\u00e8res fondamentales du tronc commun<\/li>\n<li>Participer activement aux cours et solliciter l&rsquo;aide si n\u00e9cessaire<\/li>\n<li>Pr\u00e9parer progressivement l&rsquo;\u00e9ch\u00e9ance du brevet des coll\u00e8ges<\/li>\n<\/ul>\n<p><strong>La r\u00e9ussite en quatri\u00e8me<\/strong> repose sur l&rsquo;engagement personnel de l&rsquo;\u00e9l\u00e8ve, soutenu par l&rsquo;accompagnement de l&rsquo;\u00e9quipe p\u00e9dagogique et de la famille. Cette collaboration tripartite favorise l&rsquo;\u00e9panouissement scolaire et la construction d&rsquo;un projet d&rsquo;orientation coh\u00e9rent.<\/p>\n","protected":false},"excerpt":{"rendered":"<p>L&rsquo;ann\u00e9e de quatri\u00e8me au coll\u00e8ge repr\u00e9sente une phase d\u00e9cisive du parcours scolaire. Cette p\u00e9riode charni\u00e8re demande aux \u00e9l\u00e8ves de consolider leurs acquis tout en d\u00e9veloppant de nouvelles comp\u00e9tences. Les exigences acad\u00e9miques s&rsquo;intensifient progressivement pour pr\u00e9parer l&rsquo;\u00e9ch\u00e9ance du brevet et l&rsquo;orientation vers le lyc\u00e9e. D\u00e9velopper des m\u00e9thodes de travail performantes en classe de quatri\u00e8me L&rsquo;organisation personnelle [&hellip;]<\/p>\n","protected":false},"author":2,"featured_media":217,"comment_status":"open","ping_status":"open","sticky":false,"template":"","format":"standard","meta":{"_seopress_robots_primary_cat":"","_seopress_titles_title":"","_seopress_titles_desc":"","_seopress_robots_index":"","footnotes":""},"categories":[7],"tags":[],"class_list":{"0":"post-220","1":"post","2":"type-post","3":"status-publish","4":"format-standard","5":"has-post-thumbnail","7":"category-societe"},"_links":{"self":[{"href":"https:\/\/www.lycee-eca.fr\/actu\/wp-json\/wp\/v2\/posts\/220","targetHints":{"allow":["GET"]}}],"collection":[{"href":"https:\/\/www.lycee-eca.fr\/actu\/wp-json\/wp\/v2\/posts"}],"about":[{"href":"https:\/\/www.lycee-eca.fr\/actu\/wp-json\/wp\/v2\/types\/post"}],"author":[{"embeddable":true,"href":"https:\/\/www.lycee-eca.fr\/actu\/wp-json\/wp\/v2\/users\/2"}],"replies":[{"embeddable":true,"href":"https:\/\/www.lycee-eca.fr\/actu\/wp-json\/wp\/v2\/comments?post=220"}],"version-history":[{"count":1,"href":"https:\/\/www.lycee-eca.fr\/actu\/wp-json\/wp\/v2\/posts\/220\/revisions"}],"predecessor-version":[{"id":270,"href":"https:\/\/www.lycee-eca.fr\/actu\/wp-json\/wp\/v2\/posts\/220\/revisions\/270"}],"wp:featuredmedia":[{"embeddable":true,"href":"https:\/\/www.lycee-eca.fr\/actu\/wp-json\/wp\/v2\/media\/217"}],"wp:attachment":[{"href":"https:\/\/www.lycee-eca.fr\/actu\/wp-json\/wp\/v2\/media?parent=220"}],"wp:term":[{"taxonomy":"category","embeddable":true,"href":"https:\/\/www.lycee-eca.fr\/actu\/wp-json\/wp\/v2\/categories?post=220"},{"taxonomy":"post_tag","embeddable":true,"href":"https:\/\/www.lycee-eca.fr\/actu\/wp-json\/wp\/v2\/tags?post=220"}],"curies":[{"name":"wp","href":"https:\/\/api.w.org\/{rel}","templated":true}]}}