{"id":255,"date":"2025-08-21T14:39:36","date_gmt":"2025-08-21T12:39:36","guid":{"rendered":"https:\/\/www.lycee-eca.fr\/actu\/?p=255"},"modified":"2025-08-21T14:39:36","modified_gmt":"2025-08-21T12:39:36","slug":"quel-est-meilleur-moment-faire-ses-devoirs","status":"publish","type":"post","link":"https:\/\/www.lycee-eca.fr\/actu\/quel-est-meilleur-moment-faire-ses-devoirs\/","title":{"rendered":"Quel est le meilleur moment pour faire ses devoirs ?"},"content":{"rendered":"<p>L&rsquo;organisation du temps de travail constitue un d\u00e9fi majeur pour les \u00e9tudiants et leurs familles. Identifier le <strong>moment optimal pour \u00e9tudier<\/strong> n\u00e9cessite de consid\u00e9rer plusieurs facteurs : le rythme biologique, les contraintes familiales et la charge de travail. Chaque apprenant poss\u00e8de des pr\u00e9f\u00e9rences distinctes selon son chronotype et son emploi du temps quotidien.<\/p>\n<h2>Comment cr\u00e9er un planning d&rsquo;\u00e9tude efficace<\/h2>\n<p>La planification hebdomadaire repr\u00e9sente la cl\u00e9 d&rsquo;un apprentissage r\u00e9gulier et structur\u00e9. Un <strong>planning de r\u00e9visions bien con\u00e7u<\/strong> permet d&rsquo;anticiper les \u00e9ch\u00e9ances et d&rsquo;\u00e9viter le stress de derni\u00e8re minute. Cette approche m\u00e9thodique facilite la r\u00e9partition \u00e9quilibr\u00e9e entre travail scolaire et activit\u00e9s de loisirs.<\/p>\n<p>L&rsquo;\u00e9laboration d&rsquo;un emploi du temps personnalis\u00e9 n\u00e9cessite de tenir compte des activit\u00e9s extrascolaires, des contraintes familiales et des p\u00e9riodes de fatigue naturelle. <em>L&rsquo;organisation hebdomadaire<\/em> doit s&rsquo;adapter aux sp\u00e9cificit\u00e9s de chaque situation, notamment en cas de garde altern\u00e9e ou d&rsquo;activit\u00e9s sportives r\u00e9guli\u00e8res.<\/p>\n<p>Voici les \u00e9l\u00e9ments essentiels d&rsquo;un planning efficace :<\/p>\n<ul>\n<li>D\u00e9finir des cr\u00e9neaux fixes pour les r\u00e9visions quotidiennes<\/li>\n<li>Pr\u00e9voir des pauses r\u00e9guli\u00e8res entre les mati\u00e8res<\/li>\n<li>Int\u00e9grer des moments de d\u00e9tente apr\u00e8s l&rsquo;\u00e9cole<\/li>\n<li>R\u00e9server du temps pour les projets longs<\/li>\n<li>Maintenir une flexibilit\u00e9 pour les impr\u00e9vus<\/li>\n<\/ul>\n<h2>Les cr\u00e9neaux horaires les plus favorables \u00e0 l&rsquo;apprentissage<\/h2>\n<p>La <strong>fin d&rsquo;apr\u00e8s-midi<\/strong> pr\u00e9sente des avantages consid\u00e9rables pour consolider les acquis de la journ\u00e9e. Apr\u00e8s une pause bien m\u00e9rit\u00e9e, reprendre les notions \u00e9tudi\u00e9es en classe permet un ancrage m\u00e9moriel optimal. Cette p\u00e9riode favorise la r\u00e9vision des cours r\u00e9cents et l&rsquo;assimilation progressive des nouvelles connaissances.<\/p>\n<p>N\u00e9anmoins, il convient de respecter un <em>temps de d\u00e9compression<\/em> entre la sortie des cours et le d\u00e9but du travail personnel. Un go\u00fbter ou une activit\u00e9 relaxante constitue une transition n\u00e9cessaire pour maintenir la motivation et l&rsquo;efficacit\u00e9 cognitive.<\/p>\n<p>Le tableau suivant compare les diff\u00e9rents moments d&rsquo;\u00e9tude :<\/p>\n<table>\n<tr>\n<th>P\u00e9riode<\/th>\n<th>Avantages<\/th>\n<th>Inconv\u00e9nients<\/th>\n<\/tr>\n<tr>\n<td>Apr\u00e8s l&rsquo;\u00e9cole<\/td>\n<td>Consolidation imm\u00e9diate, m\u00e9moire fra\u00eeche<\/td>\n<td>Fatigue accumul\u00e9e, besoin de pause<\/td>\n<\/tr>\n<tr>\n<td>Matin\u00e9e week-end<\/td>\n<td>Esprit repos\u00e9, concentration optimale<\/td>\n<td>R\u00e9veil difficile, motivation variable<\/td>\n<\/tr>\n<tr>\n<td>Soir\u00e9e<\/td>\n<td>Calme familial, moins de distractions<\/td>\n<td>Fatigue mentale, efficacit\u00e9 r\u00e9duite<\/td>\n<\/tr>\n<\/table>\n<h2>Optimiser les week-ends et les vacances scolaires<\/h2>\n<p>Les <strong>matin\u00e9es de week-end<\/strong> offrent un cadre id\u00e9al pour approfondir certaines mati\u00e8res ou r\u00e9aliser des travaux complexes. L&rsquo;esprit repos\u00e9 favorise la concentration et permet d&rsquo;aborder des exercices demandant plus de r\u00e9flexion. Cette p\u00e9riode convient particuli\u00e8rement \u00e0 la pr\u00e9paration d&rsquo;expos\u00e9s ou \u00e0 l&rsquo;\u00e9laboration de fiches de r\u00e9vision.<\/p>\n<p>Les vacances scolaires n\u00e9cessitent \u00e9galement un <em>rythme d&rsquo;\u00e9tude adapt\u00e9<\/em>. M\u00eame pendant ces p\u00e9riodes de repos, maintenir une activit\u00e9 intellectuelle mod\u00e9r\u00e9e \u00e9vite la rupture totale avec les apprentissages. Quelques s\u00e9ances matinales suffisent pour pr\u00e9server les acquis et pr\u00e9parer la rentr\u00e9e suivante.<\/p>\n<p>L&rsquo;essentiel r\u00e9side dans la recherche d&rsquo;un \u00e9quilibre personnel. Chaque \u00e9l\u00e8ve doit exp\u00e9rimenter diff\u00e9rents cr\u00e9neaux pour identifier celui qui correspond \u00e0 son rythme naturel. La r\u00e9gularit\u00e9 prime sur la dur\u00e9e : mieux vaut \u00e9tudier trente minutes quotidiennement que trois heures ponctuellement. Cette approche progressive favorise l&rsquo;acquisition durable des connaissances et d\u00e9veloppe de bonnes habitudes de travail.<\/p>\n","protected":false},"excerpt":{"rendered":"<p>L&rsquo;organisation du temps de travail constitue un d\u00e9fi majeur pour les \u00e9tudiants et leurs familles. Identifier le moment optimal pour \u00e9tudier n\u00e9cessite de consid\u00e9rer plusieurs facteurs : le rythme biologique, les contraintes familiales et la charge de travail. Chaque apprenant poss\u00e8de des pr\u00e9f\u00e9rences distinctes selon son chronotype et son emploi du temps quotidien. Comment cr\u00e9er [&hellip;]<\/p>\n","protected":false},"author":2,"featured_media":254,"comment_status":"open","ping_status":"open","sticky":false,"template":"","format":"standard","meta":{"_seopress_robots_primary_cat":"","_seopress_titles_title":"","_seopress_titles_desc":"","_seopress_robots_index":"","footnotes":""},"categories":[7],"tags":[],"class_list":{"0":"post-255","1":"post","2":"type-post","3":"status-publish","4":"format-standard","5":"has-post-thumbnail","7":"category-societe"},"_links":{"self":[{"href":"https:\/\/www.lycee-eca.fr\/actu\/wp-json\/wp\/v2\/posts\/255","targetHints":{"allow":["GET"]}}],"collection":[{"href":"https:\/\/www.lycee-eca.fr\/actu\/wp-json\/wp\/v2\/posts"}],"about":[{"href":"https:\/\/www.lycee-eca.fr\/actu\/wp-json\/wp\/v2\/types\/post"}],"author":[{"embeddable":true,"href":"https:\/\/www.lycee-eca.fr\/actu\/wp-json\/wp\/v2\/users\/2"}],"replies":[{"embeddable":true,"href":"https:\/\/www.lycee-eca.fr\/actu\/wp-json\/wp\/v2\/comments?post=255"}],"version-history":[{"count":1,"href":"https:\/\/www.lycee-eca.fr\/actu\/wp-json\/wp\/v2\/posts\/255\/revisions"}],"predecessor-version":[{"id":268,"href":"https:\/\/www.lycee-eca.fr\/actu\/wp-json\/wp\/v2\/posts\/255\/revisions\/268"}],"wp:featuredmedia":[{"embeddable":true,"href":"https:\/\/www.lycee-eca.fr\/actu\/wp-json\/wp\/v2\/media\/254"}],"wp:attachment":[{"href":"https:\/\/www.lycee-eca.fr\/actu\/wp-json\/wp\/v2\/media?parent=255"}],"wp:term":[{"taxonomy":"category","embeddable":true,"href":"https:\/\/www.lycee-eca.fr\/actu\/wp-json\/wp\/v2\/categories?post=255"},{"taxonomy":"post_tag","embeddable":true,"href":"https:\/\/www.lycee-eca.fr\/actu\/wp-json\/wp\/v2\/tags?post=255"}],"curies":[{"name":"wp","href":"https:\/\/api.w.org\/{rel}","templated":true}]}}