{"id":259,"date":"2025-08-22T20:52:00","date_gmt":"2025-08-22T18:52:00","guid":{"rendered":"https:\/\/www.lycee-eca.fr\/actu\/?p=259"},"modified":"2025-08-22T20:52:00","modified_gmt":"2025-08-22T18:52:00","slug":"harcelement-scolaire-comment-deceler","status":"publish","type":"post","link":"https:\/\/www.lycee-eca.fr\/actu\/harcelement-scolaire-comment-deceler\/","title":{"rendered":"Harc\u00e8lement scolaire, comment le d\u00e9celer ?"},"content":{"rendered":"<p>Identifier les manifestations du harc\u00e8lement dans le milieu \u00e9ducatif repr\u00e9sente un d\u00e9fi majeur pour les parents et les professionnels. Cette violence r\u00e9p\u00e9t\u00e9e, qu&rsquo;elle soit <strong>physique ou psychologique<\/strong>, cr\u00e9e un rapport de domination destructeur qui emprisonne la victime dans une spirale d&rsquo;isolement. Reconna\u00eetre les signes pr\u00e9curseurs permet d&rsquo;intervenir rapidement avant que la situation ne d\u00e9g\u00e9n\u00e8re.<\/p>\n<h2>Les diff\u00e9rentes manifestations de la violence scolaire<\/h2>\n<p>Le harc\u00e8lement rev\u00eat plusieurs formes distinctes, chacune ayant ses propres caract\u00e9ristiques. La <strong>violence verbale<\/strong> se traduit par des insultes r\u00e9p\u00e9t\u00e9es, des moqueries cruelles et des railleries syst\u00e9matiques qui visent \u00e0 humilier la victime. Ces attaques verbales laissent des cicatrices psychologiques profondes, souvent invisibles aux yeux des adultes.<\/p>\n<p>La dimension non verbale s&rsquo;exprime \u00e0 travers <em>des gestes obsc\u00e8nes<\/em>, des grimaces m\u00e9prisantes et des attitudes d&rsquo;exclusion d\u00e9lib\u00e9r\u00e9e. Cette forme insidieuse de harc\u00e8lement \u00e9chappe fr\u00e9quemment \u00e0 la surveillance des encadrants, rendant sa d\u00e9tection particuli\u00e8rement complexe.<\/p>\n<p>Les <strong>agressions physiques directes<\/strong> incluent les coups, les claques, les menaces explicites et le racket. Bien que plus visibles, ces comportements violents s&rsquo;accompagnent souvent d&rsquo;une omerta qui complique l&rsquo;intervention des adultes. La violence psychologique, quant \u00e0 elle, utilise la propagation de rumeurs malveillantes, l&rsquo;isolement social orchestr\u00e9 et les processus d&rsquo;humiliation publique.<\/p>\n<table border=\"1\" style=\"border-collapse&nbsp;: collapse; width&nbsp;: 100%;\">\n<tr>\n<th>Type de harc\u00e8lement<\/th>\n<th>Manifestations<\/th>\n<th>Facilit\u00e9 de d\u00e9tection<\/th>\n<\/tr>\n<tr>\n<td>Verbal<\/td>\n<td>Insultes, moqueries, railleries<\/td>\n<td>Moyenne<\/td>\n<\/tr>\n<tr>\n<td>Non verbal<\/td>\n<td>Grimaces, gestes obsc\u00e8nes, exclusion<\/td>\n<td>Difficile<\/td>\n<\/tr>\n<tr>\n<td>Physique<\/td>\n<td>Coups, claques, racket<\/td>\n<td>\u00c9lev\u00e9e<\/td>\n<\/tr>\n<tr>\n<td>Psychologique<\/td>\n<td>Rumeurs, isolement, humiliation<\/td>\n<td>Tr\u00e8s difficile<\/td>\n<\/tr>\n<\/table>\n<h2>Rep\u00e9rer les signaux d&rsquo;alarme chez l&rsquo;enfant victime<\/h2>\n<p>L&rsquo;identification pr\u00e9coce des <strong>sympt\u00f4mes de d\u00e9tresse<\/strong> constitue un enjeu crucial pour \u00e9viter l&rsquo;aggravation de la situation. Les manifestations physiques repr\u00e9sentent souvent les premiers indicateurs visibles. Le stress chronique g\u00e9n\u00e8re des troubles alimentaires significatifs, des pertes de m\u00e9moire et d&rsquo;attention, ainsi que des difficult\u00e9s d&rsquo;endormissement r\u00e9currentes.<\/p>\n<p>Les modifications comportementales r\u00e9v\u00e8lent \u00e9galement la souffrance de l&rsquo;enfant harcel\u00e9. Une <em>tristesse persistante<\/em>, un repli sur soi inhabituel et une irritabilit\u00e9 croissante signalent un mal-\u00eatre profond. La r\u00e9ticence soudaine \u00e0 se rendre dans l&rsquo;\u00e9tablissement scolaire constitue un signal d&rsquo;alarme majeur qui n\u00e9cessite une investigation imm\u00e9diate.<\/p>\n<p>L&rsquo;environnement scolaire subit \u00e9galement les cons\u00e9quences du harc\u00e8lement. Les r\u00e9sultats chutent brutalement, les absences se multiplient sans justification apparente, et le comportement en classe se modifie radicalement. Ces changements simultan\u00e9s dans plusieurs domaines de la vie de l&rsquo;enfant doivent alerter les adultes r\u00e9f\u00e9rents.<\/p>\n<ol>\n<li>Surveillance des changements physiques et psychologiques<\/li>\n<li>Attention aux modifications du comportement scolaire<\/li>\n<li>\u00c9coute active des pr\u00e9occupations exprim\u00e9es par l&rsquo;enfant<\/li>\n<li>Maintien d&rsquo;un dialogue ouvert et bienveillant<\/li>\n<li>Collaboration \u00e9troite avec l&rsquo;\u00e9quipe \u00e9ducative<\/li>\n<\/ol>\n<h2>Identifier les comportements de harc\u00e8lement chez son propre enfant<\/h2>\n<p>Reconna\u00eetre que son enfant puisse \u00eatre <strong>l&rsquo;auteur de violences<\/strong> repr\u00e9sente une r\u00e9alit\u00e9 difficile \u00e0 accepter pour de nombreux parents. Les comportements harceleurs se manifestent par une violence inhabituelle, des propos insultants r\u00e9p\u00e9t\u00e9s et des attitudes manipulatrices envers les pairs. La domination exerc\u00e9e sur d&rsquo;autres enfants r\u00e9v\u00e8le souvent des probl\u00e9matiques personnelles non r\u00e9solues.<\/p>\n<p>La vigilance parentale doit s&rsquo;exercer sur les <em>changements d&rsquo;attitude<\/em> de l&rsquo;enfant \u00e0 la maison et dans ses relations sociales. Un enfant qui d\u00e9veloppe des comportements agressifs n\u00e9cessite un accompagnement sp\u00e9cialis\u00e9 pour comprendre les origines de cette violence et y rem\u00e9dier efficacement.<\/p>\n<p>L&rsquo;importance du dialogue pr\u00e9ventif avec les enfants sur les cons\u00e9quences de la violence ne peut \u00eatre n\u00e9glig\u00e9e. Expliquer la gravit\u00e9 des actes de harc\u00e8lement et leurs r\u00e9percussions sur les victimes contribue \u00e0 d\u00e9velopper l&#8217;empathie et \u00e0 pr\u00e9venir ces comportements destructeurs. Cette sensibilisation doit s&rsquo;accompagner d&rsquo;un suivi r\u00e9gulier pour s&rsquo;assurer de l&rsquo;\u00e9volution positive du comportement.<\/p>\n","protected":false},"excerpt":{"rendered":"<p>Identifier les manifestations du harc\u00e8lement dans le milieu \u00e9ducatif repr\u00e9sente un d\u00e9fi majeur pour les parents et les professionnels. Cette violence r\u00e9p\u00e9t\u00e9e, qu&rsquo;elle soit physique ou psychologique, cr\u00e9e un rapport de domination destructeur qui emprisonne la victime dans une spirale d&rsquo;isolement. Reconna\u00eetre les signes pr\u00e9curseurs permet d&rsquo;intervenir rapidement avant que la situation ne d\u00e9g\u00e9n\u00e8re. Les [&hellip;]<\/p>\n","protected":false},"author":2,"featured_media":258,"comment_status":"open","ping_status":"open","sticky":false,"template":"","format":"standard","meta":{"_seopress_robots_primary_cat":"","_seopress_titles_title":"","_seopress_titles_desc":"","_seopress_robots_index":"","footnotes":""},"categories":[7],"tags":[],"class_list":{"0":"post-259","1":"post","2":"type-post","3":"status-publish","4":"format-standard","5":"has-post-thumbnail","7":"category-societe"},"_links":{"self":[{"href":"https:\/\/www.lycee-eca.fr\/actu\/wp-json\/wp\/v2\/posts\/259","targetHints":{"allow":["GET"]}}],"collection":[{"href":"https:\/\/www.lycee-eca.fr\/actu\/wp-json\/wp\/v2\/posts"}],"about":[{"href":"https:\/\/www.lycee-eca.fr\/actu\/wp-json\/wp\/v2\/types\/post"}],"author":[{"embeddable":true,"href":"https:\/\/www.lycee-eca.fr\/actu\/wp-json\/wp\/v2\/users\/2"}],"replies":[{"embeddable":true,"href":"https:\/\/www.lycee-eca.fr\/actu\/wp-json\/wp\/v2\/comments?post=259"}],"version-history":[{"count":1,"href":"https:\/\/www.lycee-eca.fr\/actu\/wp-json\/wp\/v2\/posts\/259\/revisions"}],"predecessor-version":[{"id":1066,"href":"https:\/\/www.lycee-eca.fr\/actu\/wp-json\/wp\/v2\/posts\/259\/revisions\/1066"}],"wp:featuredmedia":[{"embeddable":true,"href":"https:\/\/www.lycee-eca.fr\/actu\/wp-json\/wp\/v2\/media\/258"}],"wp:attachment":[{"href":"https:\/\/www.lycee-eca.fr\/actu\/wp-json\/wp\/v2\/media?parent=259"}],"wp:term":[{"taxonomy":"category","embeddable":true,"href":"https:\/\/www.lycee-eca.fr\/actu\/wp-json\/wp\/v2\/categories?post=259"},{"taxonomy":"post_tag","embeddable":true,"href":"https:\/\/www.lycee-eca.fr\/actu\/wp-json\/wp\/v2\/tags?post=259"}],"curies":[{"name":"wp","href":"https:\/\/api.w.org\/{rel}","templated":true}]}}