{"id":285,"date":"2025-09-21T17:58:00","date_gmt":"2025-09-21T15:58:00","guid":{"rendered":"https:\/\/www.lycee-eca.fr\/actu\/?p=285"},"modified":"2025-09-18T00:29:12","modified_gmt":"2025-09-17T22:29:12","slug":"cest-officiel-les-dauphins-et-les-orques-ont-franchi-le-point-de-non-retour-de-levolution-pour-vivre-sur-la-terre-ferme","status":"publish","type":"post","link":"https:\/\/www.lycee-eca.fr\/actu\/cest-officiel-les-dauphins-et-les-orques-ont-franchi-le-point-de-non-retour-de-levolution-pour-vivre-sur-la-terre-ferme\/","title":{"rendered":"C&rsquo;est officiel, les dauphins et les orques ont franchi le point de non-retour de l&rsquo;\u00e9volution pour vivre sur la terre ferme"},"content":{"rendered":"<p>Une recherche r\u00e9volutionnaire d\u00e9voil\u00e9e dans Proceedings of the Royal Society B en juillet 2023 transforme notre perception de l&rsquo;\u00e9volution des mammif\u00e8res marins. Les dauphins et les orques ont franchi un <strong>point de non-retour \u00e9volutif<\/strong> les liant irr\u00e9m\u00e9diablement au milieu aquatique. Cette d\u00e9couverte majeure soul\u00e8ve des interrogations cruciales sur leur avenir face aux d\u00e9fis environnementaux contemporains.<\/p>\n<h2>Le seuil critique dans l&rsquo;\u00e9volution des c\u00e9tac\u00e9s<\/h2>\n<p>Les mammif\u00e8res marins tels que les dauphins et les orques descendent d&rsquo;anc\u00eatres terrestres. Leur transition progressive vers l&rsquo;oc\u00e9an constitue l&rsquo;une des histoires \u00e9volutives les plus captivantes du r\u00e8gne animal. Bruna Farina, chercheuse \u00e0 l&rsquo;Universit\u00e9 de Fribourg, a analys\u00e9 plus de 5 600 esp\u00e8ces de mammif\u00e8res pour identifier ce ph\u00e9nom\u00e8ne remarquable.<\/p>\n<p>Ses \u00e9tudes ont r\u00e9v\u00e9l\u00e9 l&rsquo;existence d&rsquo;un <strong>seuil \u00e9volutif crucial<\/strong> s\u00e9parant les cr\u00e9atures semi-aquatiques de celles pleinement adapt\u00e9es \u00e0 la vie marine. Une fois ce seuil franchi, un retour \u00e0 la vie terrestre devient biologiquement impossible.<\/p>\n<p>Les adaptations physiologiques des c\u00e9tac\u00e9s comprennent :<\/p>\n<ul>\n<li>Augmentation significative de la masse corporelle pour maintenir la chaleur corporelle dans les eaux froides<\/li>\n<li>Transformation compl\u00e8te de leur anatomie pour optimiser la nage et les plong\u00e9es profondes<\/li>\n<li>Adoption d&rsquo;un r\u00e9gime alimentaire carnivore soutenant leur m\u00e9tabolisme \u00e9lev\u00e9<\/li>\n<li>Modification fondamentale de leur syst\u00e8me respiratoire<\/li>\n<\/ul>\n<p>Ces changements confirment empiriquement la <em>loi de Dollo<\/em>, \u00e9nonc\u00e9e par le pal\u00e9ontologue belge Louis Dollo au XIXe si\u00e8cle, qui postulait l&rsquo;irr\u00e9versibilit\u00e9 de certaines trajectoires \u00e9volutives.<\/p>\n<h2>Trajectoire \u00e9volutive unidirectionnelle des mammif\u00e8res marins<\/h2>\n<p>L&rsquo;histoire de la vie sur Terre t\u00e9moigne de multiples transitions entre milieux terrestres et aquatiques. Il y a environ 375 millions d&rsquo;ann\u00e9es, les premiers poissons ont quitt\u00e9 les oc\u00e9ans pour coloniser les terres \u00e9merg\u00e9es, donnant naissance aux t\u00e9trapodes, anc\u00eatres de tous les vert\u00e9br\u00e9s terrestres actuels.<\/p>\n<p>De mani\u00e8re paradoxale, certains mammif\u00e8res ont ensuite invers\u00e9 cette tendance il y a environ 250 millions d&rsquo;ann\u00e9es, amor\u00e7ant un retour graduel vers le milieu marin. Ce processus \u00e9volutif n&rsquo;est pas lin\u00e9aire mais comporte des <strong>choix d\u00e9cisifs<\/strong> qui d\u00e9finissent l&rsquo;avenir des esp\u00e8ces.<\/p>\n<table border=\"1\">\n<tr>\n<th>Cat\u00e9gorie<\/th>\n<th>Caract\u00e9ristiques<\/th>\n<th>Exemples<\/th>\n<\/tr>\n<tr>\n<td>Terrestres<\/td>\n<td>Sp\u00e9cifiquement adapt\u00e9s \u00e0 la vie terrestre<\/td>\n<td>\u00c9l\u00e9phants, lions<\/td>\n<\/tr>\n<tr>\n<td>Amphibies<\/td>\n<td>Capacit\u00e9 \u00e0 \u00e9voluer dans les deux environnements<\/td>\n<td>Castors, hippopotames<\/td>\n<\/tr>\n<tr>\n<td>Semi-aquatiques<\/td>\n<td>Pr\u00e9f\u00e9rence pour l&rsquo;eau tout en conservant des capacit\u00e9s terrestres<\/td>\n<td>Loutres, phoques<\/td>\n<\/tr>\n<tr>\n<td>Aquatiques<\/td>\n<td>Sp\u00e9cifiquement adapt\u00e9s \u00e0 la vie marine<\/td>\n<td>Dauphins, orques<\/td>\n<\/tr>\n<\/table>\n<p>La particularit\u00e9 des dauphins et des orques r\u00e9side dans leur <em>passage d\u00e9finitif de cette fronti\u00e8re \u00e9volutive<\/em>. Leurs adaptations marines sont si profondes qu&rsquo;elles ont rendu tout retour \u00e0 une vie terrestre impossible, les liant d\u00e9sormais de mani\u00e8re irr\u00e9vocable aux \u00e9cosyst\u00e8mes marins.<\/p>\n<h2>Implications pour la survie des c\u00e9tac\u00e9s face aux changements environnementaux<\/h2>\n<p>Cette d\u00e9couverte scientifique r\u00e9volutionne notre compr\u00e9hension des m\u00e9canismes d&rsquo;adaptation et de survie des esp\u00e8ces. Dans un contexte de changement climatique et de pollution croissante des oc\u00e9ans, les dauphins et les orques se trouvent dans une situation particuli\u00e8rement pr\u00e9caire.<\/p>\n<p>Leur incapacit\u00e9 \u00e0 revenir \u00e0 un mode de vie terrestre limite consid\u00e9rablement leurs options d&rsquo;adaptation aux modifications de leur habitat. Virag Sharma, expert en g\u00e9nomique compar\u00e9e \u00e0 l&rsquo;Universit\u00e9 de Limerick, propose d&rsquo;\u00e9tendre ces recherches \u00e0 d&rsquo;autres lign\u00e9es de t\u00e9trapodes pour d\u00e9terminer si cette irr\u00e9versibilit\u00e9 constitue une r\u00e8gle g\u00e9n\u00e9rale.<\/p>\n<p>Les implications pour la pr\u00e9servation sont significatives :<\/p>\n<ol>\n<li>N\u00e9cessit\u00e9 d&rsquo;une protection renforc\u00e9e des habitats marins<\/li>\n<li>Importance cruciale de la lutte contre la pollution des oc\u00e9ans<\/li>\n<li>Urgence d&rsquo;actions concert\u00e9es contre le r\u00e9chauffement climatique<\/li>\n<\/ol>\n<p>Le parcours \u00e9volutif unique des dauphins et des orques souligne que certains choix d&rsquo;adaptation, bien qu&rsquo;efficaces \u00e0 court terme, peuvent constituer des <strong>impasses \u00e9volutives \u00e0 long terme<\/strong>. Cette r\u00e9alit\u00e9 met en lumi\u00e8re l&rsquo;importance des initiatives internationales pour pr\u00e9server ces cr\u00e9atures exceptionnelles dont le destin est d\u00e9sormais inextricablement li\u00e9 \u00e0 celui des \u00e9cosyst\u00e8mes marins.<\/p>\n","protected":false},"excerpt":{"rendered":"<p>Une recherche r\u00e9volutionnaire d\u00e9voil\u00e9e dans Proceedings of the Royal Society B en juillet 2023 transforme notre perception de l&rsquo;\u00e9volution des mammif\u00e8res marins. Les dauphins et les orques ont franchi un point de non-retour \u00e9volutif les liant irr\u00e9m\u00e9diablement au milieu aquatique. Cette d\u00e9couverte majeure soul\u00e8ve des interrogations cruciales sur leur avenir face aux d\u00e9fis environnementaux contemporains. [&hellip;]<\/p>\n","protected":false},"author":2,"featured_media":286,"comment_status":"open","ping_status":"open","sticky":false,"template":"","format":"standard","meta":{"_seopress_robots_primary_cat":"","_seopress_titles_title":"","_seopress_titles_desc":"","_seopress_robots_index":"","footnotes":""},"categories":[7],"tags":[],"class_list":{"0":"post-285","1":"post","2":"type-post","3":"status-publish","4":"format-standard","5":"has-post-thumbnail","7":"category-societe"},"_links":{"self":[{"href":"https:\/\/www.lycee-eca.fr\/actu\/wp-json\/wp\/v2\/posts\/285","targetHints":{"allow":["GET"]}}],"collection":[{"href":"https:\/\/www.lycee-eca.fr\/actu\/wp-json\/wp\/v2\/posts"}],"about":[{"href":"https:\/\/www.lycee-eca.fr\/actu\/wp-json\/wp\/v2\/types\/post"}],"author":[{"embeddable":true,"href":"https:\/\/www.lycee-eca.fr\/actu\/wp-json\/wp\/v2\/users\/2"}],"replies":[{"embeddable":true,"href":"https:\/\/www.lycee-eca.fr\/actu\/wp-json\/wp\/v2\/comments?post=285"}],"version-history":[{"count":1,"href":"https:\/\/www.lycee-eca.fr\/actu\/wp-json\/wp\/v2\/posts\/285\/revisions"}],"predecessor-version":[{"id":1440,"href":"https:\/\/www.lycee-eca.fr\/actu\/wp-json\/wp\/v2\/posts\/285\/revisions\/1440"}],"wp:featuredmedia":[{"embeddable":true,"href":"https:\/\/www.lycee-eca.fr\/actu\/wp-json\/wp\/v2\/media\/286"}],"wp:attachment":[{"href":"https:\/\/www.lycee-eca.fr\/actu\/wp-json\/wp\/v2\/media?parent=285"}],"wp:term":[{"taxonomy":"category","embeddable":true,"href":"https:\/\/www.lycee-eca.fr\/actu\/wp-json\/wp\/v2\/categories?post=285"},{"taxonomy":"post_tag","embeddable":true,"href":"https:\/\/www.lycee-eca.fr\/actu\/wp-json\/wp\/v2\/tags?post=285"}],"curies":[{"name":"wp","href":"https:\/\/api.w.org\/{rel}","templated":true}]}}