{"id":2919,"date":"2025-10-09T17:05:00","date_gmt":"2025-10-09T15:05:00","guid":{"rendered":"https:\/\/www.lycee-eca.fr\/actu\/?p=2919"},"modified":"2025-10-09T01:02:12","modified_gmt":"2025-10-08T23:02:12","slug":"la-taxe-fonciere-cest-definitivement-termine-pour-ces-retraites-en-2025-voici-comment-faire-la-demande","status":"publish","type":"post","link":"https:\/\/www.lycee-eca.fr\/actu\/la-taxe-fonciere-cest-definitivement-termine-pour-ces-retraites-en-2025-voici-comment-faire-la-demande\/","title":{"rendered":"La taxe fonci\u00e8re c\u2019est d\u00e9finitivement termin\u00e9 pour ces retrait\u00e9s en 2025, voici comment faire la demande"},"content":{"rendered":"<p>En 2025, une nouvelle mesure fiscale promet de soulager de nombreux retrait\u00e9s fran\u00e7ais gr\u00e2ce \u00e0 l&rsquo;exon\u00e9ration totale de la taxe fonci\u00e8re pour certains seniors. Cette r\u00e9forme vise \u00e0 all\u00e9ger les charges financi\u00e8res des a\u00een\u00e9s, ce qui suscite de nombreuses interrogations. Explorons les d\u00e9tails de cette initiative et les conditions n\u00e9cessaires pour en b\u00e9n\u00e9ficier.<\/p>\n<h2>Crit\u00e8res d&rsquo;\u00c9ligibilit\u00e9 pour l&rsquo;Exon\u00e9ration Totale<\/h2>\n<p>L&rsquo;exon\u00e9ration compl\u00e8te de la taxe fonci\u00e8re en 2025 ciblera sp\u00e9cifiquement les retrait\u00e9s r\u00e9pondant \u00e0 des crit\u00e8res pr\u00e9cis. Les b\u00e9n\u00e9ficiaires devront avoir atteint l&rsquo;\u00e2ge de 75 ans au 1er janvier de l&rsquo;ann\u00e9e d&rsquo;imposition. Le revenu fiscal de r\u00e9f\u00e9rence sera \u00e9galement d\u00e9terminant pour l&rsquo;obtention de cet avantage fiscal.<\/p>\n<ul>\n<li>Plafond de revenus pour une personne seule : 12 704 \u20ac<\/li>\n<li>Plafond de revenus pour un couple : 19 490 \u20ac<\/li>\n<\/ul>\n<p>Ces seuils visent \u00e0 aider les retrait\u00e9s aux ressources modestes, pour qui la taxe fonci\u00e8re repr\u00e9sente une charge importante. Seuls les propri\u00e9taires de leur r\u00e9sidence principale pourront b\u00e9n\u00e9ficier de cette mesure.<\/p>\n<p>Les b\u00e9n\u00e9ficiaires de l&rsquo;allocation de solidarit\u00e9 aux personnes \u00e2g\u00e9es (Aspa) seront particuli\u00e8rement favoris\u00e9s, profitant automatiquement de l&rsquo;exon\u00e9ration totale sans conditions suppl\u00e9mentaires. En 2025, le montant maximal de l&rsquo;Aspa s&rsquo;\u00e9l\u00e8vera \u00e0 1 012,12 \u20ac par mois pour une personne seule.<\/p>\n<h2>Avantages Fiscaux pour les 65-74 Ans<\/h2>\n<p>Les retrait\u00e9s \u00e2g\u00e9s de 65 \u00e0 74 ans b\u00e9n\u00e9ficieront \u00e9galement de cette r\u00e9forme fiscale. Bien qu&rsquo;ils ne puissent pr\u00e9tendre \u00e0 l&rsquo;exon\u00e9ration totale, un abattement de 100 \u20ac sur leur taxe fonci\u00e8re leur sera accord\u00e9, sous r\u00e9serve de respecter les m\u00eames crit\u00e8res de revenus.<\/p>\n<p>Ces avantages fiscaux seront appliqu\u00e9s automatiquement, sans d\u00e9marche particuli\u00e8re. Cependant, il est conseill\u00e9 aux retrait\u00e9s de v\u00e9rifier que l&rsquo;exon\u00e9ration ou l&rsquo;abattement a bien \u00e9t\u00e9 pris en compte sur leur avis d&rsquo;imposition. En cas de doute, contacter le centre des imp\u00f4ts local est recommand\u00e9.<\/p>\n<h2>Implications et Perspectives de la R\u00e9forme<\/h2>\n<p>Cette initiative s&rsquo;inscrit dans une politique plus large visant \u00e0 soutenir le pouvoir d&rsquo;achat des retrait\u00e9s les plus modestes, soulignant l&rsquo;importance de l&rsquo;\u00e9quit\u00e9 fiscale et de la solidarit\u00e9 interg\u00e9n\u00e9rationnelle. Toutefois, certains aspects n\u00e9cessitent une attention particuli\u00e8re.<\/p>\n<p>Il est important de noter que la taxe d&rsquo;enl\u00e8vement des ordures m\u00e9nag\u00e8res (TEOM) restera due, m\u00eame en cas d&rsquo;exon\u00e9ration de la taxe fonci\u00e8re. De plus, pour les b\u00e9n\u00e9ficiaires de l&rsquo;Aspa, une partie de l&rsquo;aide pourrait \u00eatre r\u00e9cup\u00e9r\u00e9e sur la succession si le patrimoine d\u00e9passe un certain seuil.<\/p>\n<p>Les crit\u00e8res d&rsquo;\u00e9ligibilit\u00e9 pourraient \u00e9voluer en fonction de la situation \u00e9conomique du pays. Les retrait\u00e9s sont donc encourag\u00e9s \u00e0 se tenir inform\u00e9s des \u00e9ventuelles modifications de cette mesure. Pour plus d&rsquo;informations, il est possible de consulter les ressources officielles sur la taxe fonci\u00e8re supprim\u00e9e pour les retrait\u00e9s en 2025.<\/p>\n<p>En conclusion, cette r\u00e9forme fiscale repr\u00e9sente une avanc\u00e9e significative pour de nombreux retrait\u00e9s fran\u00e7ais. En r\u00e9duisant leur charge financi\u00e8re, elle contribue \u00e0 am\u00e9liorer leur qualit\u00e9 de vie et leur autonomie. Toutefois, il est crucial pour les b\u00e9n\u00e9ficiaires potentiels de s&rsquo;informer aupr\u00e8s des autorit\u00e9s comp\u00e9tentes afin de comprendre pleinement les implications \u00e0 long terme de cette exon\u00e9ration sur leur situation patrimoniale.<\/p>\n","protected":false},"excerpt":{"rendered":"<p>En 2025, une nouvelle mesure fiscale promet de soulager de nombreux retrait\u00e9s fran\u00e7ais gr\u00e2ce \u00e0 l&rsquo;exon\u00e9ration totale de la taxe fonci\u00e8re pour certains seniors. Cette r\u00e9forme vise \u00e0 all\u00e9ger les charges financi\u00e8res des a\u00een\u00e9s, ce qui suscite de nombreuses interrogations. Explorons les d\u00e9tails de cette initiative et les conditions n\u00e9cessaires pour en b\u00e9n\u00e9ficier. Crit\u00e8res d&rsquo;\u00c9ligibilit\u00e9 [&hellip;]<\/p>\n","protected":false},"author":2,"featured_media":2920,"comment_status":"open","ping_status":"open","sticky":false,"template":"","format":"standard","meta":{"_seopress_robots_primary_cat":"","_seopress_titles_title":"","_seopress_titles_desc":"","_seopress_robots_index":"","footnotes":""},"categories":[7],"tags":[],"class_list":{"0":"post-2919","1":"post","2":"type-post","3":"status-publish","4":"format-standard","5":"has-post-thumbnail","7":"category-societe"},"_links":{"self":[{"href":"https:\/\/www.lycee-eca.fr\/actu\/wp-json\/wp\/v2\/posts\/2919","targetHints":{"allow":["GET"]}}],"collection":[{"href":"https:\/\/www.lycee-eca.fr\/actu\/wp-json\/wp\/v2\/posts"}],"about":[{"href":"https:\/\/www.lycee-eca.fr\/actu\/wp-json\/wp\/v2\/types\/post"}],"author":[{"embeddable":true,"href":"https:\/\/www.lycee-eca.fr\/actu\/wp-json\/wp\/v2\/users\/2"}],"replies":[{"embeddable":true,"href":"https:\/\/www.lycee-eca.fr\/actu\/wp-json\/wp\/v2\/comments?post=2919"}],"version-history":[{"count":1,"href":"https:\/\/www.lycee-eca.fr\/actu\/wp-json\/wp\/v2\/posts\/2919\/revisions"}],"predecessor-version":[{"id":3482,"href":"https:\/\/www.lycee-eca.fr\/actu\/wp-json\/wp\/v2\/posts\/2919\/revisions\/3482"}],"wp:featuredmedia":[{"embeddable":true,"href":"https:\/\/www.lycee-eca.fr\/actu\/wp-json\/wp\/v2\/media\/2920"}],"wp:attachment":[{"href":"https:\/\/www.lycee-eca.fr\/actu\/wp-json\/wp\/v2\/media?parent=2919"}],"wp:term":[{"taxonomy":"category","embeddable":true,"href":"https:\/\/www.lycee-eca.fr\/actu\/wp-json\/wp\/v2\/categories?post=2919"},{"taxonomy":"post_tag","embeddable":true,"href":"https:\/\/www.lycee-eca.fr\/actu\/wp-json\/wp\/v2\/tags?post=2919"}],"curies":[{"name":"wp","href":"https:\/\/api.w.org\/{rel}","templated":true}]}}