{"id":2923,"date":"2025-10-09T16:37:00","date_gmt":"2025-10-09T14:37:00","guid":{"rendered":"https:\/\/www.lycee-eca.fr\/actu\/?p=2923"},"modified":"2025-10-09T01:02:12","modified_gmt":"2025-10-08T23:02:12","slug":"vous-voulez-investir-dans-la-defense-un-nouveau-placement-a-500-euros-minimum-bientot-lance-par-le-gouvernement","status":"publish","type":"post","link":"https:\/\/www.lycee-eca.fr\/actu\/vous-voulez-investir-dans-la-defense-un-nouveau-placement-a-500-euros-minimum-bientot-lance-par-le-gouvernement\/","title":{"rendered":"Vous voulez investir dans la d\u00e9fense ? Un nouveau placement \u00e0 500 euros minimum bient\u00f4t lanc\u00e9 par le gouvernement"},"content":{"rendered":"<p>La d\u00e9fense nationale, pilier de la souverainet\u00e9 fran\u00e7aise, s&rsquo;ouvre d\u00e9sormais aux investissements citoyens. Le 20 mars 2025, Eric Lombard a pr\u00e9sent\u00e9 une initiative novatrice permettant aux Fran\u00e7ais de financer les entreprises du secteur de la d\u00e9fense. Ce placement, accessible d\u00e8s 500 euros, offre une opportunit\u00e9 d&rsquo;investissement patriotique tout en promettant des rendements int\u00e9ressants \u00e0 long terme.<\/p>\n<h2>Un Nouveau Placement pour Soutenir l&rsquo;Industrie de D\u00e9fense<\/h2>\n<p>Bpifrance a lanc\u00e9 un fonds de 450 millions d&rsquo;euros permettant aux citoyens de devenir indirectement actionnaires d&rsquo;entreprises de d\u00e9fense. Ce placement vise \u00e0 mobiliser l&rsquo;\u00e9pargne des particuliers pour renforcer cette industrie strat\u00e9gique, tout en offrant des perspectives de rendement. Le capital sera bloqu\u00e9 pendant au moins cinq ans, une caract\u00e9ristique typique des investissements \u00e0 fort potentiel. Eric Lombard a soulign\u00e9 l&rsquo;importance d&rsquo;associer tous les Fran\u00e7ais \u00e0 cet effort, affirmant qu&rsquo;il s&rsquo;agit de \u00ab bons placements \u00bb.<\/p>\n<p>Les grands r\u00e9seaux bancaires et compagnies d&rsquo;assurances compl\u00e8tent ce dispositif en proposant des fonds priv\u00e9s similaires. Cette mobilisation du secteur financier vise \u00e0 r\u00e9pondre aux besoins estim\u00e9s \u00e0 cinq milliards d&rsquo;euros pour permettre aux entreprises de d\u00e9fense d&rsquo;augmenter leurs capacit\u00e9s de production.<\/p>\n<h2>La Mobilisation du Secteur Financier Fran\u00e7ais<\/h2>\n<p>Les acteurs financiers fran\u00e7ais r\u00e9pondent pr\u00e9sents face aux enjeux s\u00e9curitaires. La F\u00e9d\u00e9ration bancaire fran\u00e7aise (FBF) a confirm\u00e9 sa \u00ab pleine mobilisation pour financer les besoins du secteur \u00bb. Ces \u00e9tablissements investissent d\u00e9j\u00e0 37 milliards d&rsquo;euros dans la d\u00e9fense fran\u00e7aise et pr\u00e9voient d&rsquo;amplifier leur engagement.<\/p>\n<p>France Assureurs, la f\u00e9d\u00e9ration des compagnies d&rsquo;assurance, a \u00e9galement exprim\u00e9 sa d\u00e9termination \u00e0 \u00ab prendre toute sa part dans l&rsquo;effort de r\u00e9armement du pays \u00bb. Ce changement d&rsquo;approche refl\u00e8te une prise de conscience collective face \u00e0 l&rsquo;\u00e9volution du contexte g\u00e9opolitique europ\u00e9en. La construction d&rsquo;une base industrielle et technologique de d\u00e9fense solide n\u00e9cessite l&rsquo;apport combin\u00e9 de financements publics et priv\u00e9s.<\/p>\n<h2>R\u00e9armement Fran\u00e7ais Face aux Nouvelles Menaces Internationales<\/h2>\n<p>La transformation du paysage g\u00e9opolitique mondial acc\u00e9l\u00e8re les efforts de d\u00e9fense fran\u00e7aise. La pression ext\u00e9rieure, notamment la position am\u00e9ricaine envers l&rsquo;Ukraine et la menace russe persistante, pousse la France \u00e0 renforcer rapidement ses capacit\u00e9s d\u00e9fensives.<\/p>\n<p>L&rsquo;\u00e9cosyst\u00e8me industriel fran\u00e7ais de la d\u00e9fense est un atout consid\u00e9rable, comprenant neuf grands groupes comme Dassault Aviation, Safran, Thales ou Airbus, ainsi que 4000 PME et entreprises de taille interm\u00e9diaire. Ce tissu industriel diversifi\u00e9 constitue un terreau fertile pour les investissements.<\/p>\n<p>Des consolidations sectorielles sont envisag\u00e9es pour renforcer la comp\u00e9titivit\u00e9 fran\u00e7aise. Am\u00e9lie de Montchalin, ministre des Comptes publics, a \u00e9voqu\u00e9 la n\u00e9cessit\u00e9 pour ces entreprises de collaborer davantage au niveau europ\u00e9en. Ces rapprochements potentiels s&rsquo;inscrivent dans une dynamique europ\u00e9enne plus large, l&rsquo;Union europ\u00e9enne ayant lanc\u00e9 un plan de r\u00e9armement de 800 milliards d&rsquo;euros \u00e0 l&rsquo;horizon 2030.<\/p>\n<p>En conclusion, l&rsquo;ouverture du secteur de la d\u00e9fense aux investissements citoyens repr\u00e9sente une \u00e9tape cruciale dans le renforcement de la souverainet\u00e9 nationale. En mobilisant \u00e0 la fois les ressources publiques et priv\u00e9es, la France se pr\u00e9pare \u00e0 faire face aux d\u00e9fis s\u00e9curitaires contemporains tout en offrant aux citoyens l&rsquo;opportunit\u00e9 de participer activement \u00e0 cet effort strat\u00e9gique.<\/p>\n","protected":false},"excerpt":{"rendered":"<p>La d\u00e9fense nationale, pilier de la souverainet\u00e9 fran\u00e7aise, s&rsquo;ouvre d\u00e9sormais aux investissements citoyens. Le 20 mars 2025, Eric Lombard a pr\u00e9sent\u00e9 une initiative novatrice permettant aux Fran\u00e7ais de financer les entreprises du secteur de la d\u00e9fense. Ce placement, accessible d\u00e8s 500 euros, offre une opportunit\u00e9 d&rsquo;investissement patriotique tout en promettant des rendements int\u00e9ressants \u00e0 long [&hellip;]<\/p>\n","protected":false},"author":2,"featured_media":2924,"comment_status":"open","ping_status":"open","sticky":false,"template":"","format":"standard","meta":{"_seopress_robots_primary_cat":"","_seopress_titles_title":"","_seopress_titles_desc":"","_seopress_robots_index":"","footnotes":""},"categories":[7],"tags":[],"class_list":{"0":"post-2923","1":"post","2":"type-post","3":"status-publish","4":"format-standard","5":"has-post-thumbnail","7":"category-societe"},"_links":{"self":[{"href":"https:\/\/www.lycee-eca.fr\/actu\/wp-json\/wp\/v2\/posts\/2923","targetHints":{"allow":["GET"]}}],"collection":[{"href":"https:\/\/www.lycee-eca.fr\/actu\/wp-json\/wp\/v2\/posts"}],"about":[{"href":"https:\/\/www.lycee-eca.fr\/actu\/wp-json\/wp\/v2\/types\/post"}],"author":[{"embeddable":true,"href":"https:\/\/www.lycee-eca.fr\/actu\/wp-json\/wp\/v2\/users\/2"}],"replies":[{"embeddable":true,"href":"https:\/\/www.lycee-eca.fr\/actu\/wp-json\/wp\/v2\/comments?post=2923"}],"version-history":[{"count":1,"href":"https:\/\/www.lycee-eca.fr\/actu\/wp-json\/wp\/v2\/posts\/2923\/revisions"}],"predecessor-version":[{"id":3481,"href":"https:\/\/www.lycee-eca.fr\/actu\/wp-json\/wp\/v2\/posts\/2923\/revisions\/3481"}],"wp:featuredmedia":[{"embeddable":true,"href":"https:\/\/www.lycee-eca.fr\/actu\/wp-json\/wp\/v2\/media\/2924"}],"wp:attachment":[{"href":"https:\/\/www.lycee-eca.fr\/actu\/wp-json\/wp\/v2\/media?parent=2923"}],"wp:term":[{"taxonomy":"category","embeddable":true,"href":"https:\/\/www.lycee-eca.fr\/actu\/wp-json\/wp\/v2\/categories?post=2923"},{"taxonomy":"post_tag","embeddable":true,"href":"https:\/\/www.lycee-eca.fr\/actu\/wp-json\/wp\/v2\/tags?post=2923"}],"curies":[{"name":"wp","href":"https:\/\/api.w.org\/{rel}","templated":true}]}}