{"id":295,"date":"2025-09-19T17:53:00","date_gmt":"2025-09-19T15:53:00","guid":{"rendered":"https:\/\/www.lycee-eca.fr\/actu\/?p=295"},"modified":"2025-09-18T00:29:01","modified_gmt":"2025-09-17T22:29:01","slug":"giulia-sarkozy-cette-photo-de-la-fille-de-carla-bruni-et-nicolas-sarkozy-apres-la-victoire-du-psg-fait-polemique","status":"publish","type":"post","link":"https:\/\/www.lycee-eca.fr\/actu\/giulia-sarkozy-cette-photo-de-la-fille-de-carla-bruni-et-nicolas-sarkozy-apres-la-victoire-du-psg-fait-polemique\/","title":{"rendered":"Giulia Sarkozy : cette photo de la fille de Carla Bruni et Nicolas Sarkozy apr\u00e8s la victoire du PSG fait pol\u00e9mique"},"content":{"rendered":"\n<p>La passion pour le football rassemble souvent les familles, mais lorsqu&rsquo;il s&rsquo;agit de c\u00e9l\u00e9brer une victoire historique comme celle du Paris Saint-Germain en Ligue des Champions, certains privil\u00e8ges accord\u00e9s suscitent la controverse. C&rsquo;est exactement ce qui s&rsquo;est pass\u00e9 avec <strong>Giulia Sarkozy, la jeune fille de l&rsquo;ancien pr\u00e9sident Nicolas Sarkozy et de Carla Bruni<\/strong>, dont une photo post\u00e9e apr\u00e8s le triomphe parisien a d\u00e9clench\u00e9 une vive pol\u00e9mique sur les r\u00e9seaux sociaux.<\/p>\n\n\n\n<h2 class=\"wp-block-heading\">La photo controvers\u00e9e de Giulia Sarkozy avec le troph\u00e9e de la Ligue des Champions<\/h2>\n\n\n\n<p>Le 31 mai dernier, le PSG a inscrit l&rsquo;une des pages les plus glorieuses de son histoire en remportant enfin la prestigieuse Ligue des Champions, 32 ans apr\u00e8s le seul sacre fran\u00e7ais obtenu par l&rsquo;Olympique de Marseille. Cette victoire contre l&rsquo;Inter Milan a d\u00e9clench\u00e9 des sc\u00e8nes de liesse dans toute la capitale fran\u00e7aise, malgr\u00e9 quelques incidents regrettables qui ont terni les festivit\u00e9s.<\/p>\n\n\n\n<p>Parmi les supporters les plus enthousiastes se trouvaient <strong>Nicolas Sarkozy et sa fille Giulia, tous deux fervents fans du club parisien<\/strong>. La jeune adolescente de 13 ans a immortalis\u00e9 ces moments exceptionnels sur ses r\u00e9seaux sociaux. Elle a d&rsquo;abord partag\u00e9 une photo la montrant de dos, arborant fi\u00e8rement un maillot du PSG avec le nom \u00ab\u00a0Sarko\u00a0\u00bb en hommage \u00e0 son p\u00e8re.<\/p>\n\n\n\n<p>Cependant, c&rsquo;est une autre image qui a suscit\u00e9 de vives r\u00e9actions. Captur\u00e9e lors des c\u00e9l\u00e9brations au Parc des Princes le 1er juin, on y voit <em>la jeune Giulia tenant le troph\u00e9e de la Ligue des Champions<\/em>, un privil\u00e8ge habituellement r\u00e9serv\u00e9 aux joueurs victorieux. Sur cette photo, son visage est cach\u00e9 derri\u00e8re un emoji, probablement pour se prot\u00e9ger des commentaires malveillants qu&rsquo;elle peut parfois recevoir en ligne.<\/p>\n\n\n\n<figure class=\"wp-block-table\"><table class=\"has-fixed-layout\"><tbody><tr><th>Date<\/th><th>\u00c9v\u00e9nement<\/th><th>Lieu<\/th><\/tr><tr><td>31 mai 2025<\/td><td>Victoire du PSG en Ligue des Champions<\/td><td>Match contre l&rsquo;Inter Milan<\/td><\/tr><tr><td>1er juin 2025<\/td><td>C\u00e9l\u00e9brations et parade des joueurs<\/td><td>Champs-\u00c9lys\u00e9es puis Parc des Princes<\/td><\/tr><\/tbody><\/table><\/figure>\n\n\n\n<h2 class=\"wp-block-heading\">Une adolescente habitu\u00e9e aux temp\u00eates m\u00e9diatiques<\/h2>\n\n\n\n<p>Cette controverse autour du troph\u00e9e n&rsquo;est pas la premi\u00e8re \u00e9preuve m\u00e9diatique pour Giulia Sarkozy. En avril 2025, <strong>sa m\u00e8re Carla Bruni avait exprim\u00e9 son indignation<\/strong> lors d&rsquo;une interview pour son podcast \u00ab\u00a0Carla pour toi\u00a0\u00bb, r\u00e9v\u00e9lant que sa fille avait \u00e9t\u00e9 bannie de TikTok. L&rsquo;ancienne premi\u00e8re dame d\u00e9plorait notamment l&rsquo;existence de \u00ab\u00a0comptes pirates\u00a0\u00bb usurpant l&rsquo;identit\u00e9 de sa fille et potentiellement exploitant son image sans autorisation.<\/p>\n\n\n\n<p>Malgr\u00e9 son jeune \u00e2ge, Giulia semble avoir d\u00e9velopp\u00e9 une certaine r\u00e9silience face aux critiques. En d\u00e9but d&rsquo;ann\u00e9e, elle avait m\u00eame r\u00e9pondu aux commentaires n\u00e9gatifs qu&rsquo;elle re\u00e7oit r\u00e9guli\u00e8rement lors d&rsquo;une session de questions-r\u00e9ponses sur les r\u00e9seaux sociaux. <em>Cette attitude confirme le caract\u00e8re affirm\u00e9 de la fille de l&rsquo;ancien pr\u00e9sident et de la chanteuse-mannequin<\/em>.<\/p>\n\n\n\n<p>Les d\u00e9fis auxquels Giulia Sarkozy est confront\u00e9e mettent en lumi\u00e8re les difficult\u00e9s rencontr\u00e9es par les enfants de personnalit\u00e9s publiques :<\/p>\n\n\n\n<ul class=\"wp-block-list\">\n<li>Exposition m\u00e9diatique pr\u00e9coce et non choisie<\/li>\n\n\n\n<li>Jugements constants sur leurs actions et comportements<\/li>\n\n\n\n<li>Comparaisons incessantes avec leurs parents c\u00e9l\u00e8bres<\/li>\n\n\n\n<li>Difficult\u00e9 \u00e0 construire leur propre identit\u00e9<\/li>\n\n\n\n<li>Risques li\u00e9s \u00e0 l&rsquo;usurpation d&rsquo;identit\u00e9 sur internet<\/li>\n<\/ul>\n\n\n\n<h2 class=\"wp-block-heading\">Entre privil\u00e8ges et vie priv\u00e9e : le d\u00e9licat \u00e9quilibre des enfants de c\u00e9l\u00e9brit\u00e9s<\/h2>\n\n\n\n<p>La pr\u00e9sence de Nicolas Sarkozy et de sa fille aux festivit\u00e9s du PSG s&rsquo;inscrit dans un contexte particulier. Apr\u00e8s la victoire de l&rsquo;\u00e9quipe parisienne, les joueurs ont d\u00e9fil\u00e9 dans Paris, passant sur les Champs-\u00c9lys\u00e9es avant d&rsquo;\u00eatre re\u00e7us par le pr\u00e9sident Emmanuel Macron et son \u00e9pouse. La parade s&rsquo;est termin\u00e9e au Parc des Princes o\u00f9 <strong>les champions ont pr\u00e9sent\u00e9 le troph\u00e9e tant convoit\u00e9 \u00e0 leurs supporters<\/strong>.<\/p>\n\n\n\n<p>C&rsquo;est dans ce cadre que le p\u00e8re et la fille ont pu participer aux c\u00e9l\u00e9brations, b\u00e9n\u00e9ficiant visiblement d&rsquo;un acc\u00e8s privil\u00e9gi\u00e9 qui a permis \u00e0 Giulia de toucher la c\u00e9l\u00e8bre \u00ab\u00a0coupe aux grandes oreilles\u00a0\u00bb. Si ce moment restera certainement m\u00e9morable pour l&rsquo;adolescente, il soul\u00e8ve toutefois des interrogations sur <em>les avantages accord\u00e9s aux proches de personnalit\u00e9s politiques<\/em>.<\/p>\n\n\n\n<p>Cette situation met en lumi\u00e8re la complexit\u00e9 de grandir sous les feux des projecteurs, entre privil\u00e8ges exceptionnels et exposition m\u00e9diatique parfois difficile \u00e0 g\u00e9rer. Pour Giulia Sarkozy et d&rsquo;autres enfants de c\u00e9l\u00e9brit\u00e9s, trouver un \u00e9quilibre entre vie publique et vie priv\u00e9e demeure un d\u00e9fi constant \u00e0 l&rsquo;\u00e8re des m\u00e9dias sociaux omnipr\u00e9sents.<\/p>\n","protected":false},"excerpt":{"rendered":"<p>La passion pour le football rassemble souvent les familles, mais lorsqu&rsquo;il s&rsquo;agit de c\u00e9l\u00e9brer une victoire historique comme celle du Paris Saint-Germain en Ligue des Champions, certains privil\u00e8ges accord\u00e9s suscitent la controverse. C&rsquo;est exactement ce qui s&rsquo;est pass\u00e9 avec Giulia Sarkozy, la jeune fille de l&rsquo;ancien pr\u00e9sident Nicolas Sarkozy et de Carla Bruni, dont une [&hellip;]<\/p>\n","protected":false},"author":2,"featured_media":296,"comment_status":"open","ping_status":"open","sticky":false,"template":"","format":"standard","meta":{"_seopress_robots_primary_cat":"","_seopress_titles_title":"","_seopress_titles_desc":"","_seopress_robots_index":"","footnotes":""},"categories":[7],"tags":[],"class_list":{"0":"post-295","1":"post","2":"type-post","3":"status-publish","4":"format-standard","5":"has-post-thumbnail","7":"category-societe"},"_links":{"self":[{"href":"https:\/\/www.lycee-eca.fr\/actu\/wp-json\/wp\/v2\/posts\/295","targetHints":{"allow":["GET"]}}],"collection":[{"href":"https:\/\/www.lycee-eca.fr\/actu\/wp-json\/wp\/v2\/posts"}],"about":[{"href":"https:\/\/www.lycee-eca.fr\/actu\/wp-json\/wp\/v2\/types\/post"}],"author":[{"embeddable":true,"href":"https:\/\/www.lycee-eca.fr\/actu\/wp-json\/wp\/v2\/users\/2"}],"replies":[{"embeddable":true,"href":"https:\/\/www.lycee-eca.fr\/actu\/wp-json\/wp\/v2\/comments?post=295"}],"version-history":[{"count":1,"href":"https:\/\/www.lycee-eca.fr\/actu\/wp-json\/wp\/v2\/posts\/295\/revisions"}],"predecessor-version":[{"id":1420,"href":"https:\/\/www.lycee-eca.fr\/actu\/wp-json\/wp\/v2\/posts\/295\/revisions\/1420"}],"wp:featuredmedia":[{"embeddable":true,"href":"https:\/\/www.lycee-eca.fr\/actu\/wp-json\/wp\/v2\/media\/296"}],"wp:attachment":[{"href":"https:\/\/www.lycee-eca.fr\/actu\/wp-json\/wp\/v2\/media?parent=295"}],"wp:term":[{"taxonomy":"category","embeddable":true,"href":"https:\/\/www.lycee-eca.fr\/actu\/wp-json\/wp\/v2\/categories?post=295"},{"taxonomy":"post_tag","embeddable":true,"href":"https:\/\/www.lycee-eca.fr\/actu\/wp-json\/wp\/v2\/tags?post=295"}],"curies":[{"name":"wp","href":"https:\/\/api.w.org\/{rel}","templated":true}]}}