{"id":2982,"date":"2025-10-07T11:02:00","date_gmt":"2025-10-07T09:02:00","guid":{"rendered":"https:\/\/www.lycee-eca.fr\/actu\/?p=2982"},"modified":"2025-10-07T02:33:39","modified_gmt":"2025-10-07T00:33:39","slug":"tous-les-salaries-ont-droit-a-12-jours-de-conges-payes-supplementaires-par-an-mais-ne-le-savent-pas","status":"publish","type":"post","link":"https:\/\/www.lycee-eca.fr\/actu\/tous-les-salaries-ont-droit-a-12-jours-de-conges-payes-supplementaires-par-an-mais-ne-le-savent-pas\/","title":{"rendered":"Tous les salari\u00e9s ont droit \u00e0 12 jours de cong\u00e9s pay\u00e9s suppl\u00e9mentaires par an mais ne le savent pas"},"content":{"rendered":"<p>La gestion efficace du temps au travail est un d\u00e9fi pour de nombreux salari\u00e9s, qui doivent jongler entre responsabilit\u00e9s quotidiennes et objectifs \u00e0 atteindre. Heureusement, certains dispositifs l\u00e9gaux offrent des solutions pour obtenir des jours de cong\u00e9s suppl\u00e9mentaires tout en conservant sa r\u00e9mun\u00e9ration. Le Cong\u00e9 de Formation \u00c9conomique, Sociale, Environnementale et Syndicale (CFESES) est un de ces droits m\u00e9connus, permettant jusqu\u2019\u00e0 12 jours d\u2019absence r\u00e9mun\u00e9r\u00e9e par an.<\/p>\n<h2>Le CFESES : Un Droit Accessible \u00e0 Tous<\/h2>\n<p>Contrairement aux id\u00e9es re\u00e7ues, le CFESES n\u2019est pas r\u00e9serv\u00e9 aux repr\u00e9sentants syndicaux. Tous les salari\u00e9s, ind\u00e9pendamment de leur anciennet\u00e9, peuvent en b\u00e9n\u00e9ficier. Les demandeurs d\u2019emploi peuvent \u00e9galement y avoir acc\u00e8s tout en continuant de percevoir leurs indemnit\u00e9s. Pour en b\u00e9n\u00e9ficier, il suffit de soumettre une demande \u00e9crite \u00e0 l\u2019employeur au moins 30 jours avant la formation, en pr\u00e9cisant la date, la dur\u00e9e et l\u2019organisme de formation. L\u2019employeur peut refuser uniquement si l\u2019absence perturbe significativement l\u2019entreprise, avec validation du Comit\u00e9 Social et \u00c9conomique (CSE).<\/p>\n<p>Ces jours de formation sont consid\u00e9r\u00e9s comme du temps de travail effectif, comptant pour le calcul des cong\u00e9s pay\u00e9s et des droits sociaux. Ils offrent aussi des perspectives de d\u00e9veloppement professionnel pour les salari\u00e9s cherchant \u00e0 \u00e9quilibrer productivit\u00e9 et confort au travail.<\/p>\n<h2>Une Diversit\u00e9 de Formations<\/h2>\n<p>Le CFESES propose un large \u00e9ventail de formations visant \u00e0 enrichir les comp\u00e9tences personnelles, professionnelles ou citoyennes des salari\u00e9s. Ces formations sont dispens\u00e9es par des organismes agr\u00e9\u00e9s par l\u2019\u00c9tat. Les th\u00e9matiques incluent la sant\u00e9 au travail, le droit du travail, la prise de parole en public, et l\u2019impact de l\u2019intelligence artificielle dans le milieu professionnel. Cette diversit\u00e9 permet \u00e0 chacun de choisir une formation adapt\u00e9e \u00e0 ses int\u00e9r\u00eats ou besoins.<\/p>\n<p>Les syndicats, tels que la CGT ou la CFDT, organisent r\u00e9guli\u00e8rement des sessions sur des sujets d\u2019actualit\u00e9. Des instituts sp\u00e9cialis\u00e9s, comme l\u2019Institut de Formation Syndicale de Lyon ou l\u2019Institut R\u00e9gional d\u2019\u00c9ducation Ouvri\u00e8re des Hauts-de-France, proposent des programmes vari\u00e9s qui \u00e9voluent avec le monde du travail.<\/p>\n<h2>Financement du CFESES<\/h2>\n<p>Le co\u00fbt des formations peut \u00eatre un obstacle, mais plusieurs options de financement existent. Certains organismes b\u00e9n\u00e9ficient de subventions \u00e9tatiques r\u00e9duisant le co\u00fbt des formations. Dans certaines entreprises, des accords collectifs pr\u00e9voient des fonds d\u00e9di\u00e9s \u00e0 ce type de formation. Le Comit\u00e9 Social et \u00c9conomique dispose souvent d\u2019un budget pour la formation de ses membres, et les syndicats prennent fr\u00e9quemment en charge le financement pour leurs adh\u00e9rents.<\/p>\n<p>Pour les travailleurs souhaitant optimiser leur d\u00e9veloppement professionnel, le CFESES repr\u00e9sente une opportunit\u00e9 pr\u00e9cieuse de s\u2019absenter l\u00e9gitimement tout en continuant \u00e0 percevoir une r\u00e9mun\u00e9ration. Bien que m\u00e9connu, ce droit inscrit dans le code du Travail est essentiel pour enrichir son parcours et ses comp\u00e9tences.<\/p>\n<p>En conclusion, le CFESES est un outil pr\u00e9cieux pour les salari\u00e9s d\u00e9sireux d&rsquo;am\u00e9liorer leurs comp\u00e9tences tout en maintenant un \u00e9quilibre entre travail et formation. En exploitant ce droit, les travailleurs peuvent non seulement accro\u00eetre leur savoir-faire, mais aussi renforcer leur position professionnelle dans un environnement en constante \u00e9volution.<\/p>\n","protected":false},"excerpt":{"rendered":"<p>La gestion efficace du temps au travail est un d\u00e9fi pour de nombreux salari\u00e9s, qui doivent jongler entre responsabilit\u00e9s quotidiennes et objectifs \u00e0 atteindre. Heureusement, certains dispositifs l\u00e9gaux offrent des solutions pour obtenir des jours de cong\u00e9s suppl\u00e9mentaires tout en conservant sa r\u00e9mun\u00e9ration. Le Cong\u00e9 de Formation \u00c9conomique, Sociale, Environnementale et Syndicale (CFESES) est un [&hellip;]<\/p>\n","protected":false},"author":2,"featured_media":2983,"comment_status":"open","ping_status":"open","sticky":false,"template":"","format":"standard","meta":{"_seopress_robots_primary_cat":"","_seopress_titles_title":"","_seopress_titles_desc":"","_seopress_robots_index":"","footnotes":""},"categories":[7],"tags":[],"class_list":{"0":"post-2982","1":"post","2":"type-post","3":"status-publish","4":"format-standard","5":"has-post-thumbnail","7":"category-societe"},"_links":{"self":[{"href":"https:\/\/www.lycee-eca.fr\/actu\/wp-json\/wp\/v2\/posts\/2982","targetHints":{"allow":["GET"]}}],"collection":[{"href":"https:\/\/www.lycee-eca.fr\/actu\/wp-json\/wp\/v2\/posts"}],"about":[{"href":"https:\/\/www.lycee-eca.fr\/actu\/wp-json\/wp\/v2\/types\/post"}],"author":[{"embeddable":true,"href":"https:\/\/www.lycee-eca.fr\/actu\/wp-json\/wp\/v2\/users\/2"}],"replies":[{"embeddable":true,"href":"https:\/\/www.lycee-eca.fr\/actu\/wp-json\/wp\/v2\/comments?post=2982"}],"version-history":[{"count":1,"href":"https:\/\/www.lycee-eca.fr\/actu\/wp-json\/wp\/v2\/posts\/2982\/revisions"}],"predecessor-version":[{"id":3454,"href":"https:\/\/www.lycee-eca.fr\/actu\/wp-json\/wp\/v2\/posts\/2982\/revisions\/3454"}],"wp:featuredmedia":[{"embeddable":true,"href":"https:\/\/www.lycee-eca.fr\/actu\/wp-json\/wp\/v2\/media\/2983"}],"wp:attachment":[{"href":"https:\/\/www.lycee-eca.fr\/actu\/wp-json\/wp\/v2\/media?parent=2982"}],"wp:term":[{"taxonomy":"category","embeddable":true,"href":"https:\/\/www.lycee-eca.fr\/actu\/wp-json\/wp\/v2\/categories?post=2982"},{"taxonomy":"post_tag","embeddable":true,"href":"https:\/\/www.lycee-eca.fr\/actu\/wp-json\/wp\/v2\/tags?post=2982"}],"curies":[{"name":"wp","href":"https:\/\/api.w.org\/{rel}","templated":true}]}}