{"id":3002,"date":"2025-10-04T15:32:00","date_gmt":"2025-10-04T13:32:00","guid":{"rendered":"https:\/\/www.lycee-eca.fr\/actu\/?p=3002"},"modified":"2025-10-01T23:20:25","modified_gmt":"2025-10-01T21:20:25","slug":"un-voisin-demande-a-un-homme-de-changer-le-nom-de-son-chien-pour-cette-raison-inattendue","status":"publish","type":"post","link":"https:\/\/www.lycee-eca.fr\/actu\/un-voisin-demande-a-un-homme-de-changer-le-nom-de-son-chien-pour-cette-raison-inattendue\/","title":{"rendered":"Un voisin demande \u00e0 un homme de changer le nom de son chien pour cette raison inattendue"},"content":{"rendered":"<p>Une histoire \u00e9tonnante circule sur internet, impliquant un homme de 36 ans et sa chienne Charlotte, un crois\u00e9 Montagne des Pyr\u00e9n\u00e9es et Bouvier australien. Cette situation inhabituelle a surgi non pas \u00e0 cause du comportement de l&rsquo;animal, mais \u00e0 cause de son nom. Le propri\u00e9taire a partag\u00e9 son exp\u00e9rience en ligne pour recueillir des avis.<\/p>\n<h2>La Co\u00efncidence D\u00e9clencheuse<\/h2>\n<p>Environ un an apr\u00e8s s&rsquo;\u00eatre install\u00e9 dans son nouveau quartier, l&rsquo;homme a remarqu\u00e9 que sa chienne Charlotte avait une routine bien \u00e9tablie, sortant plusieurs fois par jour. Lorsqu&rsquo;elle s&rsquo;\u00e9loignait trop, il l&rsquo;appelait par son nom pour la faire rentrer. Cette habitude est devenue probl\u00e9matique avec l&rsquo;arriv\u00e9e de nouveaux voisins.<\/p>\n<p>Un jour, alors qu&rsquo;il appelait sa chienne, il entendit une voix crier : \u00ab Pourquoi tu appelles ma fille ? \u00bb. Ignorant la remarque, il continua ses activit\u00e9s. Peu apr\u00e8s, des coups retentirent \u00e0 sa porte. Un voisin imposant et mena\u00e7ant se tenait l\u00e0, furieux que sa fille de deux ans, \u00e9galement pr\u00e9nomm\u00e9e Charlotte, soit appel\u00e9e par un \u00e9tranger.<\/p>\n<h2>Une Exigence Inattendue<\/h2>\n<p>Le p\u00e8re demanda de mani\u00e8re surprenante que le propri\u00e9taire change le nom de sa chienne pour ne pas perturber sa fille. Le propri\u00e9taire refusa, expliquant que sa chienne portait ce nom avant leur arriv\u00e9e. Il sugg\u00e9ra d&rsquo;apprendre \u00e0 la fillette \u00e0 ne pas suivre les inconnus qui l&rsquo;appelleraient.<\/p>\n<p>Cette r\u00e9ponse ne calma pas le voisin, qui insista sur la priorit\u00e9 du pr\u00e9nom humain sur celui d&rsquo;un animal, traitant le propri\u00e9taire d\u2019\u00ab abruti \u00bb.<\/p>\n<h2>R\u00e9actions en Ligne<\/h2>\n<p>D\u00e9sempar\u00e9, le propri\u00e9taire s&rsquo;est tourn\u00e9 vers Reddit pour demander conseil. Les internautes ont r\u00e9agi avec humour et pr\u00e9occupation. Certains ont sugg\u00e9r\u00e9 d&rsquo;adopter un autre animal et de lui donner le pr\u00e9nom de l&rsquo;\u00e9pouse du voisin. D&rsquo;autres ont qualifi\u00e9 la demande de \u00ab stupide \u00bb, soulignant son absurdit\u00e9.<\/p>\n<p>Plusieurs membres ont conseill\u00e9 de rester vigilant quant \u00e0 la s\u00e9curit\u00e9 de Charlotte, craignant que le voisin ne cherche \u00e0 nuire \u00e0 l&rsquo;animal par vengeance.<\/p>\n<h2>Conclusion<\/h2>\n<p>Cette histoire soul\u00e8ve des questions sur les relations de voisinage et les r\u00e9actions disproportionn\u00e9es face \u00e0 des situations anodines. Elle illustre \u00e9galement l&rsquo;attachement que nous avons pour nos animaux, pr\u00eats \u00e0 d\u00e9fendre leur identit\u00e9 face \u00e0 des demandes absurdes. Au-del\u00e0 de l&rsquo;anecdote, elle rappelle l&rsquo;importance de la communication et du respect mutuel dans la cohabitation quotidienne.<\/p>\n","protected":false},"excerpt":{"rendered":"<p>Une histoire \u00e9tonnante circule sur internet, impliquant un homme de 36 ans et sa chienne Charlotte, un crois\u00e9 Montagne des Pyr\u00e9n\u00e9es et Bouvier australien. Cette situation inhabituelle a surgi non pas \u00e0 cause du comportement de l&rsquo;animal, mais \u00e0 cause de son nom. Le propri\u00e9taire a partag\u00e9 son exp\u00e9rience en ligne pour recueillir des avis. [&hellip;]<\/p>\n","protected":false},"author":2,"featured_media":3003,"comment_status":"open","ping_status":"open","sticky":false,"template":"","format":"standard","meta":{"_seopress_robots_primary_cat":"","_seopress_titles_title":"","_seopress_titles_desc":"","_seopress_robots_index":"","footnotes":""},"categories":[7],"tags":[],"class_list":{"0":"post-3002","1":"post","2":"type-post","3":"status-publish","4":"format-standard","5":"has-post-thumbnail","7":"category-societe"},"_links":{"self":[{"href":"https:\/\/www.lycee-eca.fr\/actu\/wp-json\/wp\/v2\/posts\/3002","targetHints":{"allow":["GET"]}}],"collection":[{"href":"https:\/\/www.lycee-eca.fr\/actu\/wp-json\/wp\/v2\/posts"}],"about":[{"href":"https:\/\/www.lycee-eca.fr\/actu\/wp-json\/wp\/v2\/types\/post"}],"author":[{"embeddable":true,"href":"https:\/\/www.lycee-eca.fr\/actu\/wp-json\/wp\/v2\/users\/2"}],"replies":[{"embeddable":true,"href":"https:\/\/www.lycee-eca.fr\/actu\/wp-json\/wp\/v2\/comments?post=3002"}],"version-history":[{"count":1,"href":"https:\/\/www.lycee-eca.fr\/actu\/wp-json\/wp\/v2\/posts\/3002\/revisions"}],"predecessor-version":[{"id":3421,"href":"https:\/\/www.lycee-eca.fr\/actu\/wp-json\/wp\/v2\/posts\/3002\/revisions\/3421"}],"wp:featuredmedia":[{"embeddable":true,"href":"https:\/\/www.lycee-eca.fr\/actu\/wp-json\/wp\/v2\/media\/3003"}],"wp:attachment":[{"href":"https:\/\/www.lycee-eca.fr\/actu\/wp-json\/wp\/v2\/media?parent=3002"}],"wp:term":[{"taxonomy":"category","embeddable":true,"href":"https:\/\/www.lycee-eca.fr\/actu\/wp-json\/wp\/v2\/categories?post=3002"},{"taxonomy":"post_tag","embeddable":true,"href":"https:\/\/www.lycee-eca.fr\/actu\/wp-json\/wp\/v2\/tags?post=3002"}],"curies":[{"name":"wp","href":"https:\/\/api.w.org\/{rel}","templated":true}]}}