{"id":3034,"date":"2025-10-06T17:02:00","date_gmt":"2025-10-06T15:02:00","guid":{"rendered":"https:\/\/www.lycee-eca.fr\/actu\/?p=3034"},"modified":"2025-10-01T23:20:40","modified_gmt":"2025-10-01T21:20:40","slug":"risque-damende-blessures-interdictions-voici-les-regles-2025-a-respecter-avant-tout-feu-dartifice-cet-ete","status":"publish","type":"post","link":"https:\/\/www.lycee-eca.fr\/actu\/risque-damende-blessures-interdictions-voici-les-regles-2025-a-respecter-avant-tout-feu-dartifice-cet-ete\/","title":{"rendered":"Risque d\u2019amende, blessures, interdictions\u2026 Voici les r\u00e8gles 2025 \u00e0 respecter avant tout feu d\u2019artifice cet \u00e9t\u00e9"},"content":{"rendered":"<p>Les feux d&rsquo;artifice, symboles des soir\u00e9es estivales et de la F\u00eate nationale, apportent \u00e9merveillement et parfois perturbation. En France, leur usage est de plus en plus r\u00e9glement\u00e9, surtout depuis 2025, o\u00f9 les restrictions se sont renforc\u00e9es pour des raisons de s\u00e9curit\u00e9 publique et de pr\u00e9vention des incendies.<\/p>\n<h2>Classification et R\u00e9glementation<\/h2>\n<p>Les feux d&rsquo;artifice sont class\u00e9s en quatre cat\u00e9gories selon leur niveau de danger :<\/p>\n<ul>\n<li><strong>F1 :<\/strong> Artifices de tr\u00e8s faible danger, accessibles d\u00e8s 12 ans.<\/li>\n<li><strong>F2 :<\/strong> Artifices \u00e0 faible danger et faible niveau sonore, autoris\u00e9s d\u00e8s 18 ans.<\/li>\n<li><strong>F3 :<\/strong> Danger moyen, usage r\u00e9serv\u00e9 aux zones d\u00e9gag\u00e9es en ext\u00e9rieur.<\/li>\n<li><strong>F4 :<\/strong> R\u00e9serv\u00e9s aux professionnels avec agr\u00e9ment et mat\u00e9riel de protection.<\/li>\n<\/ul>\n<p>Les cat\u00e9gories F3 et F4 n\u00e9cessitent une d\u00e9claration en mairie ou une autorisation pr\u00e9fectorale. En p\u00e9riode sensible, comme la F\u00eate nationale ou en cas de s\u00e9cheresse, de nombreux d\u00e9partements interdisent les cat\u00e9gories F2 \u00e0 F4, ind\u00e9pendamment des pr\u00e9cautions prises.<\/p>\n<h2>D\u00e9cisions Pr\u00e9fectorales<\/h2>\n<p>Les pr\u00e9fectures peuvent imposer des interdictions temporaires pour des raisons de s\u00e9curit\u00e9. Par exemple :<\/p>\n<ul>\n<li>Dans le Loir-et-Cher, un arr\u00eat\u00e9 interdit la possession ou le transport d&rsquo;artifices F2 \u00e0 F4 jusqu&rsquo;au 15 juillet.<\/li>\n<li>En Charente-Maritime, m\u00eame les feux achet\u00e9s ailleurs sont prohib\u00e9s si transport\u00e9s dans une commune concern\u00e9e.<\/li>\n<li>Dans le Cantal, les maires peuvent restreindre les F1 en cas de s\u00e9cheresse extr\u00eame.<\/li>\n<\/ul>\n<h2>R\u00e8gles \u00e0 Respecter pour un Usage Priv\u00e9<\/h2>\n<p>Pour \u00e9viter infractions et accidents, il est crucial de suivre certaines r\u00e8gles :<\/p>\n<ul>\n<li>Se renseigner aupr\u00e8s de sa mairie sur les arr\u00eat\u00e9s locaux en vigueur.<\/li>\n<li>N&rsquo;utiliser que du mat\u00e9riel marqu\u00e9 CE, vendu par des professionnels.<\/li>\n<li>Respecter la distance de s\u00e9curit\u00e9 indiqu\u00e9e sur l&#8217;emballage.<\/li>\n<li>\u00c9viter le tir par vent fort et avoir des r\u00e9serves d&rsquo;eau \u00e0 proximit\u00e9.<\/li>\n<li>Ne jamais bricoler un feu d&rsquo;artifice, car cela peut entra\u00eener des blessures graves.<\/li>\n<\/ul>\n<p>Les produits doivent \u00eatre stock\u00e9s \u00e0 moins de 10 km du lieu de tir, dans un endroit sec et s\u00e9curis\u00e9. En cas d&rsquo;accident, la responsabilit\u00e9 civile de l&rsquo;utilisateur peut \u00eatre engag\u00e9e.<\/p>\n<h2>Conclusion<\/h2>\n<p>Les feux d&rsquo;artifice, bien que festifs, n\u00e9cessitent une grande prudence et le respect des r\u00e9glementations locales pour garantir la s\u00e9curit\u00e9 de tous. Avec des r\u00e8gles de plus en plus strictes, il est essentiel de se tenir inform\u00e9 des interdictions et de suivre les consignes pour profiter de ces spectacles en toute s\u00e9curit\u00e9. La vigilance et le respect des lois locales sont indispensables pour \u00e9viter tout risque et profiter sereinement des festivit\u00e9s estivales.<\/p>\n","protected":false},"excerpt":{"rendered":"<p>Les feux d&rsquo;artifice, symboles des soir\u00e9es estivales et de la F\u00eate nationale, apportent \u00e9merveillement et parfois perturbation. En France, leur usage est de plus en plus r\u00e9glement\u00e9, surtout depuis 2025, o\u00f9 les restrictions se sont renforc\u00e9es pour des raisons de s\u00e9curit\u00e9 publique et de pr\u00e9vention des incendies. Classification et R\u00e9glementation Les feux d&rsquo;artifice sont class\u00e9s [&hellip;]<\/p>\n","protected":false},"author":2,"featured_media":3035,"comment_status":"open","ping_status":"open","sticky":false,"template":"","format":"standard","meta":{"_seopress_robots_primary_cat":"","_seopress_titles_title":"","_seopress_titles_desc":"","_seopress_robots_index":"","footnotes":""},"categories":[7],"tags":[],"class_list":{"0":"post-3034","1":"post","2":"type-post","3":"status-publish","4":"format-standard","5":"has-post-thumbnail","7":"category-societe"},"_links":{"self":[{"href":"https:\/\/www.lycee-eca.fr\/actu\/wp-json\/wp\/v2\/posts\/3034","targetHints":{"allow":["GET"]}}],"collection":[{"href":"https:\/\/www.lycee-eca.fr\/actu\/wp-json\/wp\/v2\/posts"}],"about":[{"href":"https:\/\/www.lycee-eca.fr\/actu\/wp-json\/wp\/v2\/types\/post"}],"author":[{"embeddable":true,"href":"https:\/\/www.lycee-eca.fr\/actu\/wp-json\/wp\/v2\/users\/2"}],"replies":[{"embeddable":true,"href":"https:\/\/www.lycee-eca.fr\/actu\/wp-json\/wp\/v2\/comments?post=3034"}],"version-history":[{"count":1,"href":"https:\/\/www.lycee-eca.fr\/actu\/wp-json\/wp\/v2\/posts\/3034\/revisions"}],"predecessor-version":[{"id":3443,"href":"https:\/\/www.lycee-eca.fr\/actu\/wp-json\/wp\/v2\/posts\/3034\/revisions\/3443"}],"wp:featuredmedia":[{"embeddable":true,"href":"https:\/\/www.lycee-eca.fr\/actu\/wp-json\/wp\/v2\/media\/3035"}],"wp:attachment":[{"href":"https:\/\/www.lycee-eca.fr\/actu\/wp-json\/wp\/v2\/media?parent=3034"}],"wp:term":[{"taxonomy":"category","embeddable":true,"href":"https:\/\/www.lycee-eca.fr\/actu\/wp-json\/wp\/v2\/categories?post=3034"},{"taxonomy":"post_tag","embeddable":true,"href":"https:\/\/www.lycee-eca.fr\/actu\/wp-json\/wp\/v2\/tags?post=3034"}],"curies":[{"name":"wp","href":"https:\/\/api.w.org\/{rel}","templated":true}]}}