{"id":3040,"date":"2025-10-03T07:37:00","date_gmt":"2025-10-03T05:37:00","guid":{"rendered":"https:\/\/www.lycee-eca.fr\/actu\/?p=3040"},"modified":"2025-10-01T23:20:18","modified_gmt":"2025-10-01T21:20:18","slug":"jai-grille-la-priorite-mais-cest-lui-qui-paie-une-regle-du-code-de-la-route-que-presque-personne-ne-connait-explications","status":"publish","type":"post","link":"https:\/\/www.lycee-eca.fr\/actu\/jai-grille-la-priorite-mais-cest-lui-qui-paie-une-regle-du-code-de-la-route-que-presque-personne-ne-connait-explications\/","title":{"rendered":"J\u2019ai grill\u00e9 la priorit\u00e9, mais c\u2019est lui qui paie : une r\u00e8gle du code de la route que presque personne ne conna\u00eet &#8211; explications"},"content":{"rendered":"<p>Lors d&rsquo;un accident de la route, la responsabilit\u00e9 ne revient pas toujours \u00e0 celui qui ne respecte pas la priorit\u00e9. En effet, une r\u00e8gle m\u00e9connue du code de la route peut changer la donne : l&rsquo;abus de priorit\u00e9. Ce concept surprend souvent les automobilistes et motards impliqu\u00e9s dans des collisions.<\/p>\n<p>Imaginez une situation o\u00f9 vous vous engagez \u00e0 une intersection et une moto arrive \u00e0 vive allure par la droite, vous percutant. En th\u00e9orie, vous seriez en tort pour ne pas avoir respect\u00e9 la priorit\u00e9. Cependant, dans certains cas, la justice peut consid\u00e9rer que le conducteur prioritaire a commis un abus de priorit\u00e9, partageant ainsi la responsabilit\u00e9 de l&rsquo;accident.<\/p>\n<h2>Abus de Priorit\u00e9 : Quand le Conducteur Prioritaire Devient Fautif<\/h2>\n<p>Ce concept reste peu connu des usagers de la route. R\u00e9my Josseaume, avocat sp\u00e9cialis\u00e9, explique qu&rsquo;il s&rsquo;agit d&rsquo;un abus de droit, une notion souvent rencontr\u00e9e en droit fiscal ou des soci\u00e9t\u00e9s, mais qui s&rsquo;applique aussi au droit routier. L&rsquo;abus de droit se produit lorsqu&rsquo;un individu exerce un droit de mani\u00e8re excessive, entra\u00eenant des cons\u00e9quences d\u00e9mesur\u00e9es ou dommageables pour les tiers. Dans le contexte routier, cela signifie qu&rsquo;un conducteur prioritaire pourrait agir de mani\u00e8re contraire aux r\u00e8gles de prudence.<\/p>\n<p>Ce n&rsquo;est pas un cas th\u00e9orique. On retrouve r\u00e9guli\u00e8rement cette notion dans les contentieux d&rsquo;assurance apr\u00e8s un accident. M\u00eame si le conducteur est prioritaire, son comportement peut \u00eatre jug\u00e9 abusif, ce qui peut influencer la r\u00e9partition des responsabilit\u00e9s.<\/p>\n<h2>Ce que Dit le Code de la Route et la Justice<\/h2>\n<p>L\u2019article R415-1 du Code de la route stipule que tout conducteur s&rsquo;approchant d&rsquo;une intersection doit v\u00e9rifier que la chauss\u00e9e est libre et circuler \u00e0 une allure mod\u00e9r\u00e9e, surtout si la visibilit\u00e9 est r\u00e9duite. Ne pas respecter cette r\u00e8gle entra\u00eene une contravention de 4e classe avec une amende pouvant aller jusqu&rsquo;\u00e0 375 euros.<\/p>\n<p>R\u00e9my Josseaume pr\u00e9cise qu&rsquo;il a d\u00e9j\u00e0 utilis\u00e9 cet argument dans plusieurs dossiers, bien que ce raisonnement soit peu fr\u00e9quent. Les tribunaux appliquent g\u00e9n\u00e9ralement la r\u00e8gle stricte de la priorit\u00e9, mais peuvent retenir l\u2019abus dans des situations particuli\u00e8res.<\/p>\n<p>Dans la majorit\u00e9 des cas, quand un conducteur ne respecte pas une priorit\u00e9, sa responsabilit\u00e9 est enti\u00e8rement engag\u00e9e. Cependant, si un abus de priorit\u00e9 peut \u00eatre prouv\u00e9, la responsabilit\u00e9 peut \u00eatre partag\u00e9e. Cela signifie que la part de responsabilit\u00e9 de l&rsquo;automobiliste prioritaire sera att\u00e9nu\u00e9e, mais pas totalement \u00e9cart\u00e9e. Il aura toujours une part de tort.<\/p>\n<p>En conclusion, bien que la r\u00e8gle de la priorit\u00e9 soit g\u00e9n\u00e9ralement stricte, il est possible que la responsabilit\u00e9 soit partag\u00e9e si un abus de priorit\u00e9 est prouv\u00e9. Il est donc essentiel pour les conducteurs d&rsquo;exercer leurs droits avec prudence pour \u00e9viter des cons\u00e9quences juridiques inattendues.<\/p>\n","protected":false},"excerpt":{"rendered":"<p>Lors d&rsquo;un accident de la route, la responsabilit\u00e9 ne revient pas toujours \u00e0 celui qui ne respecte pas la priorit\u00e9. En effet, une r\u00e8gle m\u00e9connue du code de la route peut changer la donne : l&rsquo;abus de priorit\u00e9. Ce concept surprend souvent les automobilistes et motards impliqu\u00e9s dans des collisions. Imaginez une situation o\u00f9 vous [&hellip;]<\/p>\n","protected":false},"author":2,"featured_media":3041,"comment_status":"open","ping_status":"open","sticky":false,"template":"","format":"standard","meta":{"_seopress_robots_primary_cat":"","_seopress_titles_title":"","_seopress_titles_desc":"","_seopress_robots_index":"","footnotes":""},"categories":[7],"tags":[],"class_list":{"0":"post-3040","1":"post","2":"type-post","3":"status-publish","4":"format-standard","5":"has-post-thumbnail","7":"category-societe"},"_links":{"self":[{"href":"https:\/\/www.lycee-eca.fr\/actu\/wp-json\/wp\/v2\/posts\/3040","targetHints":{"allow":["GET"]}}],"collection":[{"href":"https:\/\/www.lycee-eca.fr\/actu\/wp-json\/wp\/v2\/posts"}],"about":[{"href":"https:\/\/www.lycee-eca.fr\/actu\/wp-json\/wp\/v2\/types\/post"}],"author":[{"embeddable":true,"href":"https:\/\/www.lycee-eca.fr\/actu\/wp-json\/wp\/v2\/users\/2"}],"replies":[{"embeddable":true,"href":"https:\/\/www.lycee-eca.fr\/actu\/wp-json\/wp\/v2\/comments?post=3040"}],"version-history":[{"count":1,"href":"https:\/\/www.lycee-eca.fr\/actu\/wp-json\/wp\/v2\/posts\/3040\/revisions"}],"predecessor-version":[{"id":3405,"href":"https:\/\/www.lycee-eca.fr\/actu\/wp-json\/wp\/v2\/posts\/3040\/revisions\/3405"}],"wp:featuredmedia":[{"embeddable":true,"href":"https:\/\/www.lycee-eca.fr\/actu\/wp-json\/wp\/v2\/media\/3041"}],"wp:attachment":[{"href":"https:\/\/www.lycee-eca.fr\/actu\/wp-json\/wp\/v2\/media?parent=3040"}],"wp:term":[{"taxonomy":"category","embeddable":true,"href":"https:\/\/www.lycee-eca.fr\/actu\/wp-json\/wp\/v2\/categories?post=3040"},{"taxonomy":"post_tag","embeddable":true,"href":"https:\/\/www.lycee-eca.fr\/actu\/wp-json\/wp\/v2\/tags?post=3040"}],"curies":[{"name":"wp","href":"https:\/\/api.w.org\/{rel}","templated":true}]}}