{"id":3046,"date":"2025-10-07T15:32:00","date_gmt":"2025-10-07T13:32:00","guid":{"rendered":"https:\/\/www.lycee-eca.fr\/actu\/?p=3046"},"modified":"2025-10-07T02:33:39","modified_gmt":"2025-10-07T00:33:39","slug":"francais-je-travaille-au-luxembourg-tout-en-vivant-dans-lhexagone-comment-sera-calculee-ma-future-retraite","status":"publish","type":"post","link":"https:\/\/www.lycee-eca.fr\/actu\/francais-je-travaille-au-luxembourg-tout-en-vivant-dans-lhexagone-comment-sera-calculee-ma-future-retraite\/","title":{"rendered":"Fran\u00e7ais, je travaille au Luxembourg tout en vivant dans l&rsquo;Hexagone : comment sera calcul\u00e9e ma future retraite ?"},"content":{"rendered":"<p>Travailler au Luxembourg tout en r\u00e9sidant en France vous place dans la cat\u00e9gorie des travailleurs frontaliers, soumis \u00e0 des r\u00e8gles de retraite sp\u00e9cifiques, tant luxembourgeoises qu\u2019europ\u00e9ennes. En 2025, le calcul de votre pension d\u00e9pendra de vos ann\u00e9es de cotisation au Luxembourg ainsi que dans d&rsquo;autres \u00c9tats de l&rsquo;Union europ\u00e9enne. Ce cumul de p\u00e9riodes permet de totaliser vos droits et ainsi optimiser votre future retraite.<\/p>\n<h2>Le R\u00e9gime Luxembourgeois : Les Principes de Base<\/h2>\n<p>La retraite au Luxembourg est structur\u00e9e autour de trois piliers :<\/p>\n<ul>\n<li><strong>Le r\u00e9gime l\u00e9gal d\u2019assurance vieillesse (1er pilier) :<\/strong> Obligatoire pour tous les salari\u00e9s, il fonctionne par r\u00e9partition.<\/li>\n<li><strong>Le r\u00e9gime professionnel (2e pilier) :<\/strong> Facultatif et d\u00e9pend de l\u2019employeur. Il fonctionne par capitalisation.<\/li>\n<li><strong>Le r\u00e9gime individuel de pr\u00e9voyance-vieillesse (3e pilier) :<\/strong> \u00c9galement facultatif et bas\u00e9 sur la capitalisation.<\/li>\n<\/ul>\n<p>En tant que travailleur frontalier, vous cotisez obligatoirement au 1er pilier, et potentiellement au 2e si votre employeur le propose. Ces cotisations influenceront le montant global de votre retraite.<\/p>\n<h2>Conditions de Dur\u00e9e et \u00c2ge L\u00e9gal<\/h2>\n<p>Pour obtenir une pension l\u00e9gale luxembourgeoise, il est n\u00e9cessaire d&rsquo;avoir cotis\u00e9 au moins 10 ans (120 mois) au total, y compris les p\u00e9riodes dans d&rsquo;autres \u00c9tats membres de l&rsquo;UE\/EEE\/Suisse. Chaque mois doit comporter au minimum 64 heures de cotisation pour \u00eatre valid\u00e9. L&rsquo;\u00e2ge l\u00e9gal de d\u00e9part est fix\u00e9 \u00e0 65 ans, avec une possibilit\u00e9 de d\u00e9part anticip\u00e9 d\u00e8s 57 ans si vous avez cumul\u00e9 40 ann\u00e9es de cotisations (480 mois). Ces seuils sont valables en 2025, sous r\u00e9serve de r\u00e9formes futures.<\/p>\n<h2>Calcul des Majorations et Plafond de Revenus<\/h2>\n<p>Le r\u00e9gime de retraite obligatoire au Luxembourg inclut deux composantes principales :<\/p>\n<ul>\n<li><strong>Les majorations forfaitaires :<\/strong> Bas\u00e9es sur le nombre d&rsquo;ann\u00e9es cotis\u00e9es, jusqu&rsquo;\u00e0 40 ans.<\/li>\n<li><strong>Les majorations proportionnelles :<\/strong> Bas\u00e9es sur les salaires per\u00e7us durant la carri\u00e8re.<\/li>\n<\/ul>\n<p>Un seuil maximal d&rsquo;int\u00e9gration des revenus existe, souvent limit\u00e9 \u00e0 5 fois le salaire social minimum. Les salaires au-del\u00e0 de ce plafond ne sont pas pris en compte dans le calcul proportionnel. Les taux et indices sont ajust\u00e9s p\u00e9riodiquement pour refl\u00e9ter l&rsquo;inflation et les \u00e9volutions salariales.<\/p>\n<h2>Cumuls et Calcul Comparatif<\/h2>\n<p>Si vous avez travaill\u00e9 au Luxembourg et\/ou dans d&rsquo;autres pays de l&rsquo;UE\/EEE, toutes les p\u00e9riodes de cotisation valid\u00e9es sont cumul\u00e9es pour vos droits. Chaque \u00c9tat effectue un calcul national selon ses propres r\u00e8gles, ainsi qu&rsquo;un calcul europ\u00e9en qui tient compte de l&rsquo;ensemble des p\u00e9riodes. Le montant le plus \u00e9lev\u00e9 entre les deux sera retenu pour votre retraite de base dans ce pays.<\/p>\n<h2>Exemple de Calcul<\/h2>\n<p>Supposons que vous ayez cotis\u00e9 40 ann\u00e9es, dont 10 au Luxembourg et 30 en France, avec un salaire moyen fran\u00e7ais de 40 000 \u20ac. Gr\u00e2ce au cumul des p\u00e9riodes, vous remplissez le temps requis pour le taux plein dans les deux pays. Votre retraite fran\u00e7aise nationale sera calcul\u00e9e sur vos 25 meilleures ann\u00e9es, tandis que votre retraite luxembourgeoise utilisera vos majorations forfaitaires et proportionnelles selon les revenus couverts.<\/p>\n<p>En conclusion, comprendre les r\u00e8gles sp\u00e9cifiques aux travailleurs frontaliers est essentiel pour optimiser votre retraite. En combinant les p\u00e9riodes de cotisation dans diff\u00e9rents pays, vous pouvez maximiser vos droits et garantir une pension plus avantageuse. Assurez-vous de rester inform\u00e9 des r\u00e9formes pouvant affecter votre situation pour planifier efficacement votre avenir financier.<\/p>\n","protected":false},"excerpt":{"rendered":"<p>Travailler au Luxembourg tout en r\u00e9sidant en France vous place dans la cat\u00e9gorie des travailleurs frontaliers, soumis \u00e0 des r\u00e8gles de retraite sp\u00e9cifiques, tant luxembourgeoises qu\u2019europ\u00e9ennes. En 2025, le calcul de votre pension d\u00e9pendra de vos ann\u00e9es de cotisation au Luxembourg ainsi que dans d&rsquo;autres \u00c9tats de l&rsquo;Union europ\u00e9enne. Ce cumul de p\u00e9riodes permet de [&hellip;]<\/p>\n","protected":false},"author":2,"featured_media":3047,"comment_status":"open","ping_status":"open","sticky":false,"template":"","format":"standard","meta":{"_seopress_robots_primary_cat":"","_seopress_titles_title":"","_seopress_titles_desc":"","_seopress_robots_index":"","footnotes":""},"categories":[7],"tags":[],"class_list":{"0":"post-3046","1":"post","2":"type-post","3":"status-publish","4":"format-standard","5":"has-post-thumbnail","7":"category-societe"},"_links":{"self":[{"href":"https:\/\/www.lycee-eca.fr\/actu\/wp-json\/wp\/v2\/posts\/3046","targetHints":{"allow":["GET"]}}],"collection":[{"href":"https:\/\/www.lycee-eca.fr\/actu\/wp-json\/wp\/v2\/posts"}],"about":[{"href":"https:\/\/www.lycee-eca.fr\/actu\/wp-json\/wp\/v2\/types\/post"}],"author":[{"embeddable":true,"href":"https:\/\/www.lycee-eca.fr\/actu\/wp-json\/wp\/v2\/users\/2"}],"replies":[{"embeddable":true,"href":"https:\/\/www.lycee-eca.fr\/actu\/wp-json\/wp\/v2\/comments?post=3046"}],"version-history":[{"count":1,"href":"https:\/\/www.lycee-eca.fr\/actu\/wp-json\/wp\/v2\/posts\/3046\/revisions"}],"predecessor-version":[{"id":3456,"href":"https:\/\/www.lycee-eca.fr\/actu\/wp-json\/wp\/v2\/posts\/3046\/revisions\/3456"}],"wp:featuredmedia":[{"embeddable":true,"href":"https:\/\/www.lycee-eca.fr\/actu\/wp-json\/wp\/v2\/media\/3047"}],"wp:attachment":[{"href":"https:\/\/www.lycee-eca.fr\/actu\/wp-json\/wp\/v2\/media?parent=3046"}],"wp:term":[{"taxonomy":"category","embeddable":true,"href":"https:\/\/www.lycee-eca.fr\/actu\/wp-json\/wp\/v2\/categories?post=3046"},{"taxonomy":"post_tag","embeddable":true,"href":"https:\/\/www.lycee-eca.fr\/actu\/wp-json\/wp\/v2\/tags?post=3046"}],"curies":[{"name":"wp","href":"https:\/\/api.w.org\/{rel}","templated":true}]}}