{"id":3050,"date":"2025-10-12T17:54:00","date_gmt":"2025-10-12T15:54:00","guid":{"rendered":"https:\/\/www.lycee-eca.fr\/actu\/?p=3050"},"modified":"2025-10-10T23:52:15","modified_gmt":"2025-10-10T21:52:15","slug":"cest-la-fin-des-hlm-ce-projet-de-loi-pourrait-tout-bouleverser-pour-ces-17-million-de-locataires","status":"publish","type":"post","link":"https:\/\/www.lycee-eca.fr\/actu\/cest-la-fin-des-hlm-ce-projet-de-loi-pourrait-tout-bouleverser-pour-ces-17-million-de-locataires\/","title":{"rendered":"C\u2019est la fin des HLM : ce projet de loi pourrait tout bouleverser pour ces 1,7 million de locataires"},"content":{"rendered":"<p>Le logement social en France est sur le point de subir des changements significatifs avec deux propositions de loi en discussion. Ces r\u00e9formes pourraient transformer les crit\u00e8res d\u2019attribution et de maintien dans les HLM, affectant potentiellement 1,7 million de locataires. L&rsquo;objectif principal est de faciliter l&rsquo;acc\u00e8s des travailleurs aux logements sociaux et de simplifier la fin des baux pour certains locataires jug\u00e9s moins prioritaires.<\/p>\n<h2>R\u00e9forme des Crit\u00e8res d\u2019Attribution des HLM<\/h2>\n<p>Le groupe Droite r\u00e9publicaine propose de r\u00e9former l\u2019acc\u00e8s aux logements sociaux en incluant explicitement les travailleurs parmi les b\u00e9n\u00e9ficiaires prioritaires. Cette mesure s\u2019ajouterait aux cat\u00e9gories existantes, telles que les personnes handicap\u00e9es ou mal log\u00e9es. Vincent Jeanbrun, rapporteur de ce texte, d\u00e9fend cette approche au nom d\u2019une \u00ab m\u00e9ritocratie r\u00e9publicaine \u00bb, valorisant l\u2019effort et le travail dans l\u2019attribution des logements sociaux.<\/p>\n<p>Toutefois, cette orientation suscite des inqui\u00e9tudes. Val\u00e9rie L\u00e9tard, ministre charg\u00e9e du Logement, avertit que cela pourrait d\u00e9savantager les m\u00e9nages les plus vuln\u00e9rables. Avec 1,7 million de demandeurs qui travaillent d\u00e9j\u00e0, l\u2019ajout de ces personnes aux listes prioritaires pour seulement 180 000 places disponibles annuellement pourrait intensifier les tensions.<\/p>\n<h2>Facilitation de la Fin des Baux Sociaux<\/h2>\n<p>La proposition du d\u00e9put\u00e9 Guillaume Kasbarian vise \u00e0 \u00e9largir les crit\u00e8res permettant aux bailleurs sociaux de r\u00e9silier un contrat de location. Un locataire pourrait voir son bail r\u00e9sili\u00e9 s\u2019il poss\u00e8de un autre logement adapt\u00e9 ou s\u2019il a des revenus suffisants pour le parc priv\u00e9. L\u2019objectif est d\u2019optimiser l\u2019allocation des logements sociaux en lib\u00e9rant des places pour les plus n\u00e9cessiteux.<\/p>\n<p>Cependant, les crit\u00e8res de \u00ab besoins et capacit\u00e9s \u00bb des locataires ne sont pas clairement d\u00e9finis, laissant place \u00e0 des interpr\u00e9tations arbitraires. Des exceptions sont pr\u00e9vues pour prot\u00e9ger les populations vuln\u00e9rables, telles que les locataires \u00e2g\u00e9s de plus de 65 ans ou ceux pr\u00e9sentant un handicap.<\/p>\n<h2>D\u00e9fis d\u2019une Mise en \u0152uvre \u00c9quitable<\/h2>\n<p>Ces propositions soul\u00e8vent des questions d\u2019application pratique. L\u2019absence de crit\u00e8res pr\u00e9cis pourrait compliquer leur mise en \u0153uvre et entra\u00eener des cons\u00e9quences impr\u00e9vues pour les locataires et les bailleurs sociaux. La coordination entre bailleurs, collectivit\u00e9s locales et associations de d\u00e9fense des locataires sera cruciale pour garantir une application juste et efficace. Il est \u00e9galement essentiel que les locataires soient bien inform\u00e9s de leurs droits et obligations dans ce nouveau cadre.<\/p>\n<p>L\u2019impact sur le march\u00e9 du logement social pourrait \u00eatre consid\u00e9rable. La lib\u00e9ration de logements gr\u00e2ce aux crit\u00e8res \u00e9largis de fin de bail pourrait r\u00e9duire les listes d\u2019attente. Cependant, la priorisation bas\u00e9e sur l\u2019emploi pourrait modifier la dynamique d\u2019attribution, favorisant certains groupes au d\u00e9triment d\u2019autres.<\/p>\n<h2>Conclusion<\/h2>\n<p>Ces r\u00e9formes invitent \u00e0 une r\u00e9flexion plus large sur l\u2019\u00e9quilibre entre m\u00e9rite et besoin dans les politiques de logement en France. Elles soulignent la n\u00e9cessit\u00e9 d\u2019adapter ces politiques aux r\u00e9alit\u00e9s socio-\u00e9conomiques actuelles, tout en pr\u00e9servant les principes de solidarit\u00e9 et d\u2019acc\u00e8s \u00e9quitable au logement. L\u2019\u00e9volution des crit\u00e8res d&rsquo;attribution et de maintien dans les HLM doit \u00eatre envisag\u00e9e avec soin pour garantir qu\u2019elle ne compromette pas l\u2019acc\u00e8s des plus vuln\u00e9rables \u00e0 un logement d\u00e9cent.<\/p>\n","protected":false},"excerpt":{"rendered":"<p>Le logement social en France est sur le point de subir des changements significatifs avec deux propositions de loi en discussion. Ces r\u00e9formes pourraient transformer les crit\u00e8res d\u2019attribution et de maintien dans les HLM, affectant potentiellement 1,7 million de locataires. L&rsquo;objectif principal est de faciliter l&rsquo;acc\u00e8s des travailleurs aux logements sociaux et de simplifier la [&hellip;]<\/p>\n","protected":false},"author":2,"featured_media":3051,"comment_status":"open","ping_status":"open","sticky":false,"template":"","format":"standard","meta":{"_seopress_robots_primary_cat":"","_seopress_titles_title":"","_seopress_titles_desc":"","_seopress_robots_index":"","footnotes":""},"categories":[7],"tags":[],"class_list":{"0":"post-3050","1":"post","2":"type-post","3":"status-publish","4":"format-standard","5":"has-post-thumbnail","7":"category-societe"},"_links":{"self":[{"href":"https:\/\/www.lycee-eca.fr\/actu\/wp-json\/wp\/v2\/posts\/3050","targetHints":{"allow":["GET"]}}],"collection":[{"href":"https:\/\/www.lycee-eca.fr\/actu\/wp-json\/wp\/v2\/posts"}],"about":[{"href":"https:\/\/www.lycee-eca.fr\/actu\/wp-json\/wp\/v2\/types\/post"}],"author":[{"embeddable":true,"href":"https:\/\/www.lycee-eca.fr\/actu\/wp-json\/wp\/v2\/users\/2"}],"replies":[{"embeddable":true,"href":"https:\/\/www.lycee-eca.fr\/actu\/wp-json\/wp\/v2\/comments?post=3050"}],"version-history":[{"count":1,"href":"https:\/\/www.lycee-eca.fr\/actu\/wp-json\/wp\/v2\/posts\/3050\/revisions"}],"predecessor-version":[{"id":3513,"href":"https:\/\/www.lycee-eca.fr\/actu\/wp-json\/wp\/v2\/posts\/3050\/revisions\/3513"}],"wp:featuredmedia":[{"embeddable":true,"href":"https:\/\/www.lycee-eca.fr\/actu\/wp-json\/wp\/v2\/media\/3051"}],"wp:attachment":[{"href":"https:\/\/www.lycee-eca.fr\/actu\/wp-json\/wp\/v2\/media?parent=3050"}],"wp:term":[{"taxonomy":"category","embeddable":true,"href":"https:\/\/www.lycee-eca.fr\/actu\/wp-json\/wp\/v2\/categories?post=3050"},{"taxonomy":"post_tag","embeddable":true,"href":"https:\/\/www.lycee-eca.fr\/actu\/wp-json\/wp\/v2\/tags?post=3050"}],"curies":[{"name":"wp","href":"https:\/\/api.w.org\/{rel}","templated":true}]}}