{"id":3072,"date":"2025-10-01T09:31:00","date_gmt":"2025-10-01T07:31:00","guid":{"rendered":"https:\/\/www.lycee-eca.fr\/actu\/?p=3072"},"modified":"2025-09-29T00:37:45","modified_gmt":"2025-09-28T22:37:45","slug":"cest-la-fin-de-linflation-generalisee-mais-cette-annonce-de-dominique-schelcher-systeme-u-inquiete-les-consommateurs","status":"publish","type":"post","link":"https:\/\/www.lycee-eca.fr\/actu\/cest-la-fin-de-linflation-generalisee-mais-cette-annonce-de-dominique-schelcher-systeme-u-inquiete-les-consommateurs\/","title":{"rendered":"\u00ab\u00a0C\u2019est la fin de l\u2019inflation g\u00e9n\u00e9ralis\u00e9e, mais\u2026\u00a0\u00bb : cette annonce de Dominique Schelcher (Syst\u00e8me U) inqui\u00e8te les consommateurs"},"content":{"rendered":"<p>En 2025, le secteur de la grande distribution est confront\u00e9 \u00e0 des d\u00e9fis \u00e9conomiques significatifs. Dominique Schelcher, dirigeant de la Coop\u00e9rative U, offre une analyse approfondie de la situation actuelle du march\u00e9 et des perspectives futures, apportant des r\u00e9ponses aux pr\u00e9occupations des consommateurs et des acteurs de la fili\u00e8re agroalimentaire.<\/p>\n<h2>\u00c9volution des prix dans la grande distribution<\/h2>\n<p>La grande distribution conna\u00eet une phase de transition en mati\u00e8re de tarification. Selon Dominique Schelcher, \u00ab c\u2019est la fin de l\u2019inflation g\u00e9n\u00e9ralis\u00e9e, mais ce n\u2019est pas pour autant le d\u00e9but de la d\u00e9flation g\u00e9n\u00e9ralis\u00e9e \u00bb. Cette observation indique une stabilisation progressive des prix apr\u00e8s une p\u00e9riode de hausses marqu\u00e9es.<\/p>\n<p>Il anticipe des ajustements tarifaires vari\u00e9s selon les cat\u00e9gories de produits. Par exemple, les prix dans les rayons de la parfumerie, de l\u2019hygi\u00e8ne et des produits \u00e0 base de bl\u00e9 pourraient diminuer, tandis que ceux du chocolat pourraient augmenter. Ces fluctuations refl\u00e8tent la complexit\u00e9 des n\u00e9gociations commerciales et l\u2019impact des co\u00fbts de production.<\/p>\n<h2>Soutien aux producteurs locaux<\/h2>\n<p>Face aux difficult\u00e9s des agriculteurs, la Coop\u00e9rative U a lanc\u00e9 l\u2019initiative \u00ab L\u2019amour est tout pr\u00e8s \u00bb pour soutenir les petits producteurs en leur offrant des d\u00e9bouch\u00e9s dans les magasins du groupe. Dominique Schelcher explique : \u00ab Il y a plusieurs actions. La premi\u00e8re, c\u2019est d\u2019aider les petits agriculteurs en difficult\u00e9 en ouvrant les portes de tous les magasins participants pour les aider \u00e0 \u00e9couler leur production. \u00bb<\/p>\n<p>Cette d\u00e9marche inclut \u00e9galement la gestion des surplus agricoles, avec un accent sur des communications efficaces pour \u00e9couler les stocks exc\u00e9dentaires. Cela t\u00e9moigne d\u2019un engagement envers les circuits courts et une consommation responsable, r\u00e9pondant aux attentes des consommateurs en mati\u00e8re de tra\u00e7abilit\u00e9 et de soutien \u00e0 l\u2019\u00e9conomie locale.<\/p>\n<h2>Tensions au sein de la fili\u00e8re agroalimentaire<\/h2>\n<p>Les n\u00e9gociations annuelles entre fournisseurs et distributeurs soulignent les tensions du secteur. Dominique Schelcher note : \u00ab \u00c7a se passe tr\u00e8s bien avec un tr\u00e8s grand nombre de fournisseurs qui ont envie comme nous de relancer la consommation \u00bb. Cependant, il souligne des \u00ab difficult\u00e9s avec certaines grandes multinationales \u00bb, r\u00e9v\u00e9lant les enjeux de pouvoir dans la cha\u00eene d\u2019approvisionnement.<\/p>\n<p>L\u2019initiative \u00ab L\u2019amour est tout pr\u00e8s \u00bb a suscit\u00e9 des critiques de l\u2019Association nationale des industries alimentaires (ANIA), qui la consid\u00e8re comme un simple coup de communication. En r\u00e9ponse, Schelcher d\u00e9fend l\u2019int\u00e9grit\u00e9 de la grande distribution face aux accusations de non-respect de la loi lors des n\u00e9gociations commerciales.<\/p>\n<h2>Perspectives pour le pouvoir d\u2019achat des consommateurs<\/h2>\n<p>L\u2019avenir des prix dans la grande distribution suscite de nombreuses interrogations. Dominique Schelcher se montre prudent : \u00ab Pour l\u2019ann\u00e9e prochaine, il s\u2019attend \u00e0 une \u2018stabilit\u00e9 globale\u2019 des prix, mais pas de \u2018d\u00e9flation\u2019 pour autant \u00bb. Cette projection sugg\u00e8re un apaisement de la pression inflationniste sans promettre une baisse g\u00e9n\u00e9ralis\u00e9e des tarifs.<\/p>\n<p>Cette stabilisation pourrait apporter un certain soulagement aux consommateurs apr\u00e8s des ann\u00e9es de hausses successives. Toutefois, les enseignes doivent concilier ma\u00eetrise des prix, qualit\u00e9 des produits et soutien aux producteurs locaux. Cet \u00e9quilibre d\u00e9licat fa\u00e7onnera le paysage de la consommation dans les mois \u00e0 venir.<\/p>\n<p>En conclusion, la grande distribution en 2025 navigue entre stabilisation des prix, soutien aux producteurs locaux et tensions dans la fili\u00e8re agroalimentaire. Les d\u00e9cisions prises aujourd\u2019hui influenceront durablement le march\u00e9 et la consommation, avec l\u2019objectif de r\u00e9pondre aux attentes des consommateurs tout en soutenant l\u2019\u00e9conomie locale.<\/p>\n","protected":false},"excerpt":{"rendered":"<p>En 2025, le secteur de la grande distribution est confront\u00e9 \u00e0 des d\u00e9fis \u00e9conomiques significatifs. Dominique Schelcher, dirigeant de la Coop\u00e9rative U, offre une analyse approfondie de la situation actuelle du march\u00e9 et des perspectives futures, apportant des r\u00e9ponses aux pr\u00e9occupations des consommateurs et des acteurs de la fili\u00e8re agroalimentaire. \u00c9volution des prix dans la [&hellip;]<\/p>\n","protected":false},"author":2,"featured_media":3073,"comment_status":"open","ping_status":"open","sticky":false,"template":"","format":"standard","meta":{"_seopress_robots_primary_cat":"","_seopress_titles_title":"","_seopress_titles_desc":"","_seopress_robots_index":"","footnotes":""},"categories":[8],"tags":[],"class_list":{"0":"post-3072","1":"post","2":"type-post","3":"status-publish","4":"format-standard","5":"has-post-thumbnail","7":"category-consommation"},"_links":{"self":[{"href":"https:\/\/www.lycee-eca.fr\/actu\/wp-json\/wp\/v2\/posts\/3072","targetHints":{"allow":["GET"]}}],"collection":[{"href":"https:\/\/www.lycee-eca.fr\/actu\/wp-json\/wp\/v2\/posts"}],"about":[{"href":"https:\/\/www.lycee-eca.fr\/actu\/wp-json\/wp\/v2\/types\/post"}],"author":[{"embeddable":true,"href":"https:\/\/www.lycee-eca.fr\/actu\/wp-json\/wp\/v2\/users\/2"}],"replies":[{"embeddable":true,"href":"https:\/\/www.lycee-eca.fr\/actu\/wp-json\/wp\/v2\/comments?post=3072"}],"version-history":[{"count":1,"href":"https:\/\/www.lycee-eca.fr\/actu\/wp-json\/wp\/v2\/posts\/3072\/revisions"}],"predecessor-version":[{"id":3387,"href":"https:\/\/www.lycee-eca.fr\/actu\/wp-json\/wp\/v2\/posts\/3072\/revisions\/3387"}],"wp:featuredmedia":[{"embeddable":true,"href":"https:\/\/www.lycee-eca.fr\/actu\/wp-json\/wp\/v2\/media\/3073"}],"wp:attachment":[{"href":"https:\/\/www.lycee-eca.fr\/actu\/wp-json\/wp\/v2\/media?parent=3072"}],"wp:term":[{"taxonomy":"category","embeddable":true,"href":"https:\/\/www.lycee-eca.fr\/actu\/wp-json\/wp\/v2\/categories?post=3072"},{"taxonomy":"post_tag","embeddable":true,"href":"https:\/\/www.lycee-eca.fr\/actu\/wp-json\/wp\/v2\/tags?post=3072"}],"curies":[{"name":"wp","href":"https:\/\/api.w.org\/{rel}","templated":true}]}}