{"id":3114,"date":"2025-09-29T15:35:00","date_gmt":"2025-09-29T13:35:00","guid":{"rendered":"https:\/\/www.lycee-eca.fr\/actu\/?p=3114"},"modified":"2025-09-29T00:37:33","modified_gmt":"2025-09-28T22:37:33","slug":"cette-nouvelle-version-de-maprimerenov-va-ravir-lensemble-des-beneficiaires-en-2025-une-bonne-nouvelle-annoncee","status":"publish","type":"post","link":"https:\/\/www.lycee-eca.fr\/actu\/cette-nouvelle-version-de-maprimerenov-va-ravir-lensemble-des-beneficiaires-en-2025-une-bonne-nouvelle-annoncee\/","title":{"rendered":"Cette nouvelle version de MaPrimeR\u00e9nov va ravir l\u2019ensemble des b\u00e9n\u00e9ficiaires en 2025, une bonne nouvelle annonc\u00e9e"},"content":{"rendered":"<p>En 2025, MaPrimeR\u00e9nov\u2019 subit des changements significatifs, offrant aux propri\u00e9taires fran\u00e7ais de nouvelles opportunit\u00e9s pour r\u00e9nover leurs logements. Ces ajustements visent \u00e0 faciliter la transition \u00e9nerg\u00e9tique tout en r\u00e9pondant aux enjeux climatiques actuels.<\/p>\n<h2>Les \u00c9volutions Majeures de MaPrimeR\u00e9nov\u2019<\/h2>\n<p>Face \u00e0 l&rsquo;urgence climatique, le gouvernement a d\u00e9cid\u00e9 de renforcer MaPrimeR\u00e9nov\u2019 en augmentant significativement son budget. L&rsquo;objectif est d&rsquo;acc\u00e9l\u00e9rer la transition \u00e9nerg\u00e9tique des logements en France. Parmi les changements notables, les plafonds d\u2019aides ont \u00e9t\u00e9 rehauss\u00e9s, notamment pour les m\u00e9nages \u00e0 revenus interm\u00e9diaires. Cette mesure vise \u00e0 \u00e9largir l&rsquo;acc\u00e8s au dispositif et \u00e0 encourager davantage de propri\u00e9taires \u00e0 entreprendre des travaux ambitieux.<\/p>\n<p>Autre modification importante : le diagnostic de performance \u00e9nerg\u00e9tique (DPE), auparavant obligatoire, devient facultatif jusqu\u2019\u00e0 fin 2025. Cette simplification r\u00e9duit les d\u00e9marches administratives et les co\u00fbts initiaux, facilitant ainsi le lancement de projets de r\u00e9novation.<\/p>\n<h2>Restrictions et Modifications des Aides<\/h2>\n<p>Tandis que certains aspects du dispositif sont assouplis, d&rsquo;autres se durcissent. Les foyers ais\u00e9s verront une r\u00e9duction significative de leur soutien financier pour les r\u00e9novations d\u2019envergure, afin de rediriger les ressources vers ceux qui en ont le plus besoin.<\/p>\n<p>Les subventions pour l\u2019installation de chauffages au bois sont \u00e9galement r\u00e9duites. Cette d\u00e9cision oriente les propri\u00e9taires vers des solutions de chauffage plus durables et conformes aux objectifs environnementaux nationaux.<\/p>\n<p>Pour les copropri\u00e9t\u00e9s, des ajustements sp\u00e9cifiques facilitent les projets collectifs de r\u00e9novation, souvent plus complexes mais offrant un impact environnemental significatif \u00e0 l\u2019\u00e9chelle d\u2019un immeuble.<\/p>\n<h2>Des Opportunit\u00e9s Malgr\u00e9 les Changements<\/h2>\n<p>Malgr\u00e9 certaines restrictions, MaPrimeR\u00e9nov\u2019 2025 continue de proposer de nombreuses opportunit\u00e9s. Le maintien des aides pour certains travaux mono-geste est une bonne nouvelle pour ceux qui pr\u00e9f\u00e8rent une approche progressive.<\/p>\n<p>L\u2019introduction de taux d\u2019\u00e9cr\u00eatement ajust\u00e9s selon les revenus permet une meilleure adaptation aux r\u00e9alit\u00e9s \u00e9conomiques des m\u00e9nages, favorisant ainsi l\u2019\u00e9quit\u00e9 dans l\u2019attribution des aides.<\/p>\n<p>Pour les propri\u00e9taires concern\u00e9s par la taxe d\u2019am\u00e9nagement sur les abris de jardin, MaPrimeR\u00e9nov\u2019 2025 peut offrir une compensation partielle, permettant des \u00e9conomies substantielles sur les travaux de r\u00e9novation \u00e9nerg\u00e9tique.<\/p>\n<h2>Optimiser Votre Projet de R\u00e9novation<\/h2>\n<p>Pour profiter pleinement de MaPrimeR\u00e9nov\u2019 2025, une planification minutieuse est essentielle. Informez-vous sur les nouvelles directives pour anticiper leur impact sur votre projet. Consulter un conseiller France R\u00e9nov\u2019 peut \u00eatre pr\u00e9cieux pour optimiser votre dossier.<\/p>\n<p>Consid\u00e9rez l\u2019impact \u00e0 long terme de vos choix. Si certaines aides diminuent pour des \u00e9quipements sp\u00e9cifiques comme les chauffages au bois, d\u2019autres solutions plus durables b\u00e9n\u00e9ficient d\u2019un soutien renforc\u00e9. Une vision globale de votre projet maximisera les b\u00e9n\u00e9fices financiers et \u00e9cologiques.<\/p>\n<p>En conclusion, les ajustements de MaPrimeR\u00e9nov\u2019 en 2025 repr\u00e9sentent une \u00e9tape cruciale dans la transition \u00e9nerg\u00e9tique des habitations fran\u00e7aises. En comprenant ces \u00e9volutions et en adaptant votre strat\u00e9gie, vous contribuerez efficacement \u00e0 la lutte contre le changement climatique tout en am\u00e9liorant le confort de votre logement.<\/p>\n","protected":false},"excerpt":{"rendered":"<p>En 2025, MaPrimeR\u00e9nov\u2019 subit des changements significatifs, offrant aux propri\u00e9taires fran\u00e7ais de nouvelles opportunit\u00e9s pour r\u00e9nover leurs logements. Ces ajustements visent \u00e0 faciliter la transition \u00e9nerg\u00e9tique tout en r\u00e9pondant aux enjeux climatiques actuels. Les \u00c9volutions Majeures de MaPrimeR\u00e9nov\u2019 Face \u00e0 l&rsquo;urgence climatique, le gouvernement a d\u00e9cid\u00e9 de renforcer MaPrimeR\u00e9nov\u2019 en augmentant significativement son budget. L&rsquo;objectif [&hellip;]<\/p>\n","protected":false},"author":2,"featured_media":3115,"comment_status":"open","ping_status":"open","sticky":false,"template":"","format":"standard","meta":{"_seopress_robots_primary_cat":"","_seopress_titles_title":"","_seopress_titles_desc":"","_seopress_robots_index":"","footnotes":""},"categories":[7],"tags":[],"class_list":{"0":"post-3114","1":"post","2":"type-post","3":"status-publish","4":"format-standard","5":"has-post-thumbnail","7":"category-societe"},"_links":{"self":[{"href":"https:\/\/www.lycee-eca.fr\/actu\/wp-json\/wp\/v2\/posts\/3114","targetHints":{"allow":["GET"]}}],"collection":[{"href":"https:\/\/www.lycee-eca.fr\/actu\/wp-json\/wp\/v2\/posts"}],"about":[{"href":"https:\/\/www.lycee-eca.fr\/actu\/wp-json\/wp\/v2\/types\/post"}],"author":[{"embeddable":true,"href":"https:\/\/www.lycee-eca.fr\/actu\/wp-json\/wp\/v2\/users\/2"}],"replies":[{"embeddable":true,"href":"https:\/\/www.lycee-eca.fr\/actu\/wp-json\/wp\/v2\/comments?post=3114"}],"version-history":[{"count":1,"href":"https:\/\/www.lycee-eca.fr\/actu\/wp-json\/wp\/v2\/posts\/3114\/revisions"}],"predecessor-version":[{"id":3371,"href":"https:\/\/www.lycee-eca.fr\/actu\/wp-json\/wp\/v2\/posts\/3114\/revisions\/3371"}],"wp:featuredmedia":[{"embeddable":true,"href":"https:\/\/www.lycee-eca.fr\/actu\/wp-json\/wp\/v2\/media\/3115"}],"wp:attachment":[{"href":"https:\/\/www.lycee-eca.fr\/actu\/wp-json\/wp\/v2\/media?parent=3114"}],"wp:term":[{"taxonomy":"category","embeddable":true,"href":"https:\/\/www.lycee-eca.fr\/actu\/wp-json\/wp\/v2\/categories?post=3114"},{"taxonomy":"post_tag","embeddable":true,"href":"https:\/\/www.lycee-eca.fr\/actu\/wp-json\/wp\/v2\/tags?post=3114"}],"curies":[{"name":"wp","href":"https:\/\/api.w.org\/{rel}","templated":true}]}}