{"id":3118,"date":"2025-09-29T16:37:00","date_gmt":"2025-09-29T14:37:00","guid":{"rendered":"https:\/\/www.lycee-eca.fr\/actu\/?p=3118"},"modified":"2025-09-29T00:37:33","modified_gmt":"2025-09-28T22:37:33","slug":"je-nai-pas-honte-de-dire-que-je-vis-aux-crochets-de-letat-voici-la-pension-de-retraite-dune-personne-qui-na-jamais-travaille-et-qui-profite-du-systeme-francais","status":"publish","type":"post","link":"https:\/\/www.lycee-eca.fr\/actu\/je-nai-pas-honte-de-dire-que-je-vis-aux-crochets-de-letat-voici-la-pension-de-retraite-dune-personne-qui-na-jamais-travaille-et-qui-profite-du-systeme-francais\/","title":{"rendered":"Je n&rsquo;ai pas honte de dire que je vis aux crochets de l&rsquo;\u00c9tat : voici la pension de retraite d&rsquo;une personne qui n&rsquo;a jamais travaill\u00e9 et qui profite du syst\u00e8me fran\u00e7ais"},"content":{"rendered":"<p>En France, m\u00eame sans avoir exerc\u00e9 une activit\u00e9 professionnelle, il est possible de b\u00e9n\u00e9ficier d&rsquo;une pension de retraite gr\u00e2ce \u00e0 l&rsquo;allocation de solidarit\u00e9 aux personnes \u00e2g\u00e9es (ASPA). Ce dispositif, pr\u00e9vu pour 2025, assure un revenu mensuel d\u00e9cent aux personnes n&rsquo;ayant pas cotis\u00e9, illustrant la solidarit\u00e9 nationale envers les plus vuln\u00e9rables.<\/p>\n<h2>Le Fonctionnement de l&rsquo;ASPA<\/h2>\n<p>Le syst\u00e8me de retraite fran\u00e7ais repose principalement sur les cotisations, mais inclut \u00e9galement l&rsquo;ASPA pour ceux qui n&rsquo;ont pas cotis\u00e9. Destin\u00e9e aux personnes de plus de 65 ans avec des ressources limit\u00e9es, cette allocation compense l&rsquo;absence de carri\u00e8re salari\u00e9e. En 2025, elle s&rsquo;\u00e9l\u00e8ve \u00e0 1 034,28 \u20ac par mois pour une personne seule, offrant un soutien crucial. Pour un couple, ce montant peut atteindre 1 605,73 \u20ac.<\/p>\n<h2>Absence de Trimestres Cotis\u00e9s<\/h2>\n<p>Contrairement aux p\u00e9riodes de ch\u00f4mage indemnis\u00e9 ou aux trimestres r\u00e9put\u00e9s cotis\u00e9s, les allocations comme le RSA ou l&rsquo;AAH ne g\u00e9n\u00e8rent pas de droits \u00e0 la retraite. Ainsi, une personne ayant v\u00e9cu de l&rsquo;AAH sans cotiser bascule \u00e0 62 ans sur une pension d\u2019inaptitude avant de pouvoir pr\u00e9tendre \u00e0 l\u2019ASPA.<\/p>\n<h2>Comparaison avec les Retraites Cotisantes<\/h2>\n<p>En 2022, la pension moyenne d\u2019un retrait\u00e9 cotisant \u00e9tait de 1 512 \u20ac nets par mois, soit environ 50 % de plus que l\u2019ASPA pour un non-cotisant. Cela montre que plus le parcours professionnel est long et r\u00e9gulier, plus le niveau de vie \u00e0 la retraite est \u00e9lev\u00e9. L&rsquo;ASPA assure un revenu minimal pour ceux dont la carri\u00e8re n\u2019a pas permis d\u2019acqu\u00e9rir suffisamment de droits.<\/p>\n<h2>Conditions d\u2019\u00c9ligibilit\u00e9 et D\u00e9marches<\/h2>\n<h3>Crit\u00e8res d\u2019\u00c9ligibilit\u00e9<\/h3>\n<ul>\n<li>Avoir au moins 65 ans, ou 62 ans en cas de handicap reconnu ou d\u2019inaptitude au travail.<\/li>\n<li>R\u00e9sider en France plus de neuf mois par an.<\/li>\n<li>Ne pas d\u00e9passer 1 034,28 \u20ac mensuels pour une personne seule ou 1 605,73 \u20ac pour un couple.<\/li>\n<\/ul>\n<p>Les b\u00e9n\u00e9ficiaires doivent d\u00e9clarer r\u00e9guli\u00e8rement leurs revenus et signaler tout changement de situation pour maintenir la prestation.<\/p>\n<h3>Modalit\u00e9s de Demande<\/h3>\n<ul>\n<li>La demande s\u2019effectue aupr\u00e8s du Centre communal d\u2019action sociale (CCAS) ou en ligne sur le portail Info-retraite.<\/li>\n<li>Le dossier doit inclure une pi\u00e8ce d\u2019identit\u00e9, un justificatif de domicile, un relev\u00e9 d\u2019identit\u00e9 bancaire et les justificatifs de ressources des trois derniers mois.<\/li>\n<\/ul>\n<p>Un dossier complet acc\u00e9l\u00e8re l\u2019instruction et les versements, souvent sous trois \u00e0 six semaines apr\u00e8s r\u00e9ception des documents requis.<\/p>\n<h2>Un Syst\u00e8me Indispensable mais Sous Tension<\/h2>\n<p>Avec le vieillissement de la population, le co\u00fbt de l\u2019ASPA augmente, mettant ce dispositif sous pression budg\u00e9taire. Malgr\u00e9 les tentatives de r\u00e9forme, ce filet de s\u00e9curit\u00e9 reste essentiel pour pr\u00e9venir la pr\u00e9carit\u00e9 chez les plus vuln\u00e9rables. En 2025, il d\u00e9montre l&rsquo;importance de la coh\u00e9sion sociale, qui ne se limite pas aux cotisations pass\u00e9es, mais inclut la capacit\u00e9 collective \u00e0 assurer une vieillesse digne pour chacun.<\/p>\n<p>En conclusion, l&rsquo;ASPA est un pilier crucial du syst\u00e8me de protection sociale fran\u00e7ais, garantissant un revenu minimum aux personnes \u00e2g\u00e9es sans carri\u00e8re professionnelle. Ce dispositif refl\u00e8te l&rsquo;engagement de la soci\u00e9t\u00e9 \u00e0 soutenir ses membres les plus fragiles, assurant ainsi une vieillesse d\u00e9cente pour tous.<\/p>\n","protected":false},"excerpt":{"rendered":"<p>En France, m\u00eame sans avoir exerc\u00e9 une activit\u00e9 professionnelle, il est possible de b\u00e9n\u00e9ficier d&rsquo;une pension de retraite gr\u00e2ce \u00e0 l&rsquo;allocation de solidarit\u00e9 aux personnes \u00e2g\u00e9es (ASPA). Ce dispositif, pr\u00e9vu pour 2025, assure un revenu mensuel d\u00e9cent aux personnes n&rsquo;ayant pas cotis\u00e9, illustrant la solidarit\u00e9 nationale envers les plus vuln\u00e9rables. Le Fonctionnement de l&rsquo;ASPA Le [&hellip;]<\/p>\n","protected":false},"author":2,"featured_media":3119,"comment_status":"open","ping_status":"open","sticky":false,"template":"","format":"standard","meta":{"_seopress_robots_primary_cat":"","_seopress_titles_title":"","_seopress_titles_desc":"","_seopress_robots_index":"","footnotes":""},"categories":[7],"tags":[],"class_list":{"0":"post-3118","1":"post","2":"type-post","3":"status-publish","4":"format-standard","5":"has-post-thumbnail","7":"category-societe"},"_links":{"self":[{"href":"https:\/\/www.lycee-eca.fr\/actu\/wp-json\/wp\/v2\/posts\/3118","targetHints":{"allow":["GET"]}}],"collection":[{"href":"https:\/\/www.lycee-eca.fr\/actu\/wp-json\/wp\/v2\/posts"}],"about":[{"href":"https:\/\/www.lycee-eca.fr\/actu\/wp-json\/wp\/v2\/types\/post"}],"author":[{"embeddable":true,"href":"https:\/\/www.lycee-eca.fr\/actu\/wp-json\/wp\/v2\/users\/2"}],"replies":[{"embeddable":true,"href":"https:\/\/www.lycee-eca.fr\/actu\/wp-json\/wp\/v2\/comments?post=3118"}],"version-history":[{"count":1,"href":"https:\/\/www.lycee-eca.fr\/actu\/wp-json\/wp\/v2\/posts\/3118\/revisions"}],"predecessor-version":[{"id":3372,"href":"https:\/\/www.lycee-eca.fr\/actu\/wp-json\/wp\/v2\/posts\/3118\/revisions\/3372"}],"wp:featuredmedia":[{"embeddable":true,"href":"https:\/\/www.lycee-eca.fr\/actu\/wp-json\/wp\/v2\/media\/3119"}],"wp:attachment":[{"href":"https:\/\/www.lycee-eca.fr\/actu\/wp-json\/wp\/v2\/media?parent=3118"}],"wp:term":[{"taxonomy":"category","embeddable":true,"href":"https:\/\/www.lycee-eca.fr\/actu\/wp-json\/wp\/v2\/categories?post=3118"},{"taxonomy":"post_tag","embeddable":true,"href":"https:\/\/www.lycee-eca.fr\/actu\/wp-json\/wp\/v2\/tags?post=3118"}],"curies":[{"name":"wp","href":"https:\/\/api.w.org\/{rel}","templated":true}]}}