{"id":3128,"date":"2025-10-09T15:34:00","date_gmt":"2025-10-09T13:34:00","guid":{"rendered":"https:\/\/www.lycee-eca.fr\/actu\/?p=3128"},"modified":"2025-10-09T01:02:12","modified_gmt":"2025-10-08T23:02:12","slug":"france-travail-ce-formulaire-dedie-est-disponible-pour-demander-570e-daide-mensuelle-supplementaire-en-un-clic","status":"publish","type":"post","link":"https:\/\/www.lycee-eca.fr\/actu\/france-travail-ce-formulaire-dedie-est-disponible-pour-demander-570e-daide-mensuelle-supplementaire-en-un-clic\/","title":{"rendered":"France Travail : ce formulaire d\u00e9di\u00e9 est disponible pour demander 570\u20ac d\u2019aide mensuelle suppl\u00e9mentaire (en un clic)"},"content":{"rendered":"<p>En 2025, France Travail intensifie son soutien aux demandeurs d&#8217;emploi avec une aide mensuelle suppl\u00e9mentaire de 570 euros. Cette initiative vise \u00e0 all\u00e9ger les difficult\u00e9s financi\u00e8res des ch\u00f4meurs en fin de droits et certaines cat\u00e9gories professionnelles sp\u00e9cifiques. Examinons les modalit\u00e9s de cette allocation et son impact sur la vie des b\u00e9n\u00e9ficiaires.<\/p>\n<h2>Allocation de Solidarit\u00e9 Sp\u00e9cifique (ASS)<\/h2>\n<p>L&rsquo;Allocation de Solidarit\u00e9 Sp\u00e9cifique (ASS) est une aide financi\u00e8re g\u00e9r\u00e9e par France Travail, destin\u00e9e aux ch\u00f4meurs en fin de droits et \u00e0 certaines professions comme les artistes non salari\u00e9s, les dockers et les marins p\u00eacheurs. En 2025, le montant de l&rsquo;ASS s&rsquo;\u00e9l\u00e8ve \u00e0 environ 570 euros par mois. Bien que modeste, cette somme peut consid\u00e9rablement all\u00e9ger le budget des m\u00e9nages en difficult\u00e9.<\/p>\n<p>L&rsquo;ASS est ajust\u00e9e en fonction des ressources du foyer, garantissant ainsi une distribution \u00e9quitable des fonds publics. Ce soutien est crucial pour les travailleurs dont l&rsquo;activit\u00e9 est souvent irr\u00e9guli\u00e8re.<\/p>\n<h2>Crit\u00e8res d&rsquo;\u00c9ligibilit\u00e9 et Proc\u00e9dure de Demande<\/h2>\n<p>Pour b\u00e9n\u00e9ficier de l&rsquo;ASS, les demandeurs doivent avoir \u00e9puis\u00e9 leurs droits \u00e0 l&rsquo;Allocation de Retour \u00e0 l&rsquo;Emploi (ARE) ou appartenir \u00e0 une profession \u00e9ligible. Une activit\u00e9 salari\u00e9e d&rsquo;au moins cinq ans sur les dix derni\u00e8res ann\u00e9es est requise. Les plafonds de ressources mensuelles sont fix\u00e9s \u00e0 1 330,70 euros pour une personne seule et 2 091,10 euros pour un couple.<\/p>\n<p>La demande d&rsquo;ASS est souvent automatis\u00e9e pour les personnes en fin de droits ARE. France Travail envoie les documents n\u00e9cessaires avant l&rsquo;expiration des droits actuels. L&rsquo;allocation est accord\u00e9e pour six mois, renouvelable ind\u00e9finiment si les crit\u00e8res d&rsquo;\u00e9ligibilit\u00e9 continuent d&rsquo;\u00eatre remplis.<\/p>\n<h2>Avantages et Limites de l&rsquo;ASS<\/h2>\n<p>L&rsquo;ASS offre un soutien financier r\u00e9gulier et permet l&rsquo;acc\u00e8s \u00e0 des aides compl\u00e9mentaires, comme la prime de No\u00ebl. Un avantage notable est la possibilit\u00e9 de cumuler l&rsquo;ASS avec un salaire pendant trois mois en cas de reprise d&rsquo;activit\u00e9, favorisant ainsi le retour \u00e0 l&#8217;emploi.<\/p>\n<p>Toutefois, le montant de l&rsquo;ASS peut \u00eatre insuffisant pour couvrir tous les besoins, surtout dans les zones au co\u00fbt de la vie \u00e9lev\u00e9. Les conditions d&rsquo;\u00e9ligibilit\u00e9 strictes peuvent \u00e9galement exclure certaines personnes en difficult\u00e9. L&rsquo;ASS doit donc \u00eatre vue comme un tremplin vers la r\u00e9insertion professionnelle plut\u00f4t qu&rsquo;une solution \u00e0 long terme.<\/p>\n<h2>Perspectives d&rsquo;\u00c9volution<\/h2>\n<p>Face aux \u00e9volutions du march\u00e9 du travail, des r\u00e9flexions sont en cours pour adapter l&rsquo;ASS. Une revalorisation du montant de l&rsquo;allocation est envisag\u00e9e pour mieux r\u00e9pondre au co\u00fbt de la vie. Un assouplissement des conditions d&rsquo;\u00e9ligibilit\u00e9 pourrait \u00e9galement \u00eatre envisag\u00e9 pour inclure davantage de profils en difficult\u00e9.<\/p>\n<p>L&rsquo;int\u00e9gration renforc\u00e9e de l&rsquo;ASS avec des programmes de formation et de reconversion professionnelle est \u00e9galement \u00e0 l&rsquo;\u00e9tude. Cette approche vise \u00e0 offrir non seulement un soutien financier, mais aussi des opportunit\u00e9s concr\u00e8tes de r\u00e9insertion dans le monde du travail.<\/p>\n<p>En conclusion, l&rsquo;ASS en 2025 repr\u00e9sente un soutien essentiel pour les demandeurs d&#8217;emploi en France. Bien qu&rsquo;elle pr\u00e9sente certaines limites, elle constitue un outil important pour favoriser la r\u00e9insertion professionnelle et s&rsquo;adapter aux r\u00e9alit\u00e9s \u00e9conomiques actuelles. Les \u00e9volutions envisag\u00e9es pourraient renforcer son efficacit\u00e9 et son impact social.<\/p>\n","protected":false},"excerpt":{"rendered":"<p>En 2025, France Travail intensifie son soutien aux demandeurs d&#8217;emploi avec une aide mensuelle suppl\u00e9mentaire de 570 euros. Cette initiative vise \u00e0 all\u00e9ger les difficult\u00e9s financi\u00e8res des ch\u00f4meurs en fin de droits et certaines cat\u00e9gories professionnelles sp\u00e9cifiques. Examinons les modalit\u00e9s de cette allocation et son impact sur la vie des b\u00e9n\u00e9ficiaires. Allocation de Solidarit\u00e9 Sp\u00e9cifique [&hellip;]<\/p>\n","protected":false},"author":2,"featured_media":3129,"comment_status":"open","ping_status":"open","sticky":false,"template":"","format":"standard","meta":{"_seopress_robots_primary_cat":"","_seopress_titles_title":"","_seopress_titles_desc":"","_seopress_robots_index":"","footnotes":""},"categories":[7],"tags":[],"class_list":{"0":"post-3128","1":"post","2":"type-post","3":"status-publish","4":"format-standard","5":"has-post-thumbnail","7":"category-societe"},"_links":{"self":[{"href":"https:\/\/www.lycee-eca.fr\/actu\/wp-json\/wp\/v2\/posts\/3128","targetHints":{"allow":["GET"]}}],"collection":[{"href":"https:\/\/www.lycee-eca.fr\/actu\/wp-json\/wp\/v2\/posts"}],"about":[{"href":"https:\/\/www.lycee-eca.fr\/actu\/wp-json\/wp\/v2\/types\/post"}],"author":[{"embeddable":true,"href":"https:\/\/www.lycee-eca.fr\/actu\/wp-json\/wp\/v2\/users\/2"}],"replies":[{"embeddable":true,"href":"https:\/\/www.lycee-eca.fr\/actu\/wp-json\/wp\/v2\/comments?post=3128"}],"version-history":[{"count":1,"href":"https:\/\/www.lycee-eca.fr\/actu\/wp-json\/wp\/v2\/posts\/3128\/revisions"}],"predecessor-version":[{"id":3480,"href":"https:\/\/www.lycee-eca.fr\/actu\/wp-json\/wp\/v2\/posts\/3128\/revisions\/3480"}],"wp:featuredmedia":[{"embeddable":true,"href":"https:\/\/www.lycee-eca.fr\/actu\/wp-json\/wp\/v2\/media\/3129"}],"wp:attachment":[{"href":"https:\/\/www.lycee-eca.fr\/actu\/wp-json\/wp\/v2\/media?parent=3128"}],"wp:term":[{"taxonomy":"category","embeddable":true,"href":"https:\/\/www.lycee-eca.fr\/actu\/wp-json\/wp\/v2\/categories?post=3128"},{"taxonomy":"post_tag","embeddable":true,"href":"https:\/\/www.lycee-eca.fr\/actu\/wp-json\/wp\/v2\/tags?post=3128"}],"curies":[{"name":"wp","href":"https:\/\/api.w.org\/{rel}","templated":true}]}}