{"id":3136,"date":"2025-10-08T17:01:00","date_gmt":"2025-10-08T15:01:00","guid":{"rendered":"https:\/\/www.lycee-eca.fr\/actu\/?p=3136"},"modified":"2025-10-08T01:11:20","modified_gmt":"2025-10-07T23:11:20","slug":"iphone-17-a-quoi-sattendre-du-lancement-le-plus-attendu-dapple","status":"publish","type":"post","link":"https:\/\/www.lycee-eca.fr\/actu\/iphone-17-a-quoi-sattendre-du-lancement-le-plus-attendu-dapple\/","title":{"rendered":"iPhone 17 : \u00e0 quoi s\u2019attendre du lancement le plus attendu d\u2019Apple ?"},"content":{"rendered":"<p>En septembre 2025, Apple pr\u00e9voit de r\u00e9volutionner le march\u00e9 avec la sortie de l&rsquo;iPhone 17, int\u00e9grant des innovations notables telles que le mod\u00e8le iPhone 17 Air, une cam\u00e9ra frontale de 24 m\u00e9gapixels, une puce A19 Pro, et un design revisit\u00e9. Cette nouvelle gamme promet d&rsquo;attirer un large \u00e9ventail d&rsquo;utilisateurs gr\u00e2ce \u00e0 ses caract\u00e9ristiques avanc\u00e9es et son esth\u00e9tique am\u00e9lior\u00e9e.<\/p>\n<h2>La Nouvelle Gamme iPhone 17<\/h2>\n<p>Apple introduira quatre mod\u00e8les : l&rsquo;iPhone 17 standard, l&rsquo;iPhone 17 Pro, l&rsquo;iPhone 17 Air, et l&rsquo;iPhone 17 Pro Max. L&rsquo;iPhone 17 Air se distinguera par sa l\u00e9g\u00e8ret\u00e9 et son design mince, rempla\u00e7ant l&rsquo;ancienne version Plus. Cette strat\u00e9gie vise \u00e0 r\u00e9pondre aux besoins vari\u00e9s des consommateurs, allant de ceux recherchant la portabilit\u00e9 \u00e0 ceux exigeant des performances professionnelles.<\/p>\n<h2>Design et Mat\u00e9riaux Innovants<\/h2>\n<p>Le design des iPhones Pro subira une transformation significative. Apple abandonnera le titane au profit d&rsquo;un ch\u00e2ssis en aluminium, offrant un \u00e9quilibre entre l\u00e9g\u00e8ret\u00e9 et robustesse. La face arri\u00e8re combinera verre et aluminium pour un look moderne et \u00e9l\u00e9gant. Le bloc cam\u00e9ra, bien que conservant une disposition triangulaire, sera int\u00e9gr\u00e9 dans un module rectangulaire aux angles arrondis, renfor\u00e7ant l&rsquo;identit\u00e9 visuelle des appareils.<\/p>\n<h2>Am\u00e9liorations de la Cam\u00e9ra<\/h2>\n<p>Tous les mod\u00e8les de l&rsquo;iPhone 17 b\u00e9n\u00e9ficieront d&rsquo;une cam\u00e9ra frontale de 24 m\u00e9gapixels, am\u00e9liorant la qualit\u00e9 des selfies et des appels vid\u00e9o, m\u00eame en basse lumi\u00e8re. Les mod\u00e8les Pro int\u00e9greront un objectif t\u00e9l\u00e9photo de 48 m\u00e9gapixels, offrant une qualit\u00e9 de zoom optique nettement am\u00e9lior\u00e9e, positionnant l&rsquo;iPhone 17 Pro comme un outil semi-professionnel id\u00e9al pour la photographie et la cr\u00e9ation de contenu.<\/p>\n<h2>Puissance de la Puce A19 Pro<\/h2>\n<p>Au c\u0153ur de l&rsquo;iPhone 17 Pro, la puce A19 Pro, bas\u00e9e sur la technologie 3nm de TSMC, promet des performances de calcul accrues, un meilleur traitement graphique et une efficacit\u00e9 \u00e9nerg\u00e9tique optimis\u00e9e. Avec 12 Go de RAM, contre 8 Go pr\u00e9c\u00e9demment, les mod\u00e8les Air et Pro offriront une gestion fluide du multit\u00e2che, \u00e9liminant pratiquement les ralentissements.<\/p>\n<h2>Connectivit\u00e9 Wi-Fi 7<\/h2>\n<p>Apple int\u00e9grera sa propre technologie Wi-Fi 7, se d\u00e9tachant des puces Broadcom. Cette innovation offrira des d\u00e9bits plus rapides, une latence r\u00e9duite et une connexion plus stable, m\u00eame dans des environnements satur\u00e9s. Cela s&rsquo;inscrit dans la strat\u00e9gie d&rsquo;Apple de ma\u00eetriser l&rsquo;int\u00e9gralit\u00e9 de la cha\u00eene de production, renfor\u00e7ant la coh\u00e9rence de son \u00e9cosyst\u00e8me.<\/p>\n<h2>Lancement et Perspectives<\/h2>\n<p>Si le calendrier habituel est respect\u00e9, l&rsquo;iPhone 17 sera d\u00e9voil\u00e9 en septembre 2025, avec une commercialisation rapide. Cela co\u00efncide avec la rentr\u00e9e scolaire et les achats de fin d&rsquo;ann\u00e9e, maximisant ainsi l&rsquo;impact commercial. L&rsquo;iPhone 17E, pr\u00e9vu pour 2026, pourrait \u00eatre une version plus \u00e9conomique ou \u00e9ducative.<\/p>\n<p>En conclusion, l&rsquo;iPhone 17 promet une gamme diversifi\u00e9e avec des am\u00e9liorations significatives en photographie, design, et puissance. Ces innovations devraient s\u00e9duire un large public, consolidant la position d&rsquo;Apple en tant que leader sur le march\u00e9 des smartphones.<\/p>\n","protected":false},"excerpt":{"rendered":"<p>En septembre 2025, Apple pr\u00e9voit de r\u00e9volutionner le march\u00e9 avec la sortie de l&rsquo;iPhone 17, int\u00e9grant des innovations notables telles que le mod\u00e8le iPhone 17 Air, une cam\u00e9ra frontale de 24 m\u00e9gapixels, une puce A19 Pro, et un design revisit\u00e9. Cette nouvelle gamme promet d&rsquo;attirer un large \u00e9ventail d&rsquo;utilisateurs gr\u00e2ce \u00e0 ses caract\u00e9ristiques avanc\u00e9es et [&hellip;]<\/p>\n","protected":false},"author":2,"featured_media":3137,"comment_status":"open","ping_status":"open","sticky":false,"template":"","format":"standard","meta":{"_seopress_robots_primary_cat":"","_seopress_titles_title":"","_seopress_titles_desc":"","_seopress_robots_index":"","footnotes":""},"categories":[10],"tags":[],"class_list":{"0":"post-3136","1":"post","2":"type-post","3":"status-publish","4":"format-standard","5":"has-post-thumbnail","7":"category-technologie"},"_links":{"self":[{"href":"https:\/\/www.lycee-eca.fr\/actu\/wp-json\/wp\/v2\/posts\/3136","targetHints":{"allow":["GET"]}}],"collection":[{"href":"https:\/\/www.lycee-eca.fr\/actu\/wp-json\/wp\/v2\/posts"}],"about":[{"href":"https:\/\/www.lycee-eca.fr\/actu\/wp-json\/wp\/v2\/types\/post"}],"author":[{"embeddable":true,"href":"https:\/\/www.lycee-eca.fr\/actu\/wp-json\/wp\/v2\/users\/2"}],"replies":[{"embeddable":true,"href":"https:\/\/www.lycee-eca.fr\/actu\/wp-json\/wp\/v2\/comments?post=3136"}],"version-history":[{"count":1,"href":"https:\/\/www.lycee-eca.fr\/actu\/wp-json\/wp\/v2\/posts\/3136\/revisions"}],"predecessor-version":[{"id":3470,"href":"https:\/\/www.lycee-eca.fr\/actu\/wp-json\/wp\/v2\/posts\/3136\/revisions\/3470"}],"wp:featuredmedia":[{"embeddable":true,"href":"https:\/\/www.lycee-eca.fr\/actu\/wp-json\/wp\/v2\/media\/3137"}],"wp:attachment":[{"href":"https:\/\/www.lycee-eca.fr\/actu\/wp-json\/wp\/v2\/media?parent=3136"}],"wp:term":[{"taxonomy":"category","embeddable":true,"href":"https:\/\/www.lycee-eca.fr\/actu\/wp-json\/wp\/v2\/categories?post=3136"},{"taxonomy":"post_tag","embeddable":true,"href":"https:\/\/www.lycee-eca.fr\/actu\/wp-json\/wp\/v2\/tags?post=3136"}],"curies":[{"name":"wp","href":"https:\/\/api.w.org\/{rel}","templated":true}]}}