{"id":3142,"date":"2025-10-11T10:32:00","date_gmt":"2025-10-11T08:32:00","guid":{"rendered":"https:\/\/www.lycee-eca.fr\/actu\/?p=3142"},"modified":"2025-10-10T23:52:09","modified_gmt":"2025-10-10T21:52:09","slug":"compteur-linky-ces-francais-qui-vont-devoir-payer-66-euros-en-plus-sur-leur-facture-delectricite","status":"publish","type":"post","link":"https:\/\/www.lycee-eca.fr\/actu\/compteur-linky-ces-francais-qui-vont-devoir-payer-66-euros-en-plus-sur-leur-facture-delectricite\/","title":{"rendered":"Compteur Linky : ces fran\u00e7ais qui vont devoir payer 66 euros en plus sur leur facture d\u2019\u00e9lectricit\u00e9"},"content":{"rendered":"<p>Depuis 2015, Enedis d\u00e9ploie en France le compteur Linky, un dispositif intelligent qui suscite de nombreux d\u00e9bats. Initialement facultatif, il est devenu obligatoire en 2022, mais certains foyers refusent encore son installation, s&rsquo;exposant \u00e0 des frais suppl\u00e9mentaires d\u00e8s ao\u00fbt 2025. Examinons les enjeux de ce dispositif et les implications pour ceux qui s&rsquo;y opposent.<\/p>\n<h2>Le compteur Linky : un outil de gestion \u00e9nerg\u00e9tique moderne<\/h2>\n<p>Le compteur Linky repr\u00e9sente une avanc\u00e9e technologique majeure dans la gestion de l&rsquo;\u00e9lectricit\u00e9. Il permet aux consommateurs de suivre leur consommation en temps r\u00e9el, facilitant ainsi la ma\u00eetrise de leur budget \u00e9nerg\u00e9tique. Les relev\u00e9s automatiques \u00e9liminent le besoin d&rsquo;un technicien, simplifiant le processus pour les usagers.<\/p>\n<p>En cas de d\u00e9m\u00e9nagement, le compteur Linky simplifie les d\u00e9marches administratives. L&rsquo;activation ou la d\u00e9sactivation du service peut se faire \u00e0 distance, r\u00e9duisant les d\u00e9lais d&rsquo;attente. De plus, en cas de panne, Enedis peut diagnostiquer et parfois r\u00e9soudre le probl\u00e8me \u00e0 distance, diminuant les temps d&rsquo;intervention.<\/p>\n<h2>Des \u00e9conomies potentielles gr\u00e2ce \u00e0 une consommation optimis\u00e9e<\/h2>\n<p>Le compteur Linky offre des donn\u00e9es pr\u00e9cises sur la consommation \u00e9lectrique, accessibles via un espace personnel en ligne. Cette transparence aide \u00e0 identifier les appareils \u00e9nergivores et les p\u00e9riodes de forte consommation.<\/p>\n<p>En utilisant ces informations, les m\u00e9nages peuvent ajuster leur comportement pour r\u00e9duire leur facture d&rsquo;\u00e9lectricit\u00e9. Par exemple, ils peuvent utiliser certains appareils pendant les heures creuses ou choisir des \u00e9quipements plus \u00e9conomes. Cette gestion intelligente de l&rsquo;\u00e9nergie peut conduire \u00e0 des \u00e9conomies substantielles \u00e0 long terme.<\/p>\n<h2>La facture sal\u00e9e pour les r\u00e9fractaires au Linky<\/h2>\n<p>Malgr\u00e9 ses avantages, une partie de la population fran\u00e7aise reste r\u00e9ticente \u00e0 l&rsquo;installation du compteur Linky. Les raisons varient, allant des pr\u00e9occupations sur la protection des donn\u00e9es personnelles aux craintes infond\u00e9es concernant la sant\u00e9. Enedis a pourtant d\u00e9menti ces rumeurs, affirmant la s\u00e9curit\u00e9 et l&rsquo;utilit\u00e9 du dispositif.<\/p>\n<p>\u00c0 partir d&rsquo;ao\u00fbt 2025, les foyers refusant le compteur Linky devront payer des frais suppl\u00e9mentaires. Ceux transmettant manuellement leurs relev\u00e9s ou n\u00e9cessitant un technicien paieront 6,93 euros tous les deux mois, soit 41,59 euros par an. Les m\u00e9nages omettant d&rsquo;envoyer leurs relev\u00e9s se verront imposer un surplus de 4,18 euros bimestriel, totalisant un co\u00fbt annuel de 66,66 euros.<\/p>\n<h2>Vers une transition \u00e9nerg\u00e9tique in\u00e9luctable<\/h2>\n<p>L&rsquo;introduction du compteur Linky fait partie d&rsquo;une modernisation plus large du r\u00e9seau \u00e9lectrique fran\u00e7ais. Cette \u00e9volution vise \u00e0 optimiser la distribution d&rsquo;\u00e9lectricit\u00e9, r\u00e9duire les pertes \u00e9nerg\u00e9tiques et faciliter l&rsquo;int\u00e9gration des \u00e9nergies renouvelables. Le bo\u00eetier vert joue un r\u00f4le crucial dans cette transition, permettant une gestion plus fine de l&rsquo;offre et de la demande d&rsquo;\u00e9lectricit\u00e9.<\/p>\n<p>Face aux d\u00e9fis \u00e9nerg\u00e9tiques et environnementaux actuels, l&rsquo;adoption g\u00e9n\u00e9ralis\u00e9e du compteur Linky appara\u00eet n\u00e9cessaire. Les frais suppl\u00e9mentaires pour les r\u00e9fractaires incitent \u00e0 accepter cette technologie. \u00c0 l&rsquo;heure o\u00f9 la ma\u00eetrise de la consommation \u00e9nerg\u00e9tique devient primordiale, le compteur Linky se pr\u00e9sente comme un alli\u00e9 pr\u00e9cieux pour les consommateurs et pour la plan\u00e8te.<\/p>\n<p>En conclusion, le compteur Linky, en d\u00e9pit des controverses, s&rsquo;impose comme un outil indispensable pour une gestion \u00e9nerg\u00e9tique moderne et durable. Son adoption contribue \u00e0 la transition \u00e9nerg\u00e9tique et offre aux consommateurs un moyen efficace de contr\u00f4ler leur consommation, tout en participant \u00e0 un effort collectif pour un avenir plus respectueux de l&rsquo;environnement.<\/p>\n","protected":false},"excerpt":{"rendered":"<p>Depuis 2015, Enedis d\u00e9ploie en France le compteur Linky, un dispositif intelligent qui suscite de nombreux d\u00e9bats. Initialement facultatif, il est devenu obligatoire en 2022, mais certains foyers refusent encore son installation, s&rsquo;exposant \u00e0 des frais suppl\u00e9mentaires d\u00e8s ao\u00fbt 2025. Examinons les enjeux de ce dispositif et les implications pour ceux qui s&rsquo;y opposent. Le [&hellip;]<\/p>\n","protected":false},"author":2,"featured_media":3143,"comment_status":"open","ping_status":"open","sticky":false,"template":"","format":"standard","meta":{"_seopress_robots_primary_cat":"","_seopress_titles_title":"","_seopress_titles_desc":"","_seopress_robots_index":"","footnotes":""},"categories":[8],"tags":[],"class_list":{"0":"post-3142","1":"post","2":"type-post","3":"status-publish","4":"format-standard","5":"has-post-thumbnail","7":"category-consommation"},"_links":{"self":[{"href":"https:\/\/www.lycee-eca.fr\/actu\/wp-json\/wp\/v2\/posts\/3142","targetHints":{"allow":["GET"]}}],"collection":[{"href":"https:\/\/www.lycee-eca.fr\/actu\/wp-json\/wp\/v2\/posts"}],"about":[{"href":"https:\/\/www.lycee-eca.fr\/actu\/wp-json\/wp\/v2\/types\/post"}],"author":[{"embeddable":true,"href":"https:\/\/www.lycee-eca.fr\/actu\/wp-json\/wp\/v2\/users\/2"}],"replies":[{"embeddable":true,"href":"https:\/\/www.lycee-eca.fr\/actu\/wp-json\/wp\/v2\/comments?post=3142"}],"version-history":[{"count":1,"href":"https:\/\/www.lycee-eca.fr\/actu\/wp-json\/wp\/v2\/posts\/3142\/revisions"}],"predecessor-version":[{"id":3497,"href":"https:\/\/www.lycee-eca.fr\/actu\/wp-json\/wp\/v2\/posts\/3142\/revisions\/3497"}],"wp:featuredmedia":[{"embeddable":true,"href":"https:\/\/www.lycee-eca.fr\/actu\/wp-json\/wp\/v2\/media\/3143"}],"wp:attachment":[{"href":"https:\/\/www.lycee-eca.fr\/actu\/wp-json\/wp\/v2\/media?parent=3142"}],"wp:term":[{"taxonomy":"category","embeddable":true,"href":"https:\/\/www.lycee-eca.fr\/actu\/wp-json\/wp\/v2\/categories?post=3142"},{"taxonomy":"post_tag","embeddable":true,"href":"https:\/\/www.lycee-eca.fr\/actu\/wp-json\/wp\/v2\/tags?post=3142"}],"curies":[{"name":"wp","href":"https:\/\/api.w.org\/{rel}","templated":true}]}}