{"id":315,"date":"2025-09-23T16:32:00","date_gmt":"2025-09-23T14:32:00","guid":{"rendered":"https:\/\/www.lycee-eca.fr\/actu\/?p=315"},"modified":"2025-09-22T20:32:37","modified_gmt":"2025-09-22T18:32:37","slug":"ce-nouveau-dispositif-de-securite-bientot-obligatoire-dans-tous-les-logements","status":"publish","type":"post","link":"https:\/\/www.lycee-eca.fr\/actu\/ce-nouveau-dispositif-de-securite-bientot-obligatoire-dans-tous-les-logements\/","title":{"rendered":"Ce nouveau dispositif de s\u00e9curit\u00e9 bient\u00f4t obligatoire dans tous les logements\u202f?"},"content":{"rendered":"\n<p>Les autorit\u00e9s fran\u00e7aises envisagent de rendre obligatoire un nouvel \u00e9quipement de s\u00e9curit\u00e9 pour prot\u00e9ger les foyers contre un danger invisible mais mortel. Ce dispositif pourrait devenir aussi commun que les d\u00e9tecteurs de fum\u00e9e dans nos habitations. D\u00e9couvrons les risques qu&rsquo;il pr\u00e9vient et comment cette mesure pourrait am\u00e9liorer la s\u00e9curit\u00e9 domestique.<\/p>\n\n\n\n<h2 class=\"wp-block-heading\">Le monoxyde de carbone, un ennemi silencieux dans nos maisons<\/h2>\n\n\n\n<p>Chaque ann\u00e9e, ce gaz inodore et incolore cause des dommages dans les habitations fran\u00e7aises. Selon les statistiques de <strong>Sant\u00e9 publique France pour 2024<\/strong>, pr\u00e8s de 4 000 cas d&rsquo;intoxication ont \u00e9t\u00e9 enregistr\u00e9s sur le territoire national. R\u00e9cemment, deux individus ont perdu la vie dans leur r\u00e9sidence des Yvelines \u00e0 cause d&rsquo;un \u00e9quipement d\u00e9fectueux.<\/p>\n\n\n\n<p>Le monoxyde de carbone se faufile discr\u00e8tement dans l&rsquo;air ambiant lorsque certains appareils dysfonctionnent. Les principales sources sont :<\/p>\n\n\n\n<ul class=\"wp-block-list\">\n<li>Les chaudi\u00e8res mal entretenues<\/li>\n\n\n\n<li>Les vieux po\u00eales ou ceux en mauvais \u00e9tat<\/li>\n\n\n\n<li>Les chauffe-eau vieillissants<\/li>\n\n\n\n<li>Les appareils de cuisson au gaz mal r\u00e9gl\u00e9s<\/li>\n<\/ul>\n\n\n\n<p>Ce gaz toxique agit progressivement sur le corps. <em>Les premiers sympt\u00f4mes sont souvent similaires \u00e0 ceux d&rsquo;une grippe<\/em>, ce qui rend le diagnostic difficile sans un \u00e9quipement appropri\u00e9. Maux de t\u00eate, naus\u00e9es et fatigue intense pr\u00e9c\u00e8dent g\u00e9n\u00e9ralement l&rsquo;\u00e9vanouissement, parfois fatal en l&rsquo;absence d&rsquo;une intervention rapide.<\/p>\n\n\n\n<h2 class=\"wp-block-heading\">Des d\u00e9tecteurs obligatoires pour renforcer la s\u00e9curit\u00e9 \u00e0 la maison<\/h2>\n\n\n\n<p>Apr\u00e8s le succ\u00e8s des d\u00e9tecteurs de fum\u00e9e en 2015, qui ont permis d&rsquo;\u00e9viter de nombreux accidents, les l\u00e9gislateurs se penchent d\u00e9sormais sur la d\u00e9tection du monoxyde de carbone. Une proposition de loi pr\u00e9sent\u00e9e par <strong>le d\u00e9put\u00e9 Karl Olive<\/strong> visait \u00e0 imposer l&rsquo;installation d&rsquo;un d\u00e9tecteur sp\u00e9cifique dans tous les logements \u00e9quip\u00e9s d&rsquo;appareils fonctionnant au bois, au gaz, au fioul ou au charbon.<\/p>\n\n\n\n<p>M\u00eame si cette proposition a \u00e9t\u00e9 retir\u00e9e le 19 novembre 2024, le sujet reste d&rsquo;actualit\u00e9 et pourrait \u00eatre r\u00e9examin\u00e9. Plusieurs experts en s\u00e9curit\u00e9 domestique continuent de plaider en faveur de mesures concr\u00e8tes pour prot\u00e9ger les r\u00e9sidents contre ce danger invisible.<\/p>\n\n\n\n<p>Le dispositif envisag\u00e9 fonctionnerait sur le m\u00eame principe que les d\u00e9tecteurs de fum\u00e9e : <em>le propri\u00e9taire devrait fournir l&rsquo;\u00e9quipement lors de la remise des cl\u00e9s<\/em>, tandis que l&rsquo;entretien serait \u00e0 la charge de l&rsquo;occupant, qu&rsquo;il soit locataire ou propri\u00e9taire.<\/p>\n\n\n\n<h2 class=\"wp-block-heading\">Investir dans sa s\u00e9curit\u00e9 : co\u00fbts et options disponibles<\/h2>\n\n\n\n<p>L&rsquo;installation d&rsquo;un d\u00e9tecteur de monoxyde de carbone repr\u00e9sente un investissement variable selon le niveau de technologie souhait\u00e9. Voici un aper\u00e7u des diff\u00e9rentes gammes disponibles sur le march\u00e9 :<\/p>\n\n\n\n<figure class=\"wp-block-table\"><table><thead><tr><th>Gamme<\/th><th>Prix moyen<\/th><th>Caract\u00e9ristiques<\/th><\/tr><\/thead><tbody><tr><td>Entr\u00e9e de gamme<\/td><td>18 \u20ac &#8211; 25 \u20ac<\/td><td>D\u00e9tection simple, alarme sonore<\/td><\/tr><tr><td>Milieu de gamme<\/td><td>30 \u20ac &#8211; 50 \u20ac<\/td><td>D\u00e9tection fiable, affichage des concentrations<\/td><\/tr><tr><td>Haut de gamme<\/td><td>60 \u20ac &#8211; 100 \u20ac<\/td><td>Connectivit\u00e9 smartphone, alertes \u00e0 distance<\/td><\/tr><tr><td>Syst\u00e8mes connect\u00e9s<\/td><td>100 \u20ac &#8211; 1000 \u20ac<\/td><td>Int\u00e9gration domotique, surveillance continue<\/td><\/tr><\/tbody><\/table><\/figure>\n\n\n\n<p>La question du financement reste en suspens. <strong>Les associations de consommateurs<\/strong> demandent des aides pour les foyers les plus modestes, estimant que la s\u00e9curit\u00e9 domestique ne devrait pas \u00eatre conditionn\u00e9e par les revenus. Ce point risque d&rsquo;\u00eatre d\u00e9battu lors des prochaines discussions l\u00e9gislatives.<\/p>\n\n\n\n<h2 class=\"wp-block-heading\">Vers une nouvelle norme de s\u00e9curit\u00e9 \u00e0 la maison<\/h2>\n\n\n\n<p>Si la loi est adopt\u00e9e, ce serait un changement majeur dans notre approche de la s\u00e9curit\u00e9 r\u00e9sidentielle. Tout comme les d\u00e9tecteurs de fum\u00e9e sont devenus indispensables chez nous, les d\u00e9tecteurs de monoxyde de carbone pourraient bient\u00f4t \u00eatre courants dans les foyers.<\/p>\n\n\n\n<p>Les professionnels du b\u00e2timent et de l&rsquo;immobilier suivent de pr\u00e8s ces \u00e9volutions qui pourraient impacter leurs pratiques. <em>Les installateurs de syst\u00e8mes de chauffage et les diagnostiqueurs immobiliers<\/em> se pr\u00e9parent d\u00e9j\u00e0 \u00e0 int\u00e9grer cette nouvelle norme dans leurs services.<\/p>\n\n\n\n<p>En attendant une d\u00e9cision officielle, il est prudent de songer \u00e0 installer volontairement un d\u00e9tecteur comme mesure pr\u00e9ventive sage pour tous les foyers \u00e9quip\u00e9s d&rsquo;appareils \u00e0 combustion.<\/p>\n","protected":false},"excerpt":{"rendered":"<p>Les autorit\u00e9s fran\u00e7aises envisagent de rendre obligatoire un nouvel \u00e9quipement de s\u00e9curit\u00e9 pour prot\u00e9ger les foyers contre un danger invisible mais mortel. Ce dispositif pourrait devenir aussi commun que les d\u00e9tecteurs de fum\u00e9e dans nos habitations. D\u00e9couvrons les risques qu&rsquo;il pr\u00e9vient et comment cette mesure pourrait am\u00e9liorer la s\u00e9curit\u00e9 domestique. Le monoxyde de carbone, un [&hellip;]<\/p>\n","protected":false},"author":2,"featured_media":316,"comment_status":"open","ping_status":"open","sticky":false,"template":"","format":"standard","meta":{"_seopress_robots_primary_cat":"","_seopress_titles_title":"","_seopress_titles_desc":"","_seopress_robots_index":"","footnotes":""},"categories":[12],"tags":[],"class_list":{"0":"post-315","1":"post","2":"type-post","3":"status-publish","4":"format-standard","5":"has-post-thumbnail","7":"category-loisirs"},"_links":{"self":[{"href":"https:\/\/www.lycee-eca.fr\/actu\/wp-json\/wp\/v2\/posts\/315","targetHints":{"allow":["GET"]}}],"collection":[{"href":"https:\/\/www.lycee-eca.fr\/actu\/wp-json\/wp\/v2\/posts"}],"about":[{"href":"https:\/\/www.lycee-eca.fr\/actu\/wp-json\/wp\/v2\/types\/post"}],"author":[{"embeddable":true,"href":"https:\/\/www.lycee-eca.fr\/actu\/wp-json\/wp\/v2\/users\/2"}],"replies":[{"embeddable":true,"href":"https:\/\/www.lycee-eca.fr\/actu\/wp-json\/wp\/v2\/comments?post=315"}],"version-history":[{"count":1,"href":"https:\/\/www.lycee-eca.fr\/actu\/wp-json\/wp\/v2\/posts\/315\/revisions"}],"predecessor-version":[{"id":1461,"href":"https:\/\/www.lycee-eca.fr\/actu\/wp-json\/wp\/v2\/posts\/315\/revisions\/1461"}],"wp:featuredmedia":[{"embeddable":true,"href":"https:\/\/www.lycee-eca.fr\/actu\/wp-json\/wp\/v2\/media\/316"}],"wp:attachment":[{"href":"https:\/\/www.lycee-eca.fr\/actu\/wp-json\/wp\/v2\/media?parent=315"}],"wp:term":[{"taxonomy":"category","embeddable":true,"href":"https:\/\/www.lycee-eca.fr\/actu\/wp-json\/wp\/v2\/categories?post=315"},{"taxonomy":"post_tag","embeddable":true,"href":"https:\/\/www.lycee-eca.fr\/actu\/wp-json\/wp\/v2\/tags?post=315"}],"curies":[{"name":"wp","href":"https:\/\/api.w.org\/{rel}","templated":true}]}}