{"id":3170,"date":"2025-10-01T17:51:00","date_gmt":"2025-10-01T15:51:00","guid":{"rendered":"https:\/\/www.lycee-eca.fr\/actu\/?p=3170"},"modified":"2025-09-29T00:37:45","modified_gmt":"2025-09-28T22:37:45","slug":"abandonne-a-la-naissance-il-devient-star-du-football-aujourdhui-millionnaire-ses-parents-lui-reclament-de-largent-4","status":"publish","type":"post","link":"https:\/\/www.lycee-eca.fr\/actu\/abandonne-a-la-naissance-il-devient-star-du-football-aujourdhui-millionnaire-ses-parents-lui-reclament-de-largent-4\/","title":{"rendered":"Abandonn\u00e9 \u00e0 la naissance, il devient star du football : aujourd\u2019hui millionnaire, ses parents lui r\u00e9clament de l\u2019argent"},"content":{"rendered":"<p>Lucas P\u00e9rez, footballeur professionnel de 36 ans, traverse actuellement une p\u00e9riode difficile qui met en lumi\u00e8re les relations complexes entre c\u00e9l\u00e9brit\u00e9s et leurs proches, souvent exacerb\u00e9es par l&rsquo;argent.<\/p>\n<h2>Un parcours marqu\u00e9 par l&rsquo;abandon et la r\u00e9silience<\/h2>\n<p>L&rsquo;histoire de Lucas P\u00e9rez commence dans des circonstances difficiles en Espagne. Abandonn\u00e9 tr\u00e8s jeune, il est \u00e9lev\u00e9 par ses grands-parents paternels apr\u00e8s avoir \u00e9t\u00e9 plac\u00e9 dans un \u00e9tablissement pour enfants sans soins parentaux. Cette enfance marqu\u00e9e par l&rsquo;instabilit\u00e9 forge son caract\u00e8re et il trouve dans le football un moyen d&rsquo;expression et d&rsquo;\u00e9panouissement.<\/p>\n<p>Sa carri\u00e8re progresse jusqu&rsquo;\u00e0 int\u00e9grer des clubs prestigieux, notamment Arsenal entre 2016 et 2018, p\u00e9riode qui marque un tournant significatif tant sur le plan professionnel que financier.<\/p>\n<h2>Le retour des parents biologiques et les tensions familiales<\/h2>\n<p>Avec le succ\u00e8s vient une aisance financi\u00e8re qui attire ses parents biologiques. Sa m\u00e8re lui envoie un burofax, un document l\u00e9gal, pour r\u00e9clamer une compensation financi\u00e8re durant son passage \u00e0 Arsenal. Ce premier contact motiv\u00e9 par l&rsquo;argent est suivi par d&rsquo;autres demandes de son p\u00e8re, qui r\u00e9appara\u00eet \u00e0 diff\u00e9rentes \u00e9tapes de sa vie, toujours pour des raisons financi\u00e8res.<\/p>\n<p>La situation atteint son paroxysme lorsque son p\u00e8re envoie un burofax au Deportivo La Corogne, exigeant un soutien financier \u00e0 vie de la part de son fils. Cet acte marque une rupture d\u00e9finitive pour Lucas P\u00e9rez.<\/p>\n<h2>Un d\u00e9part pr\u00e9cipit\u00e9 et un nouveau d\u00e9part<\/h2>\n<p>En janvier, Lucas P\u00e9rez quitte soudainement le Deportivo La Corogne, \u00e9voquant des \u00ab\u00a0difficult\u00e9s personnelles\u00a0\u00bb. Derri\u00e8re cette explication se cache la pression familiale et l&rsquo;absence de soutien ressenti au sein de son club. Apr\u00e8s une p\u00e9riode de r\u00e9flexion sans \u00e9quipe, il signe finalement au PSV Eindhoven aux Pays-Bas, cherchant \u00e0 reconstruire sa carri\u00e8re loin des tensions familiales.<\/p>\n<h2>Les d\u00e9fis psychologiques du succ\u00e8s sportif<\/h2>\n<p>Le parcours de Lucas P\u00e9rez met en \u00e9vidence une r\u00e9alit\u00e9 souvent m\u00e9connue du sport professionnel : le succ\u00e8s financier peut attirer des relations int\u00e9ress\u00e9es, m\u00eame au sein de la famille. Cette situation soul\u00e8ve des questions sur la vuln\u00e9rabilit\u00e9 psychologique des athl\u00e8tes face \u00e0 ces pressions.<\/p>\n<p>Malgr\u00e9 ces d\u00e9fis, Lucas P\u00e9rez fait preuve d&rsquo;une r\u00e9silience remarquable. Son transfert au PSV Eindhoven marque un nouveau chapitre qui, esp\u00e9rons-le, lui permettra de se concentrer pleinement sur sa carri\u00e8re sans les pressions ext\u00e9rieures.<\/p>\n<p>En conclusion, l&rsquo;histoire de Lucas P\u00e9rez est un t\u00e9moignage poignant des difficult\u00e9s que peuvent rencontrer les athl\u00e8tes de haut niveau. Elle souligne l&rsquo;importance de la r\u00e9silience et de l&rsquo;entourage dans la gestion des succ\u00e8s et des d\u00e9fis personnels. Esp\u00e9rons que ce nouveau d\u00e9part aux Pays-Bas lui offrira la stabilit\u00e9 et la tranquillit\u00e9 qu&rsquo;il m\u00e9rite.<\/p>\n","protected":false},"excerpt":{"rendered":"<p>Lucas P\u00e9rez, footballeur professionnel de 36 ans, traverse actuellement une p\u00e9riode difficile qui met en lumi\u00e8re les relations complexes entre c\u00e9l\u00e9brit\u00e9s et leurs proches, souvent exacerb\u00e9es par l&rsquo;argent. Un parcours marqu\u00e9 par l&rsquo;abandon et la r\u00e9silience L&rsquo;histoire de Lucas P\u00e9rez commence dans des circonstances difficiles en Espagne. Abandonn\u00e9 tr\u00e8s jeune, il est \u00e9lev\u00e9 par ses [&hellip;]<\/p>\n","protected":false},"author":2,"featured_media":3171,"comment_status":"open","ping_status":"open","sticky":false,"template":"","format":"standard","meta":{"_seopress_robots_primary_cat":"","_seopress_titles_title":"","_seopress_titles_desc":"","_seopress_robots_index":"","footnotes":""},"categories":[8],"tags":[],"class_list":{"0":"post-3170","1":"post","2":"type-post","3":"status-publish","4":"format-standard","5":"has-post-thumbnail","7":"category-consommation"},"_links":{"self":[{"href":"https:\/\/www.lycee-eca.fr\/actu\/wp-json\/wp\/v2\/posts\/3170","targetHints":{"allow":["GET"]}}],"collection":[{"href":"https:\/\/www.lycee-eca.fr\/actu\/wp-json\/wp\/v2\/posts"}],"about":[{"href":"https:\/\/www.lycee-eca.fr\/actu\/wp-json\/wp\/v2\/types\/post"}],"author":[{"embeddable":true,"href":"https:\/\/www.lycee-eca.fr\/actu\/wp-json\/wp\/v2\/users\/2"}],"replies":[{"embeddable":true,"href":"https:\/\/www.lycee-eca.fr\/actu\/wp-json\/wp\/v2\/comments?post=3170"}],"version-history":[{"count":1,"href":"https:\/\/www.lycee-eca.fr\/actu\/wp-json\/wp\/v2\/posts\/3170\/revisions"}],"predecessor-version":[{"id":3394,"href":"https:\/\/www.lycee-eca.fr\/actu\/wp-json\/wp\/v2\/posts\/3170\/revisions\/3394"}],"wp:featuredmedia":[{"embeddable":true,"href":"https:\/\/www.lycee-eca.fr\/actu\/wp-json\/wp\/v2\/media\/3171"}],"wp:attachment":[{"href":"https:\/\/www.lycee-eca.fr\/actu\/wp-json\/wp\/v2\/media?parent=3170"}],"wp:term":[{"taxonomy":"category","embeddable":true,"href":"https:\/\/www.lycee-eca.fr\/actu\/wp-json\/wp\/v2\/categories?post=3170"},{"taxonomy":"post_tag","embeddable":true,"href":"https:\/\/www.lycee-eca.fr\/actu\/wp-json\/wp\/v2\/tags?post=3170"}],"curies":[{"name":"wp","href":"https:\/\/api.w.org\/{rel}","templated":true}]}}