{"id":3174,"date":"2025-09-28T15:30:00","date_gmt":"2025-09-28T13:30:00","guid":{"rendered":"https:\/\/www.lycee-eca.fr\/actu\/?p=3174"},"modified":"2025-09-26T18:16:47","modified_gmt":"2025-09-26T16:16:47","slug":"thierry-marx-65-ans-le-chef-etoile-vit-dans-une-maison-pas-comme-les-autres-tout-est-minimaliste-je-me-contente-de-peu","status":"publish","type":"post","link":"https:\/\/www.lycee-eca.fr\/actu\/thierry-marx-65-ans-le-chef-etoile-vit-dans-une-maison-pas-comme-les-autres-tout-est-minimaliste-je-me-contente-de-peu\/","title":{"rendered":"Thierry Marx (65 ans) : le chef \u00e9toil\u00e9 vit dans une maison pas comme les autres, tout est minimaliste, je me contente de peu&#8230;"},"content":{"rendered":"<p>Thierry Marx, chef \u00e9toil\u00e9 et figure embl\u00e9matique de la gastronomie fran\u00e7aise, a choisi une vie atypique en vivant sur une p\u00e9niche de 120 m\u00b2 amarr\u00e9e pr\u00e8s de la Tour Eiffel. Avec sa femme, la photographe Mathilde de l\u2019Ecotais, ils ont opt\u00e9 pour un mode de vie minimaliste, privil\u00e9giant l&rsquo;essentiel et une cuisine simple mais savoureuse.<\/p>\n<h2>Un Art de Vivre Minimaliste<\/h2>\n<p>Thierry Marx a toujours \u00e9t\u00e9 attir\u00e9 par une vie en dehors des sentiers battus. Sur la Seine, son quotidien se r\u00e9sume \u00e0 quelques mots qu\u2019il ch\u00e9rit : J&rsquo;adore la vie sur ce bateau parce qu&rsquo;elle me met un petit peu \u00e0 la marge. Elle m&rsquo;impose de ne pas avoir trop d&rsquo;objets, de ne pas avoir une garde-robe de fou.<\/p>\n<p>Le d\u00e9cor de sa p\u00e9niche suit cette philosophie minimaliste. Avant d&rsquo;y poser ses valises, il a effectu\u00e9 quelques r\u00e9novations, notamment au niveau du plancher. Le mobilier se limite \u00e0 l&rsquo;essentiel, mais il a tout de m\u00eame int\u00e9gr\u00e9 des \u00e9l\u00e9ments de design comme une banquette de Charlotte Perriand et une malle de voyage de Pinel. La cuisine, quant \u00e0 elle, est ouverte et sommaire, se r\u00e9sumant \u00e0 quelques plaques de cuisson et placards.<\/p>\n<h2>Une Cuisine Simple et Savoureuse<\/h2>\n<p>Malgr\u00e9 la simplicit\u00e9 de son espace, Thierry Marx continue de cultiver sa passion pour la cuisine. Recevoir reste un plaisir simple : Quand j&rsquo;ai un peu de temps devant moi, je pr\u00e9pare des fricass\u00e9s ou des tagliatelles. Mais lorsque mes amis arrivent \u00e0 l&rsquo;improviste, je sers presque syst\u00e9matiquement des sardines \u00e0 l&rsquo;huile ou du hareng, si c&rsquo;est la saison.<\/p>\n<p>Il insiste sur l&rsquo;importance des produits simples, notamment le pain, qu&rsquo;il consid\u00e8re comme un \u00e9l\u00e9ment central de son h\u00e9ritage culinaire. L&rsquo;humilit\u00e9 que j&rsquo;ai apprise dans la d\u00e9gustation du pain, elle est l\u00e0, elle est de dire : &lsquo;Voil\u00e0, on peut donner de la valeur ajout\u00e9e \u00e0 des produits simples, et \u00e7a fait un grand plat&rsquo;.<\/p>\n<h2>Souvenirs d&rsquo;Enfance et App\u00e9tit de Libert\u00e9<\/h2>\n<p>Thierry Marx est un enfant du quartier de M\u00e9nilmontant \u00e0 Paris, un lieu qu&rsquo;il d\u00e9crit comme un univers d&rsquo;artisans et de vie populaire. Cette enfance a fa\u00e7onn\u00e9 sa vision du monde, le poussant \u00e0 chercher la simplicit\u00e9 et l&rsquo;authenticit\u00e9 dans son quotidien.<\/p>\n<p>Il se ressource r\u00e9guli\u00e8rement \u00e0 la campagne, notamment au Col d\u2019Iraty et en Bretagne, des lieux qu&rsquo;il trouve aussi riches et attractifs que sa vie sur la Seine. Je vois ces mar\u00e9es qui viennent frapper ce menton de la France. Et l\u00e0 aussi, j&rsquo;ai un univers qui est extr\u00eamement fantasm\u00e9 probablement, mais qui me donne une attractivit\u00e9 aussi riche que celle que je peux avoir pour le col d&rsquo;Iraty ou la r\u00e9gion du Lot.<\/p>\n<p>En conclusion, Thierry Marx incarne une philosophie de vie o\u00f9 la simplicit\u00e9 et l&rsquo;authenticit\u00e9 sont au c\u0153ur de chaque choix. Sa vie sur une p\u00e9niche, loin du tumulte de la ville, lui permet de se concentrer sur l&rsquo;essentiel, tant dans sa vie personnelle que professionnelle. Cette approche minimaliste et son respect pour les produits simples illustrent parfaitement son parcours et sa vision de la gastronomie.<\/p>\n","protected":false},"excerpt":{"rendered":"<p>Thierry Marx, chef \u00e9toil\u00e9 et figure embl\u00e9matique de la gastronomie fran\u00e7aise, a choisi une vie atypique en vivant sur une p\u00e9niche de 120 m\u00b2 amarr\u00e9e pr\u00e8s de la Tour Eiffel. Avec sa femme, la photographe Mathilde de l\u2019Ecotais, ils ont opt\u00e9 pour un mode de vie minimaliste, privil\u00e9giant l&rsquo;essentiel et une cuisine simple mais savoureuse. [&hellip;]<\/p>\n","protected":false},"author":2,"featured_media":3175,"comment_status":"open","ping_status":"open","sticky":false,"template":"","format":"standard","meta":{"_seopress_robots_primary_cat":"","_seopress_titles_title":"","_seopress_titles_desc":"","_seopress_robots_index":"","footnotes":""},"categories":[7],"tags":[],"class_list":{"0":"post-3174","1":"post","2":"type-post","3":"status-publish","4":"format-standard","5":"has-post-thumbnail","7":"category-societe"},"_links":{"self":[{"href":"https:\/\/www.lycee-eca.fr\/actu\/wp-json\/wp\/v2\/posts\/3174","targetHints":{"allow":["GET"]}}],"collection":[{"href":"https:\/\/www.lycee-eca.fr\/actu\/wp-json\/wp\/v2\/posts"}],"about":[{"href":"https:\/\/www.lycee-eca.fr\/actu\/wp-json\/wp\/v2\/types\/post"}],"author":[{"embeddable":true,"href":"https:\/\/www.lycee-eca.fr\/actu\/wp-json\/wp\/v2\/users\/2"}],"replies":[{"embeddable":true,"href":"https:\/\/www.lycee-eca.fr\/actu\/wp-json\/wp\/v2\/comments?post=3174"}],"version-history":[{"count":1,"href":"https:\/\/www.lycee-eca.fr\/actu\/wp-json\/wp\/v2\/posts\/3174\/revisions"}],"predecessor-version":[{"id":3361,"href":"https:\/\/www.lycee-eca.fr\/actu\/wp-json\/wp\/v2\/posts\/3174\/revisions\/3361"}],"wp:featuredmedia":[{"embeddable":true,"href":"https:\/\/www.lycee-eca.fr\/actu\/wp-json\/wp\/v2\/media\/3175"}],"wp:attachment":[{"href":"https:\/\/www.lycee-eca.fr\/actu\/wp-json\/wp\/v2\/media?parent=3174"}],"wp:term":[{"taxonomy":"category","embeddable":true,"href":"https:\/\/www.lycee-eca.fr\/actu\/wp-json\/wp\/v2\/categories?post=3174"},{"taxonomy":"post_tag","embeddable":true,"href":"https:\/\/www.lycee-eca.fr\/actu\/wp-json\/wp\/v2\/tags?post=3174"}],"curies":[{"name":"wp","href":"https:\/\/api.w.org\/{rel}","templated":true}]}}