{"id":3200,"date":"2025-10-04T11:02:00","date_gmt":"2025-10-04T09:02:00","guid":{"rendered":"https:\/\/www.lycee-eca.fr\/actu\/?p=3200"},"modified":"2025-10-01T23:20:25","modified_gmt":"2025-10-01T21:20:25","slug":"retraites-2025-ce-que-vous-perdez-vraiment-avec-la-revalorisation-limitee-a-08","status":"publish","type":"post","link":"https:\/\/www.lycee-eca.fr\/actu\/retraites-2025-ce-que-vous-perdez-vraiment-avec-la-revalorisation-limitee-a-08\/","title":{"rendered":"Retraites 2025 : ce que vous perdez vraiment avec la revalorisation limit\u00e9e \u00e0 0,8 %"},"content":{"rendered":"<p>La r\u00e9cente annonce d&rsquo;une revalorisation de seulement 0,8% des pensions de retraite pour 2025 suscite de vives pr\u00e9occupations parmi les retrait\u00e9s fran\u00e7ais. Cette augmentation, bien inf\u00e9rieure au taux d&rsquo;inflation pr\u00e9vu, est le r\u00e9sultat d&rsquo;un compromis politique qui aura des r\u00e9percussions significatives sur le pouvoir d&rsquo;achat des pensionn\u00e9s.<\/p>\n<h2>Impact financier de la revalorisation r\u00e9duite des pensions<\/h2>\n<p>Traditionnellement, la revalorisation des retraites est index\u00e9e sur la progression des prix \u00e0 la consommation hors tabac, conform\u00e9ment \u00e0 l&rsquo;article L161-25 du Code de la S\u00e9curit\u00e9 sociale. Selon l&rsquo;Insee, cette hausse aurait d\u00fb \u00eatre de 2,2% pour 2025. Cependant, la d\u00e9cision de limiter cette augmentation \u00e0 0,8% entra\u00eene une perte financi\u00e8re notable pour les retrait\u00e9s.<\/p>\n<p>Pour un retrait\u00e9 percevant une pension moyenne de 1 662 \u20ac net par mois, l&rsquo;application du taux l\u00e9gal aurait signifi\u00e9 une augmentation mensuelle de 24 \u20ac. Avec le taux r\u00e9duit, cette hausse n&rsquo;est que de 8,8 \u20ac, soit une perte de 15,2 \u20ac par mois. Sur une ann\u00e9e, cela repr\u00e9sente plus de 180 \u20ac de pouvoir d&rsquo;achat en moins, un montant significatif surtout en p\u00e9riode de hausse des prix des produits de premi\u00e8re n\u00e9cessit\u00e9.<\/p>\n<h2>Le compromis politique derri\u00e8re cette d\u00e9cision<\/h2>\n<p>Cette revalorisation limit\u00e9e d\u00e9coule d&rsquo;un compromis entre les responsables politiques, notamment Michel Barnier et Laurent Wauquiez. Initialement, le gouvernement envisageait de reporter la revalorisation \u00e0 juillet 2025, ce qui a suscit\u00e9 de vives inqui\u00e9tudes. Face aux protestations, un ch\u00e8que exceptionnel avait \u00e9t\u00e9 propos\u00e9 pour les pensionn\u00e9s \u00e9ligibles.<\/p>\n<p>Laurent Wauquiez a finalement annonc\u00e9 un compromis : une revalorisation de 0,8% en janvier 2025, suivie d&rsquo;un compl\u00e9ment en juillet 2025 pour couvrir le reste de l&rsquo;inflation. Cet accord, formalis\u00e9 par un amendement de la s\u00e9natrice LR Pascale Gruny, vise \u00e0 \u00e9quilibrer les contraintes budg\u00e9taires du gouvernement et les besoins des retrait\u00e9s.<\/p>\n<h2>Des mesures diff\u00e9renci\u00e9es selon le niveau de pension<\/h2>\n<p>Le dispositif pr\u00e9voit un traitement plus favorable pour les petites retraites. Les pensionn\u00e9s touchant moins de 1 430 \u20ac net mensuels b\u00e9n\u00e9ficieront d&rsquo;un double rattrapage en juillet 2025, incluant la pension de base et les compl\u00e9mentaires.<\/p>\n<p>Pour les autres retrait\u00e9s, notamment ceux dont la pension d\u00e9passe le SMIC, la perte reste enti\u00e8re sur le premier semestre. Par exemple, une pension de 1 662 \u20ac aurait d\u00fb passer \u00e0 1 686 \u20ac avec la revalorisation normale, mais n&rsquo;atteindra que 1 671 \u20ac avec le taux r\u00e9duit, soit une diff\u00e9rence de 15 \u20ac par mois.<\/p>\n<p>Claude Wagner, repr\u00e9sentant de la CFDT-Retrait\u00e9s, souligne que seule la part de la retraite de base est concern\u00e9e par cette revalorisation, la pension compl\u00e9mentaire suivant un autre calendrier.<\/p>\n<h2>Conclusion<\/h2>\n<p>En conclusion, la revalorisation limit\u00e9e \u00e0 0,8% des pensions de retraite en janvier 2025 repr\u00e9sente une perte r\u00e9elle de pouvoir d&rsquo;achat pour la majorit\u00e9 des retrait\u00e9s fran\u00e7ais. Bien que le rattrapage pr\u00e9vu en juillet 2025 att\u00e9nuera partiellement ces pertes, l&rsquo;\u00e9cart avec l&rsquo;inflation restera perceptible pour de nombreux pensionn\u00e9s. Cette situation souligne la n\u00e9cessit\u00e9 d&rsquo;un \u00e9quilibre d\u00e9licat entre les imp\u00e9ratifs budg\u00e9taires et le maintien du niveau de vie des retrait\u00e9s.<\/p>\n","protected":false},"excerpt":{"rendered":"<p>La r\u00e9cente annonce d&rsquo;une revalorisation de seulement 0,8% des pensions de retraite pour 2025 suscite de vives pr\u00e9occupations parmi les retrait\u00e9s fran\u00e7ais. Cette augmentation, bien inf\u00e9rieure au taux d&rsquo;inflation pr\u00e9vu, est le r\u00e9sultat d&rsquo;un compromis politique qui aura des r\u00e9percussions significatives sur le pouvoir d&rsquo;achat des pensionn\u00e9s. Impact financier de la revalorisation r\u00e9duite des pensions [&hellip;]<\/p>\n","protected":false},"author":2,"featured_media":3201,"comment_status":"open","ping_status":"open","sticky":false,"template":"","format":"standard","meta":{"_seopress_robots_primary_cat":"","_seopress_titles_title":"","_seopress_titles_desc":"","_seopress_robots_index":"","footnotes":""},"categories":[7],"tags":[],"class_list":{"0":"post-3200","1":"post","2":"type-post","3":"status-publish","4":"format-standard","5":"has-post-thumbnail","7":"category-societe"},"_links":{"self":[{"href":"https:\/\/www.lycee-eca.fr\/actu\/wp-json\/wp\/v2\/posts\/3200","targetHints":{"allow":["GET"]}}],"collection":[{"href":"https:\/\/www.lycee-eca.fr\/actu\/wp-json\/wp\/v2\/posts"}],"about":[{"href":"https:\/\/www.lycee-eca.fr\/actu\/wp-json\/wp\/v2\/types\/post"}],"author":[{"embeddable":true,"href":"https:\/\/www.lycee-eca.fr\/actu\/wp-json\/wp\/v2\/users\/2"}],"replies":[{"embeddable":true,"href":"https:\/\/www.lycee-eca.fr\/actu\/wp-json\/wp\/v2\/comments?post=3200"}],"version-history":[{"count":1,"href":"https:\/\/www.lycee-eca.fr\/actu\/wp-json\/wp\/v2\/posts\/3200\/revisions"}],"predecessor-version":[{"id":3419,"href":"https:\/\/www.lycee-eca.fr\/actu\/wp-json\/wp\/v2\/posts\/3200\/revisions\/3419"}],"wp:featuredmedia":[{"embeddable":true,"href":"https:\/\/www.lycee-eca.fr\/actu\/wp-json\/wp\/v2\/media\/3201"}],"wp:attachment":[{"href":"https:\/\/www.lycee-eca.fr\/actu\/wp-json\/wp\/v2\/media?parent=3200"}],"wp:term":[{"taxonomy":"category","embeddable":true,"href":"https:\/\/www.lycee-eca.fr\/actu\/wp-json\/wp\/v2\/categories?post=3200"},{"taxonomy":"post_tag","embeddable":true,"href":"https:\/\/www.lycee-eca.fr\/actu\/wp-json\/wp\/v2\/tags?post=3200"}],"curies":[{"name":"wp","href":"https:\/\/api.w.org\/{rel}","templated":true}]}}