{"id":3210,"date":"2025-09-27T16:36:00","date_gmt":"2025-09-27T14:36:00","guid":{"rendered":"https:\/\/www.lycee-eca.fr\/actu\/?p=3210"},"modified":"2025-09-26T18:16:30","modified_gmt":"2025-09-26T16:16:30","slug":"la-caf-supprime-les-apl-en-2025-quelles-consequences-pour-les-francais","status":"publish","type":"post","link":"https:\/\/www.lycee-eca.fr\/actu\/la-caf-supprime-les-apl-en-2025-quelles-consequences-pour-les-francais\/","title":{"rendered":"La CAF supprime les APL en 2025 : quelles cons\u00e9quences pour les Fran\u00e7ais ?"},"content":{"rendered":"<p>R\u00e9cemment, une vid\u00e9o virale sur TikTok a suscit\u00e9 une vague de panique en affirmant que les Aides Personnalis\u00e9es au Logement (APL) seraient supprim\u00e9es en 2025. Visionn\u00e9e plus de 450 000 fois, cette rumeur a rapidement circul\u00e9 sur les r\u00e9seaux sociaux, provoquant l&rsquo;inqui\u00e9tude parmi les b\u00e9n\u00e9ficiaires de ces aides essentielles. Il est crucial de comprendre la r\u00e9alit\u00e9 derri\u00e8re cette information et les implications possibles si une telle mesure venait \u00e0 \u00eatre envisag\u00e9e.<\/p>\n<h2>D\u00e9mystifier la Rumeur sur la Suppression des APL<\/h2>\n<p>La vid\u00e9o pr\u00e9tendait que la Caisse d\u2019Allocations Familiales (CAF) envisageait de mettre fin aux APL, les rempla\u00e7ant par un dispositif moins avantageux. Cette nouvelle a choqu\u00e9 de nombreux allocataires, d\u00e9j\u00e0 fragilis\u00e9s par l&rsquo;incertitude \u00e9conomique actuelle. La propagation rapide de cette information non v\u00e9rifi\u00e9e montre \u00e0 quel point les citoyens peuvent \u00eatre vuln\u00e9rables face aux flux d&rsquo;informations num\u00e9riques.<\/p>\n<p>Pour calmer la situation, la CAF a rapidement d\u00e9menti ces all\u00e9gations via son compte officiel sur le r\u00e9seau social X. Elle a affirm\u00e9 que les APL continueraient d&rsquo;\u00eatre vers\u00e9es en 2025, rassurant ainsi les millions de Fran\u00e7ais qui d\u00e9pendent de ce soutien financier crucial. Ce d\u00e9menti souligne l&rsquo;importance de v\u00e9rifier les informations aupr\u00e8s de sources institutionnelles avant de relayer des contenus potentiellement alarmants.<\/p>\n<h2>Les Cons\u00e9quences Potentielles d\u2019une D\u00e9sinformation Massive<\/h2>\n<p>La diffusion de fausses informations sur les aides sociales peut avoir de graves cons\u00e9quences pour les m\u00e9nages fran\u00e7ais. Croire \u00e0 une suppression imminente des APL pourrait pousser certains foyers \u00e0 prendre des d\u00e9cisions financi\u00e8res pr\u00e9cipit\u00e9es, compromettant leur \u00e9quilibre budg\u00e9taire. Dans un contexte o\u00f9 de nombreux Fran\u00e7ais attendent des aides financi\u00e8res cruciales, la confusion autour des prestations sociales peut cr\u00e9er un climat d&rsquo;anxi\u00e9t\u00e9 g\u00e9n\u00e9ralis\u00e9e.<\/p>\n<p>Cette situation met \u00e9galement en lumi\u00e8re la fragilit\u00e9 du lien de confiance entre les institutions publiques et les citoyens. La rapidit\u00e9 de la propagation de la rumeur r\u00e9v\u00e8le une d\u00e9fiance potentielle envers les organismes officiels. Cela souligne l&rsquo;urgence pour des entit\u00e9s comme la CAF de renforcer leur communication et leur transparence pour maintenir la confiance du public, surtout \u00e0 l&rsquo;\u00e8re num\u00e9rique.<\/p>\n<h2>Renforcer l\u2019\u00c9ducation aux M\u00e9dias Face aux Fake News<\/h2>\n<p>L&rsquo;\u00e9pisode de la pr\u00e9tendue suppression des APL met en \u00e9vidence la n\u00e9cessit\u00e9 de d\u00e9velopper l&rsquo;esprit critique des citoyens. Dans un environnement m\u00e9diatique satur\u00e9, savoir distinguer les sources fiables des contenus trompeurs devient essentiel. Les organismes sociaux comme la CAF ont un r\u00f4le cl\u00e9 \u00e0 jouer en fournissant des informations claires et v\u00e9rifiables.<\/p>\n<p>Consciente de ces enjeux, la CAF s&rsquo;efforce d&rsquo;am\u00e9liorer ses canaux de communication pour r\u00e9pondre efficacement aux interrogations des allocataires. Maintenir un syst\u00e8me d&rsquo;aide au logement stable et compr\u00e9hensible reste une priorit\u00e9 pour soutenir les m\u00e9nages fran\u00e7ais confront\u00e9s aux d\u00e9fis quotidiens.<\/p>\n<p>Les pouvoirs publics ont \u00e9galement un r\u00f4le \u00e0 jouer dans la lutte contre la d\u00e9sinformation. Renforcer l&rsquo;\u00e9ducation aux m\u00e9dias d\u00e8s le plus jeune \u00e2ge et encourager la v\u00e9rification des sources sont des axes prioritaires pour construire une soci\u00e9t\u00e9 plus r\u00e9siliente face aux fake news, surtout lorsqu&rsquo;elles concernent des sujets aussi sensibles que les prestations sociales.<\/p>\n<p>En conclusion, la propagation rapide de rumeurs infond\u00e9es sur les APL souligne l&rsquo;importance d&rsquo;une communication claire et d&rsquo;une \u00e9ducation m\u00e9diatique renforc\u00e9e. Seule une approche collective et proactive permettra de pr\u00e9server la confiance entre les citoyens et les institutions, garantissant ainsi la stabilit\u00e9 des aides essentielles comme les APL.<\/p>\n","protected":false},"excerpt":{"rendered":"<p>R\u00e9cemment, une vid\u00e9o virale sur TikTok a suscit\u00e9 une vague de panique en affirmant que les Aides Personnalis\u00e9es au Logement (APL) seraient supprim\u00e9es en 2025. Visionn\u00e9e plus de 450 000 fois, cette rumeur a rapidement circul\u00e9 sur les r\u00e9seaux sociaux, provoquant l&rsquo;inqui\u00e9tude parmi les b\u00e9n\u00e9ficiaires de ces aides essentielles. Il est crucial de comprendre la [&hellip;]<\/p>\n","protected":false},"author":2,"featured_media":3211,"comment_status":"open","ping_status":"open","sticky":false,"template":"","format":"standard","meta":{"_seopress_robots_primary_cat":"","_seopress_titles_title":"","_seopress_titles_desc":"","_seopress_robots_index":"","footnotes":""},"categories":[7],"tags":[],"class_list":{"0":"post-3210","1":"post","2":"type-post","3":"status-publish","4":"format-standard","5":"has-post-thumbnail","7":"category-societe"},"_links":{"self":[{"href":"https:\/\/www.lycee-eca.fr\/actu\/wp-json\/wp\/v2\/posts\/3210","targetHints":{"allow":["GET"]}}],"collection":[{"href":"https:\/\/www.lycee-eca.fr\/actu\/wp-json\/wp\/v2\/posts"}],"about":[{"href":"https:\/\/www.lycee-eca.fr\/actu\/wp-json\/wp\/v2\/types\/post"}],"author":[{"embeddable":true,"href":"https:\/\/www.lycee-eca.fr\/actu\/wp-json\/wp\/v2\/users\/2"}],"replies":[{"embeddable":true,"href":"https:\/\/www.lycee-eca.fr\/actu\/wp-json\/wp\/v2\/comments?post=3210"}],"version-history":[{"count":1,"href":"https:\/\/www.lycee-eca.fr\/actu\/wp-json\/wp\/v2\/posts\/3210\/revisions"}],"predecessor-version":[{"id":3352,"href":"https:\/\/www.lycee-eca.fr\/actu\/wp-json\/wp\/v2\/posts\/3210\/revisions\/3352"}],"wp:featuredmedia":[{"embeddable":true,"href":"https:\/\/www.lycee-eca.fr\/actu\/wp-json\/wp\/v2\/media\/3211"}],"wp:attachment":[{"href":"https:\/\/www.lycee-eca.fr\/actu\/wp-json\/wp\/v2\/media?parent=3210"}],"wp:term":[{"taxonomy":"category","embeddable":true,"href":"https:\/\/www.lycee-eca.fr\/actu\/wp-json\/wp\/v2\/categories?post=3210"},{"taxonomy":"post_tag","embeddable":true,"href":"https:\/\/www.lycee-eca.fr\/actu\/wp-json\/wp\/v2\/tags?post=3210"}],"curies":[{"name":"wp","href":"https:\/\/api.w.org\/{rel}","templated":true}]}}