{"id":3220,"date":"2025-09-27T11:44:00","date_gmt":"2025-09-27T09:44:00","guid":{"rendered":"https:\/\/www.lycee-eca.fr\/actu\/?p=3220"},"modified":"2025-09-26T18:16:30","modified_gmt":"2025-09-26T16:16:30","slug":"electricite-les-creneaux-des-heures-creuses-viennent-encore-de-changer-voici-les-nouveaux-horaires-pour-2025","status":"publish","type":"post","link":"https:\/\/www.lycee-eca.fr\/actu\/electricite-les-creneaux-des-heures-creuses-viennent-encore-de-changer-voici-les-nouveaux-horaires-pour-2025\/","title":{"rendered":"\u00c9lectricit\u00e9 : les cr\u00e9neaux des heures creuses viennent encore de changer, voici les nouveaux horaires pour 2025"},"content":{"rendered":"<p>La refonte des heures creuses d&rsquo;\u00e9lectricit\u00e9 pr\u00e9vue pour 2025 va profond\u00e9ment transformer les habitudes \u00e9nerg\u00e9tiques des Fran\u00e7ais. Cette r\u00e9forme vise \u00e0 optimiser la distribution d&rsquo;\u00e9lectricit\u00e9 et \u00e0 encourager une consommation plus flexible, en phase avec l&rsquo;\u00e9volution du mix \u00e9nerg\u00e9tique national. Examinons les principaux aspects de cette transformation majeure.<\/p>\n<h2>Pourquoi repenser les heures creuses ?<\/h2>\n<p>L&rsquo;essor des \u00e9nergies renouvelables, notamment le solaire et l&rsquo;\u00e9olien, a boulevers\u00e9 les sch\u00e9mas traditionnels de production \u00e9lectrique. Les p\u00e9riodes de forte disponibilit\u00e9 \u00e9nerg\u00e9tique ne co\u00efncident plus n\u00e9cessairement avec les cr\u00e9neaux historiques des heures creuses. Face \u00e0 ce constat, les autorit\u00e9s ont d\u00e9cid\u00e9 d&rsquo;adapter le syst\u00e8me pour mieux refl\u00e9ter la r\u00e9alit\u00e9 du r\u00e9seau \u00e9lectrique moderne.<\/p>\n<p>Cette \u00e9volution s&rsquo;inscrit dans une d\u00e9marche plus large de transition \u00e9cologique. En incitant les consommateurs \u00e0 utiliser l&rsquo;\u00e9lectricit\u00e9 lorsqu&rsquo;elle est abondante et d&rsquo;origine renouvelable, on r\u00e9duit le recours aux centrales thermiques, plus polluantes. C&rsquo;est un pas de plus vers une consommation \u00e9nerg\u00e9tique plus verte et responsable.<\/p>\n<h2>Les nouveaux cr\u00e9neaux valid\u00e9s : une approche r\u00e9gionalis\u00e9e<\/h2>\n<p>La grande nouveaut\u00e9 de cette r\u00e9forme r\u00e9side dans son approche diff\u00e9renci\u00e9e selon les zones g\u00e9ographiques. Fini le mod\u00e8le unique appliqu\u00e9 \u00e0 l&rsquo;ensemble du territoire ! D\u00e9sormais, les heures creuses seront adapt\u00e9es aux sp\u00e9cificit\u00e9s \u00e9nerg\u00e9tiques locales. Par exemple, dans les r\u00e9gions \u00e0 forte production solaire comme l&rsquo;Occitanie, on pourra b\u00e9n\u00e9ficier de tarifs avantageux en d\u00e9but d&rsquo;apr\u00e8s-midi, quand le soleil est au z\u00e9nith.<\/p>\n<p>En zone urbaine, les heures creuses seront g\u00e9n\u00e9ralement avanc\u00e9es d&rsquo;une heure, passant de 22h-6h \u00e0 21h-5h. Les zones rurales et p\u00e9riurbaines verront l&rsquo;apparition d&rsquo;un cr\u00e9neau suppl\u00e9mentaire en journ\u00e9e, typiquement entre 14h et 17h. Cette flexibilit\u00e9 permettra de mieux \u00e9quilibrer l&rsquo;offre et la demande sur le r\u00e9seau \u00e9lectrique.<\/p>\n<h2>Impact sur le quotidien des consommateurs<\/h2>\n<p>Ces changements vont n\u00e9cessiter une adaptation des habitudes domestiques. Il faudra reprogrammer les appareils \u00e9lectrom\u00e9nagers pour profiter pleinement des nouveaux cr\u00e9neaux avantageux. Cette r\u00e9organisation peut sembler contraignante, mais elle offre de r\u00e9elles opportunit\u00e9s d&rsquo;optimisation des co\u00fbts \u00e9nerg\u00e9tiques.<\/p>\n<p>Pour faciliter cette transition, de nombreux fournisseurs d&rsquo;\u00e9lectricit\u00e9 proposeront des solutions de gestion intelligente de l&rsquo;\u00e9nergie. Ces dispositifs permettront d&rsquo;automatiser le fonctionnement des appareils en fonction des nouveaux cr\u00e9neaux d&rsquo;heures creuses, simplifiant donc la vie des consommateurs tout en maximisant les \u00e9conomies.<\/p>\n<h2>Vers une consommation \u00e9lectrique plus intelligente<\/h2>\n<p>Cette r\u00e9forme des heures creuses s&rsquo;inscrit dans une tendance de fond : la transformation de notre rapport \u00e0 l&rsquo;\u00e9nergie. Elle encourage une consommation plus r\u00e9fl\u00e9chie et adapt\u00e9e aux r\u00e9alit\u00e9s du r\u00e9seau \u00e9lectrique. En synchronisant notre usage de l&rsquo;\u00e9lectricit\u00e9 avec les pics de production renouvelable, nous participons collectivement \u00e0 une gestion plus efficace et \u00e9cologique de nos ressources \u00e9nerg\u00e9tiques.<\/p>\n<p>L&rsquo;enjeu est de taille : il s&rsquo;agit de pr\u00e9parer notre syst\u00e8me \u00e9lectrique aux d\u00e9fis de demain. Avec l&rsquo;augmentation pr\u00e9vue de la part des \u00e9nergies renouvelables dans le mix \u00e9nerg\u00e9tique fran\u00e7ais, cette flexibilit\u00e9 accrue devient cruciale. Elle permettra de mieux absorber les variations de production inh\u00e9rentes aux sources d&rsquo;\u00e9nergie intermittentes comme le soleil ou le vent.<\/p>\n<p>En d\u00e9finitive, cette r\u00e9forme des heures creuses en 2025 marque une \u00e9tape importante vers un avenir \u00e9nerg\u00e9tique plus durable. Elle offre aux consommateurs l&rsquo;opportunit\u00e9 de devenir des acteurs \u00e0 part enti\u00e8re de la transition \u00e9cologique, tout en r\u00e9alisant des \u00e9conomies substantielles sur leur facture d&rsquo;\u00e9lectricit\u00e9. C&rsquo;est un changement qui promet de transformer en profondeur notre rapport \u00e0 l&rsquo;\u00e9nergie, pour le b\u00e9n\u00e9fice de tous et de notre plan\u00e8te.<\/p>\n","protected":false},"excerpt":{"rendered":"<p>La refonte des heures creuses d&rsquo;\u00e9lectricit\u00e9 pr\u00e9vue pour 2025 va profond\u00e9ment transformer les habitudes \u00e9nerg\u00e9tiques des Fran\u00e7ais. Cette r\u00e9forme vise \u00e0 optimiser la distribution d&rsquo;\u00e9lectricit\u00e9 et \u00e0 encourager une consommation plus flexible, en phase avec l&rsquo;\u00e9volution du mix \u00e9nerg\u00e9tique national. Examinons les principaux aspects de cette transformation majeure. Pourquoi repenser les heures creuses ? L&rsquo;essor [&hellip;]<\/p>\n","protected":false},"author":2,"featured_media":3221,"comment_status":"open","ping_status":"open","sticky":false,"template":"","format":"standard","meta":{"_seopress_robots_primary_cat":"","_seopress_titles_title":"","_seopress_titles_desc":"","_seopress_robots_index":"","footnotes":""},"categories":[8],"tags":[],"class_list":{"0":"post-3220","1":"post","2":"type-post","3":"status-publish","4":"format-standard","5":"has-post-thumbnail","7":"category-consommation"},"_links":{"self":[{"href":"https:\/\/www.lycee-eca.fr\/actu\/wp-json\/wp\/v2\/posts\/3220","targetHints":{"allow":["GET"]}}],"collection":[{"href":"https:\/\/www.lycee-eca.fr\/actu\/wp-json\/wp\/v2\/posts"}],"about":[{"href":"https:\/\/www.lycee-eca.fr\/actu\/wp-json\/wp\/v2\/types\/post"}],"author":[{"embeddable":true,"href":"https:\/\/www.lycee-eca.fr\/actu\/wp-json\/wp\/v2\/users\/2"}],"replies":[{"embeddable":true,"href":"https:\/\/www.lycee-eca.fr\/actu\/wp-json\/wp\/v2\/comments?post=3220"}],"version-history":[{"count":1,"href":"https:\/\/www.lycee-eca.fr\/actu\/wp-json\/wp\/v2\/posts\/3220\/revisions"}],"predecessor-version":[{"id":3350,"href":"https:\/\/www.lycee-eca.fr\/actu\/wp-json\/wp\/v2\/posts\/3220\/revisions\/3350"}],"wp:featuredmedia":[{"embeddable":true,"href":"https:\/\/www.lycee-eca.fr\/actu\/wp-json\/wp\/v2\/media\/3221"}],"wp:attachment":[{"href":"https:\/\/www.lycee-eca.fr\/actu\/wp-json\/wp\/v2\/media?parent=3220"}],"wp:term":[{"taxonomy":"category","embeddable":true,"href":"https:\/\/www.lycee-eca.fr\/actu\/wp-json\/wp\/v2\/categories?post=3220"},{"taxonomy":"post_tag","embeddable":true,"href":"https:\/\/www.lycee-eca.fr\/actu\/wp-json\/wp\/v2\/tags?post=3220"}],"curies":[{"name":"wp","href":"https:\/\/api.w.org\/{rel}","templated":true}]}}