{"id":3226,"date":"2025-09-29T08:33:00","date_gmt":"2025-09-29T06:33:00","guid":{"rendered":"https:\/\/www.lycee-eca.fr\/actu\/?p=3226"},"modified":"2025-09-29T00:37:32","modified_gmt":"2025-09-28T22:37:32","slug":"le-changement-dheure-cest-fini-elon-musk-prepare-un-plan-demoniaque-qui-va-toucher-la-france","status":"publish","type":"post","link":"https:\/\/www.lycee-eca.fr\/actu\/le-changement-dheure-cest-fini-elon-musk-prepare-un-plan-demoniaque-qui-va-toucher-la-france\/","title":{"rendered":"Le changement d\u2019heure, c\u2019est fini : Elon Musk pr\u00e9pare un plan d\u00e9moniaque qui va toucher la France"},"content":{"rendered":"<p>Elon Musk, le c\u00e9l\u00e8bre entrepreneur technologique, s&rsquo;appr\u00eate \u00e0 transformer notre rapport au temps. R\u00e9cemment nomm\u00e9 \u00e0 la t\u00eate du D\u00e9partement de l\u2019efficacit\u00e9 gouvernementale par Donald Trump, il envisage de supprimer le changement d&rsquo;heure aux \u00c9tats-Unis d\u00e8s 2025. Cette initiative pourrait avoir des r\u00e9percussions importantes en Europe, notamment en France, o\u00f9 le d\u00e9bat sur cette pratique persiste depuis des ann\u00e9es.<\/p>\n<h2>La R\u00e9volution Horaire Initi\u00e9e par Musk<\/h2>\n<p>Le 5 mars 2025, Musk a lanc\u00e9 un sondage sur son r\u00e9seau social X, demandant \u00e0 ses 170 millions d&rsquo;abonn\u00e9s de choisir entre l&rsquo;heure d&rsquo;hiver permanente ou l&rsquo;heure d&rsquo;\u00e9t\u00e9 d\u00e9finitive. Avec plus de 1,3 million de participations en quelques heures, l&rsquo;int\u00e9r\u00eat pour cette question est ind\u00e9niable. Cette consultation n&rsquo;est pas un simple exercice de communication, mais une d\u00e9marche concr\u00e8te pour \u00e9liminer une pratique jug\u00e9e obsol\u00e8te par de nombreux experts.<\/p>\n<p>Les observateurs politiques estiment que cette initiative pourrait aboutir gr\u00e2ce au soutien pr\u00e9sidentiel et \u00e0 l&rsquo;engouement populaire. L&rsquo;abandon du changement d&rsquo;heure aux \u00c9tats-Unis marquerait un tournant historique dans la gestion du temps \u00e0 l&rsquo;\u00e9chelle mondiale.<\/p>\n<h2>Les Effets Controvers\u00e9s d&rsquo;une Pratique Dat\u00e9e<\/h2>\n<p>Le changement d&rsquo;heure, instaur\u00e9 dans les ann\u00e9es 1970 pour \u00e9conomiser l&rsquo;\u00e9nergie, ne semble plus justifi\u00e9 \u00e9conomiquement. Des \u00e9tudes, comme celles de l&rsquo;ADEME en France, montrent que les \u00e9conomies r\u00e9alis\u00e9es ne d\u00e9passent pas 0,1%. En revanche, les effets n\u00e9gatifs sur la sant\u00e9 publique sont bien document\u00e9s. Les sp\u00e9cialistes du sommeil soulignent les perturbations biologiques caus\u00e9es par ces changements, entra\u00eenant troubles du sommeil, baisse de productivit\u00e9, risques cardiovasculaires accrus et augmentation des accidents routiers.<\/p>\n<p>Les populations vuln\u00e9rables, telles que les enfants et les personnes \u00e2g\u00e9es, souffrent particuli\u00e8rement de ces ajustements forc\u00e9s. La question devient un enjeu de sant\u00e9 publique plut\u00f4t qu&rsquo;une simple question de confort.<\/p>\n<h2>L&rsquo;Impact Potentiel sur l&rsquo;Europe et la France<\/h2>\n<p>L&rsquo;initiative am\u00e9ricaine pourrait relancer le d\u00e9bat en Europe, enlis\u00e9e depuis 2019. Cette ann\u00e9e-l\u00e0, une consultation citoyenne du Parlement europ\u00e9en avait montr\u00e9 que 84% des Fran\u00e7ais souhaitaient abandonner le changement d&rsquo;heure. Cependant, le processus s&rsquo;est bloqu\u00e9 en raison de l&rsquo;incapacit\u00e9 des \u00c9tats membres \u00e0 s&rsquo;accorder sur un fuseau horaire permanent.<\/p>\n<p>Si les \u00c9tats-Unis mettent en \u0153uvre cette r\u00e9forme, la pression sur l&rsquo;Europe augmentera. La France, qui semble privil\u00e9gier l&rsquo;heure d&rsquo;\u00e9t\u00e9 permanente, pourrait enfin voir cette pr\u00e9f\u00e9rence se concr\u00e9tiser.<\/p>\n<h2>Vers une Nouvelle \u00c8re Temporelle Mondiale<\/h2>\n<p>Elon Musk, avec son influence mondiale et sa capacit\u00e9 \u00e0 capter l&rsquo;attention m\u00e9diatique, pourrait bien faire avancer ce dossier. Sa d\u00e9marche interventionniste et sa nouvelle l\u00e9gitimit\u00e9 gouvernementale cr\u00e9ent une dynamique in\u00e9dite.<\/p>\n<p>Les mois \u00e0 venir seront cruciaux. Si Washington officialise cette r\u00e9forme, Bruxelles ne pourra pas ignorer les appels au changement. La France, favorable \u00e0 une harmonisation temporelle, pourrait profiter de cette impulsion pour concr\u00e9tiser une r\u00e9forme attendue par la majorit\u00e9 de ses citoyens.<\/p>\n<p>En conclusion, l&rsquo;initiative d&rsquo;Elon Musk pourrait bien \u00eatre le catalyseur n\u00e9cessaire pour mettre fin \u00e0 une pratique d\u00e9su\u00e8te, avec des implications positives pour la sant\u00e9 publique et la qualit\u00e9 de vie. La suppression du changement d&rsquo;heure pourrait inaugurer une nouvelle \u00e8re temporelle, harmonis\u00e9e \u00e0 l&rsquo;\u00e9chelle mondiale.<\/p>\n","protected":false},"excerpt":{"rendered":"<p>Elon Musk, le c\u00e9l\u00e8bre entrepreneur technologique, s&rsquo;appr\u00eate \u00e0 transformer notre rapport au temps. R\u00e9cemment nomm\u00e9 \u00e0 la t\u00eate du D\u00e9partement de l\u2019efficacit\u00e9 gouvernementale par Donald Trump, il envisage de supprimer le changement d&rsquo;heure aux \u00c9tats-Unis d\u00e8s 2025. Cette initiative pourrait avoir des r\u00e9percussions importantes en Europe, notamment en France, o\u00f9 le d\u00e9bat sur cette pratique [&hellip;]<\/p>\n","protected":false},"author":2,"featured_media":3227,"comment_status":"open","ping_status":"open","sticky":false,"template":"","format":"standard","meta":{"_seopress_robots_primary_cat":"","_seopress_titles_title":"","_seopress_titles_desc":"","_seopress_robots_index":"","footnotes":""},"categories":[7],"tags":[],"class_list":{"0":"post-3226","1":"post","2":"type-post","3":"status-publish","4":"format-standard","5":"has-post-thumbnail","7":"category-societe"},"_links":{"self":[{"href":"https:\/\/www.lycee-eca.fr\/actu\/wp-json\/wp\/v2\/posts\/3226","targetHints":{"allow":["GET"]}}],"collection":[{"href":"https:\/\/www.lycee-eca.fr\/actu\/wp-json\/wp\/v2\/posts"}],"about":[{"href":"https:\/\/www.lycee-eca.fr\/actu\/wp-json\/wp\/v2\/types\/post"}],"author":[{"embeddable":true,"href":"https:\/\/www.lycee-eca.fr\/actu\/wp-json\/wp\/v2\/users\/2"}],"replies":[{"embeddable":true,"href":"https:\/\/www.lycee-eca.fr\/actu\/wp-json\/wp\/v2\/comments?post=3226"}],"version-history":[{"count":1,"href":"https:\/\/www.lycee-eca.fr\/actu\/wp-json\/wp\/v2\/posts\/3226\/revisions"}],"predecessor-version":[{"id":3366,"href":"https:\/\/www.lycee-eca.fr\/actu\/wp-json\/wp\/v2\/posts\/3226\/revisions\/3366"}],"wp:featuredmedia":[{"embeddable":true,"href":"https:\/\/www.lycee-eca.fr\/actu\/wp-json\/wp\/v2\/media\/3227"}],"wp:attachment":[{"href":"https:\/\/www.lycee-eca.fr\/actu\/wp-json\/wp\/v2\/media?parent=3226"}],"wp:term":[{"taxonomy":"category","embeddable":true,"href":"https:\/\/www.lycee-eca.fr\/actu\/wp-json\/wp\/v2\/categories?post=3226"},{"taxonomy":"post_tag","embeddable":true,"href":"https:\/\/www.lycee-eca.fr\/actu\/wp-json\/wp\/v2\/tags?post=3226"}],"curies":[{"name":"wp","href":"https:\/\/api.w.org\/{rel}","templated":true}]}}