{"id":3298,"date":"2025-09-29T07:31:00","date_gmt":"2025-09-29T05:31:00","guid":{"rendered":"https:\/\/www.lycee-eca.fr\/actu\/?p=3298"},"modified":"2025-09-29T00:37:32","modified_gmt":"2025-09-28T22:37:32","slug":"reforme-des-retraites-2025-ce-tableau-vous-montre-exactement-a-quel-age-vous-pourrez-partir-selon-votre-age","status":"publish","type":"post","link":"https:\/\/www.lycee-eca.fr\/actu\/reforme-des-retraites-2025-ce-tableau-vous-montre-exactement-a-quel-age-vous-pourrez-partir-selon-votre-age\/","title":{"rendered":"R\u00e9forme des retraites 2025 : ce tableau vous montre exactement \u00e0 quel \u00e2ge vous pourrez partir selon votre \u00e2ge"},"content":{"rendered":"<p>La r\u00e9forme des retraites en France a introduit des changements significatifs dans les conditions de d\u00e9part \u00e0 la retraite, notamment en repoussant l&rsquo;\u00e2ge l\u00e9gal de 62 \u00e0 64 ans. Ces modifications concernent principalement les personnes n\u00e9es entre 1958 et 1973, avec un d\u00e9calage progressif d\u2019un trimestre par g\u00e9n\u00e9ration. Pour aider les assur\u00e9s \u00e0 s&rsquo;y retrouver, le simulateur officiel Info-retraite.fr a \u00e9t\u00e9 mis \u00e0 jour pour int\u00e9grer ces nouvelles r\u00e8gles.<\/p>\n<h2>Un Outil Essentiel pour Planifier sa Retraite<\/h2>\n<p>Le simulateur Info-retraite.fr, actualis\u00e9 depuis le 12 juin, permet d\u00e9sormais \u00e0 chacun de d\u00e9terminer pr\u00e9cis\u00e9ment l&rsquo;\u00e2ge auquel il peut partir \u00e0 la retraite en fonction de sa situation personnelle. Cet outil prend en compte l&rsquo;ensemble des nouvelles dispositions l\u00e9gales, bien qu&rsquo;il ait rencontr\u00e9 quelques difficult\u00e9s techniques lors de son lancement.<\/p>\n<h2>Conditions de Cotisation pour une Retraite Compl\u00e8te<\/h2>\n<p>La r\u00e9forme a \u00e9galement modifi\u00e9 la dur\u00e9e de cotisation n\u00e9cessaire pour obtenir une retraite \u00e0 taux plein. Alors que 166 trimestres \u00e9taient requis auparavant, il faut d\u00e9sormais valider 172 trimestres, soit 43 ann\u00e9es de cotisations. Ce changement s&rsquo;applique progressivement et d\u00e9pend de l&rsquo;ann\u00e9e de naissance de l&rsquo;assur\u00e9. Ainsi, il est crucial de v\u00e9rifier non seulement l&rsquo;\u00e2ge l\u00e9gal de d\u00e9part, mais aussi la dur\u00e9e d&rsquo;assurance pour s&rsquo;assurer d&rsquo;une retraite compl\u00e8te.<\/p>\n<h2>Cas Particuliers et D\u00e9part Anticip\u00e9<\/h2>\n<p>Le simulateur prend \u00e9galement en compte plusieurs situations sp\u00e9cifiques qui peuvent permettre un d\u00e9part anticip\u00e9 ou des conditions de retraite adapt\u00e9es. Parmi ces situations, on trouve :<\/p>\n<ul>\n<li><strong>Carri\u00e8res longues :<\/strong> Les r\u00e8gles sont ajust\u00e9es selon l&rsquo;\u00e2ge de d\u00e9but de cotisation, permettant \u00e0 certains de partir plus t\u00f4t.<\/li>\n<li><strong>Invalidit\u00e9 :<\/strong> Les personnes en situation d&rsquo;invalidit\u00e9 peuvent b\u00e9n\u00e9ficier d&rsquo;un d\u00e9part anticip\u00e9.<\/li>\n<li><strong>Revalorisation du minimum contributif :<\/strong> Destin\u00e9e aux pensions les plus modestes, cette mesure assure un niveau de vie d\u00e9cent aux retrait\u00e9s ayant peu cotis\u00e9.<\/li>\n<\/ul>\n<p>Ces param\u00e8tres sont essentiels pour de nombreux assur\u00e9s, et expliquent pourquoi l&rsquo;outil Mon compte retraite est l&rsquo;une des applications les plus t\u00e9l\u00e9charg\u00e9es. Il offre une vision claire et personnalis\u00e9e des droits \u00e0 la retraite, facilitant ainsi la planification de cette \u00e9tape cruciale de la vie.<\/p>\n<p>En conclusion, la r\u00e9forme des retraites en France a introduit des changements majeurs qui n\u00e9cessitent une bonne compr\u00e9hension des nouvelles r\u00e8gles. Le simulateur Info-retraite.fr est un outil pr\u00e9cieux pour les assur\u00e9s, leur permettant de planifier leur d\u00e9part \u00e0 la retraite en toute s\u00e9r\u00e9nit\u00e9. Gr\u00e2ce \u00e0 cet outil, chacun peut \u00e9valuer sa situation personnelle, anticiper son d\u00e9part et s&rsquo;assurer de b\u00e9n\u00e9ficier de la retraite \u00e0 laquelle il a droit.<\/p>\n","protected":false},"excerpt":{"rendered":"<p>La r\u00e9forme des retraites en France a introduit des changements significatifs dans les conditions de d\u00e9part \u00e0 la retraite, notamment en repoussant l&rsquo;\u00e2ge l\u00e9gal de 62 \u00e0 64 ans. Ces modifications concernent principalement les personnes n\u00e9es entre 1958 et 1973, avec un d\u00e9calage progressif d\u2019un trimestre par g\u00e9n\u00e9ration. Pour aider les assur\u00e9s \u00e0 s&rsquo;y retrouver, [&hellip;]<\/p>\n","protected":false},"author":2,"featured_media":2135,"comment_status":"open","ping_status":"open","sticky":false,"template":"","format":"standard","meta":{"_seopress_robots_primary_cat":"","_seopress_titles_title":"","_seopress_titles_desc":"","_seopress_robots_index":"","footnotes":""},"categories":[7],"tags":[],"class_list":{"0":"post-3298","1":"post","2":"type-post","3":"status-publish","4":"format-standard","5":"has-post-thumbnail","7":"category-societe"},"_links":{"self":[{"href":"https:\/\/www.lycee-eca.fr\/actu\/wp-json\/wp\/v2\/posts\/3298","targetHints":{"allow":["GET"]}}],"collection":[{"href":"https:\/\/www.lycee-eca.fr\/actu\/wp-json\/wp\/v2\/posts"}],"about":[{"href":"https:\/\/www.lycee-eca.fr\/actu\/wp-json\/wp\/v2\/types\/post"}],"author":[{"embeddable":true,"href":"https:\/\/www.lycee-eca.fr\/actu\/wp-json\/wp\/v2\/users\/2"}],"replies":[{"embeddable":true,"href":"https:\/\/www.lycee-eca.fr\/actu\/wp-json\/wp\/v2\/comments?post=3298"}],"version-history":[{"count":1,"href":"https:\/\/www.lycee-eca.fr\/actu\/wp-json\/wp\/v2\/posts\/3298\/revisions"}],"predecessor-version":[{"id":3365,"href":"https:\/\/www.lycee-eca.fr\/actu\/wp-json\/wp\/v2\/posts\/3298\/revisions\/3365"}],"wp:featuredmedia":[{"embeddable":true,"href":"https:\/\/www.lycee-eca.fr\/actu\/wp-json\/wp\/v2\/media\/2135"}],"wp:attachment":[{"href":"https:\/\/www.lycee-eca.fr\/actu\/wp-json\/wp\/v2\/media?parent=3298"}],"wp:term":[{"taxonomy":"category","embeddable":true,"href":"https:\/\/www.lycee-eca.fr\/actu\/wp-json\/wp\/v2\/categories?post=3298"},{"taxonomy":"post_tag","embeddable":true,"href":"https:\/\/www.lycee-eca.fr\/actu\/wp-json\/wp\/v2\/tags?post=3298"}],"curies":[{"name":"wp","href":"https:\/\/api.w.org\/{rel}","templated":true}]}}