{"id":3299,"date":"2025-09-29T17:06:00","date_gmt":"2025-09-29T15:06:00","guid":{"rendered":"https:\/\/www.lycee-eca.fr\/actu\/?p=3299"},"modified":"2025-09-29T00:37:33","modified_gmt":"2025-09-28T22:37:33","slug":"super-riches-contre-ultra-pauvres-ces-villes-francaises-ou-les-inegalites-explosent-en-2025","status":"publish","type":"post","link":"https:\/\/www.lycee-eca.fr\/actu\/super-riches-contre-ultra-pauvres-ces-villes-francaises-ou-les-inegalites-explosent-en-2025\/","title":{"rendered":"Super-riches contre ultra-pauvres : ces villes fran\u00e7aises o\u00f9 les in\u00e9galit\u00e9s explosent en 2025"},"content":{"rendered":"<p>En 2025, la fracture sociale s&rsquo;accentue dans plusieurs villes fran\u00e7aises, notamment Neuilly-sur-Seine, Paris et Versailles. Ces communes affichent des \u00e9carts de revenus impressionnants, refl\u00e9tant une s\u00e9gr\u00e9gation spatiale et \u00e9conomique pr\u00e9occupante. Malgr\u00e9 les efforts des politiques locales, les in\u00e9galit\u00e9s continuent de cro\u00eetre, affectant directement la qualit\u00e9 de vie des habitants.<\/p>\n<h2>Des \u00e9carts de revenus alarmants<\/h2>\n<p>Selon l\u2019Observatoire des in\u00e9galit\u00e9s, les disparit\u00e9s \u00e9conomiques explosent dans certaines villes fran\u00e7aises. Les plus riches per\u00e7oivent jusqu&rsquo;\u00e0 huit fois plus que les plus modestes, entra\u00eenant une s\u00e9gr\u00e9gation spatiale et un acc\u00e8s in\u00e9gal aux services publics. Ces chiffres illustrent la difficult\u00e9 des politiques locales \u00e0 r\u00e9duire ces in\u00e9galit\u00e9s sociales et \u00e9conomiques.<\/p>\n<h2>Neuilly-sur-Seine : un cas embl\u00e9matique<\/h2>\n<p>Neuilly-sur-Seine se distingue par des \u00e9carts de revenus ph\u00e9nom\u00e9naux. Les 10 % d&rsquo;habitants les plus ais\u00e9s gagnent huit fois plus que les 10 % les plus modestes, avec des revenus minimums de 10 700 euros mensuels contre 1 320 euros pour les plus pauvres. Cette concentration de richesse marginalise progressivement les populations modestes.<\/p>\n<h2>Paris et ses contrastes persistants<\/h2>\n<p>\u00c0 Paris, les \u00e9carts de revenus sont \u00e9galement marquants. Les Parisiens les plus riches gagnent en moyenne 6 000 euros ou plus, soit 6,4 fois le revenu des 10 % les plus pauvres. Cette situation refl\u00e8te une s\u00e9gr\u00e9gation socio-spatiale accrue, renfor\u00e7ant les tensions sociales et le sentiment d&rsquo;injustice parmi les habitants.<\/p>\n<h2>D&rsquo;autres villes touch\u00e9es par les in\u00e9galit\u00e9s<\/h2>\n<p>Outre Neuilly-sur-Seine et Paris, d&rsquo;autres communes, principalement en \u00cele-de-France, mais aussi en province, connaissent des in\u00e9galit\u00e9s importantes. La concentration de populations ais\u00e9es dans certains quartiers, face \u00e0 une pauvret\u00e9 persistante dans d&rsquo;autres, cr\u00e9e des \u00e9carts d&rsquo;acc\u00e8s aux services publics, \u00e0 l&rsquo;\u00e9ducation et \u00e0 l&#8217;emploi.<\/p>\n<h2>Impact sur la coh\u00e9sion sociale<\/h2>\n<p>Les \u00e9carts de revenus extr\u00eames affectent directement la coh\u00e9sion sociale. Dans les villes in\u00e9galitaires, les populations pauvres sont souvent isol\u00e9es, avec un acc\u00e8s limit\u00e9 aux services publics et aux infrastructures culturelles. Cette division renforce le sentiment d&rsquo;injustice, engendrant tensions et m\u00e9fiance entre habitants.<\/p>\n<h2>Politiques pour r\u00e9duire les in\u00e9galit\u00e9s<\/h2>\n<p>Face \u00e0 ces disparit\u00e9s, certaines initiatives de mixit\u00e9 sociale et de logements abordables ont \u00e9t\u00e9 mises en place. Les programmes de r\u00e9novation urbaine et de d\u00e9veloppement \u00e9conomique local visent \u00e0 r\u00e9duire les \u00e9carts. Cependant, leur impact reste limit\u00e9, et beaucoup de villes peinent \u00e0 mettre en \u0153uvre des solutions efficaces.<\/p>\n<p>En conclusion, les in\u00e9galit\u00e9s \u00e9conomiques en France en 2025 repr\u00e9sentent un d\u00e9fi majeur pour la coh\u00e9sion sociale. Les \u00e9carts de revenus marqu\u00e9s dans des villes comme Neuilly-sur-Seine et Paris soulignent la n\u00e9cessit\u00e9 de renforcer les politiques de mixit\u00e9 sociale et d&rsquo;adopter une approche nationale coordonn\u00e9e. Cela est essentiel pour limiter la s\u00e9gr\u00e9gation socio-\u00e9conomique et favoriser une coh\u00e9sion durable, garantissant ainsi une meilleure qualit\u00e9 de vie pour tous les habitants.<\/p>\n","protected":false},"excerpt":{"rendered":"<p>En 2025, la fracture sociale s&rsquo;accentue dans plusieurs villes fran\u00e7aises, notamment Neuilly-sur-Seine, Paris et Versailles. Ces communes affichent des \u00e9carts de revenus impressionnants, refl\u00e9tant une s\u00e9gr\u00e9gation spatiale et \u00e9conomique pr\u00e9occupante. Malgr\u00e9 les efforts des politiques locales, les in\u00e9galit\u00e9s continuent de cro\u00eetre, affectant directement la qualit\u00e9 de vie des habitants. Des \u00e9carts de revenus alarmants Selon [&hellip;]<\/p>\n","protected":false},"author":2,"featured_media":3300,"comment_status":"open","ping_status":"open","sticky":false,"template":"","format":"standard","meta":{"_seopress_robots_primary_cat":"","_seopress_titles_title":"","_seopress_titles_desc":"","_seopress_robots_index":"","footnotes":""},"categories":[7],"tags":[],"class_list":{"0":"post-3299","1":"post","2":"type-post","3":"status-publish","4":"format-standard","5":"has-post-thumbnail","7":"category-societe"},"_links":{"self":[{"href":"https:\/\/www.lycee-eca.fr\/actu\/wp-json\/wp\/v2\/posts\/3299","targetHints":{"allow":["GET"]}}],"collection":[{"href":"https:\/\/www.lycee-eca.fr\/actu\/wp-json\/wp\/v2\/posts"}],"about":[{"href":"https:\/\/www.lycee-eca.fr\/actu\/wp-json\/wp\/v2\/types\/post"}],"author":[{"embeddable":true,"href":"https:\/\/www.lycee-eca.fr\/actu\/wp-json\/wp\/v2\/users\/2"}],"replies":[{"embeddable":true,"href":"https:\/\/www.lycee-eca.fr\/actu\/wp-json\/wp\/v2\/comments?post=3299"}],"version-history":[{"count":1,"href":"https:\/\/www.lycee-eca.fr\/actu\/wp-json\/wp\/v2\/posts\/3299\/revisions"}],"predecessor-version":[{"id":3373,"href":"https:\/\/www.lycee-eca.fr\/actu\/wp-json\/wp\/v2\/posts\/3299\/revisions\/3373"}],"wp:featuredmedia":[{"embeddable":true,"href":"https:\/\/www.lycee-eca.fr\/actu\/wp-json\/wp\/v2\/media\/3300"}],"wp:attachment":[{"href":"https:\/\/www.lycee-eca.fr\/actu\/wp-json\/wp\/v2\/media?parent=3299"}],"wp:term":[{"taxonomy":"category","embeddable":true,"href":"https:\/\/www.lycee-eca.fr\/actu\/wp-json\/wp\/v2\/categories?post=3299"},{"taxonomy":"post_tag","embeddable":true,"href":"https:\/\/www.lycee-eca.fr\/actu\/wp-json\/wp\/v2\/tags?post=3299"}],"curies":[{"name":"wp","href":"https:\/\/api.w.org\/{rel}","templated":true}]}}