{"id":3305,"date":"2025-09-30T10:36:00","date_gmt":"2025-09-30T08:36:00","guid":{"rendered":"https:\/\/www.lycee-eca.fr\/actu\/?p=3305"},"modified":"2025-09-29T00:37:38","modified_gmt":"2025-09-28T22:37:38","slug":"cest-officiel-controle-technique-obligatoire-tous-les-ans-pour-les-vehicules-de-cette-liste-des-milliers-de-concernes","status":"publish","type":"post","link":"https:\/\/www.lycee-eca.fr\/actu\/cest-officiel-controle-technique-obligatoire-tous-les-ans-pour-les-vehicules-de-cette-liste-des-milliers-de-concernes\/","title":{"rendered":"C\u2019est officiel, contr\u00f4le technique obligatoire tous les ans pour les v\u00e9hicules de cette liste, des milliers de concern\u00e9s"},"content":{"rendered":"<p>La mise en place d&rsquo;un contr\u00f4le technique annuel pour les v\u00e9hicules de plus de dix ans, pr\u00e9vue pour 2025, marque un tournant important pour de nombreux automobilistes fran\u00e7ais. Cette nouvelle r\u00e9glementation, visant \u00e0 renforcer la s\u00e9curit\u00e9 routi\u00e8re et \u00e0 r\u00e9duire l&rsquo;impact environnemental des v\u00e9hicules anciens, suscite de nombreuses interrogations et pr\u00e9occupations.<\/p>\n<h2>Quels v\u00e9hicules sont concern\u00e9s par le contr\u00f4le annuel ?<\/h2>\n<p>\u00c0 partir de 2025, tous les v\u00e9hicules \u00e2g\u00e9s de plus de dix ans devront passer un contr\u00f4le technique chaque ann\u00e9e, au lieu de tous les deux ans comme c&rsquo;est le cas actuellement. Cette mesure vise principalement les voitures plus anciennes, souvent sujettes \u00e0 des d\u00e9faillances techniques. Cependant, certaines cat\u00e9gories de v\u00e9hicules, comme les voitures de collection ou les engins agricoles, sont exempt\u00e9es de cette obligation. Pour les v\u00e9hicules autonomes, un contr\u00f4le semestriel est m\u00eame recommand\u00e9 pour assurer la fiabilit\u00e9 des syst\u00e8mes technologiques.<\/p>\n<h2>Les raisons derri\u00e8re cette nouvelle mesure<\/h2>\n<p>La d\u00e9cision de renforcer le contr\u00f4le technique repose sur deux principaux facteurs : la s\u00e9curit\u00e9 routi\u00e8re et la protection de l&rsquo;environnement. Les v\u00e9hicules de plus de dix ans pr\u00e9sentent un risque accru de probl\u00e8mes techniques, tels que des freins d\u00e9fectueux ou des \u00e9clairages insuffisants, qui peuvent compromettre la s\u00e9curit\u00e9 sur les routes. En Allemagne, par exemple, un grand nombre de v\u00e9hicules pr\u00e9sentant des d\u00e9fauts graves ont \u00e9t\u00e9 identifi\u00e9s, une situation que la France souhaite \u00e9viter.<\/p>\n<p>Sur le plan environnemental, les voitures plus anciennes ont tendance \u00e0 \u00e9mettre plus de particules polluantes. Un contr\u00f4le plus fr\u00e9quent permettra de d\u00e9tecter et de corriger rapidement les probl\u00e8mes li\u00e9s aux syst\u00e8mes anti-pollution, contribuant ainsi \u00e0 une meilleure qualit\u00e9 de l&rsquo;air.<\/p>\n<h2>Cons\u00e9quences financi\u00e8res pour les propri\u00e9taires<\/h2>\n<p>Le passage \u00e0 un contr\u00f4le annuel repr\u00e9sente une d\u00e9pense suppl\u00e9mentaire pour les propri\u00e9taires de v\u00e9hicules anciens, avec des co\u00fbts variant entre 80 et 120 euros par contr\u00f4le. Cette charge financi\u00e8re est particuli\u00e8rement lourde pour les m\u00e9nages \u00e0 revenu modeste, souvent propri\u00e9taires de voitures plus \u00e2g\u00e9es.<\/p>\n<p>Pour r\u00e9duire cet impact, il est conseill\u00e9 aux propri\u00e9taires d&rsquo;effectuer un entretien r\u00e9gulier de leur v\u00e9hicule. V\u00e9rifier les \u00e9l\u00e9ments cl\u00e9s comme les pneus, les freins et les feux peut pr\u00e9venir les r\u00e9parations co\u00fbteuses. Comparer les tarifs des diff\u00e9rents centres de contr\u00f4le peut \u00e9galement permettre de r\u00e9aliser des \u00e9conomies, les prix pouvant varier consid\u00e9rablement d&rsquo;un centre \u00e0 l&rsquo;autre.<\/p>\n<h2>D\u00e9fis pour les centres de contr\u00f4le<\/h2>\n<p>Les centres de contr\u00f4le devront s&rsquo;adapter \u00e0 cette nouvelle r\u00e9glementation, notamment en se pr\u00e9parant \u00e0 l&rsquo;inspection des v\u00e9hicules hybrides et \u00e9lectriques. Cela n\u00e9cessitera des \u00e9quipements sp\u00e9cifiques et une formation adapt\u00e9e du personnel, un investissement qui pourrait se refl\u00e9ter dans les tarifs futurs.<\/p>\n<p>En conclusion, la nouvelle mesure de contr\u00f4le technique annuel pour les v\u00e9hicules de plus de dix ans est une \u00e9tape importante vers une meilleure s\u00e9curit\u00e9 routi\u00e8re et une r\u00e9duction de l&rsquo;impact environnemental. Bien que cela repr\u00e9sente un co\u00fbt suppl\u00e9mentaire pour les propri\u00e9taires, des strat\u00e9gies d&rsquo;entretien pr\u00e9ventif et une comparaison des prix peuvent aider \u00e0 att\u00e9nuer cette charge. Les centres de contr\u00f4le devront \u00e9galement \u00e9voluer pour r\u00e9pondre aux exigences croissantes, garantissant ainsi la s\u00e9curit\u00e9 et la durabilit\u00e9 des v\u00e9hicules sur les routes fran\u00e7aises.<\/p>\n","protected":false},"excerpt":{"rendered":"<p>La mise en place d&rsquo;un contr\u00f4le technique annuel pour les v\u00e9hicules de plus de dix ans, pr\u00e9vue pour 2025, marque un tournant important pour de nombreux automobilistes fran\u00e7ais. Cette nouvelle r\u00e9glementation, visant \u00e0 renforcer la s\u00e9curit\u00e9 routi\u00e8re et \u00e0 r\u00e9duire l&rsquo;impact environnemental des v\u00e9hicules anciens, suscite de nombreuses interrogations et pr\u00e9occupations. Quels v\u00e9hicules sont concern\u00e9s [&hellip;]<\/p>\n","protected":false},"author":2,"featured_media":3306,"comment_status":"open","ping_status":"open","sticky":false,"template":"","format":"standard","meta":{"_seopress_robots_primary_cat":"","_seopress_titles_title":"","_seopress_titles_desc":"","_seopress_robots_index":"","footnotes":""},"categories":[7],"tags":[],"class_list":{"0":"post-3305","1":"post","2":"type-post","3":"status-publish","4":"format-standard","5":"has-post-thumbnail","7":"category-societe"},"_links":{"self":[{"href":"https:\/\/www.lycee-eca.fr\/actu\/wp-json\/wp\/v2\/posts\/3305","targetHints":{"allow":["GET"]}}],"collection":[{"href":"https:\/\/www.lycee-eca.fr\/actu\/wp-json\/wp\/v2\/posts"}],"about":[{"href":"https:\/\/www.lycee-eca.fr\/actu\/wp-json\/wp\/v2\/types\/post"}],"author":[{"embeddable":true,"href":"https:\/\/www.lycee-eca.fr\/actu\/wp-json\/wp\/v2\/users\/2"}],"replies":[{"embeddable":true,"href":"https:\/\/www.lycee-eca.fr\/actu\/wp-json\/wp\/v2\/comments?post=3305"}],"version-history":[{"count":1,"href":"https:\/\/www.lycee-eca.fr\/actu\/wp-json\/wp\/v2\/posts\/3305\/revisions"}],"predecessor-version":[{"id":3378,"href":"https:\/\/www.lycee-eca.fr\/actu\/wp-json\/wp\/v2\/posts\/3305\/revisions\/3378"}],"wp:featuredmedia":[{"embeddable":true,"href":"https:\/\/www.lycee-eca.fr\/actu\/wp-json\/wp\/v2\/media\/3306"}],"wp:attachment":[{"href":"https:\/\/www.lycee-eca.fr\/actu\/wp-json\/wp\/v2\/media?parent=3305"}],"wp:term":[{"taxonomy":"category","embeddable":true,"href":"https:\/\/www.lycee-eca.fr\/actu\/wp-json\/wp\/v2\/categories?post=3305"},{"taxonomy":"post_tag","embeddable":true,"href":"https:\/\/www.lycee-eca.fr\/actu\/wp-json\/wp\/v2\/tags?post=3305"}],"curies":[{"name":"wp","href":"https:\/\/api.w.org\/{rel}","templated":true}]}}