{"id":3325,"date":"2025-10-10T16:30:00","date_gmt":"2025-10-10T14:30:00","guid":{"rendered":"https:\/\/www.lycee-eca.fr\/actu\/?p=3325"},"modified":"2025-10-09T01:02:18","modified_gmt":"2025-10-08T23:02:18","slug":"succession-cette-nouvelle-loi-va-soulager-les-heritiers-qui-peinent-a-se-mettre-daccord-sur-le-devenir-dun-bien","status":"publish","type":"post","link":"https:\/\/www.lycee-eca.fr\/actu\/succession-cette-nouvelle-loi-va-soulager-les-heritiers-qui-peinent-a-se-mettre-daccord-sur-le-devenir-dun-bien\/","title":{"rendered":"Succession : cette nouvelle loi va soulager les h\u00e9ritiers qui peinent \u00e0 se mettre d&rsquo;accord sur le devenir d&rsquo;un bien"},"content":{"rendered":"<p>En France, la gestion des biens immobiliers h\u00e9rit\u00e9s en indivision pose souvent des probl\u00e8mes, surtout en l&rsquo;absence d&rsquo;accord entre h\u00e9ritiers. Cela conduit \u00e0 l&rsquo;abandon de nombreuses maisons ou immeubles. Pour rem\u00e9dier \u00e0 cette situation, le d\u00e9put\u00e9 Fran\u00e7ois Jolivet a propos\u00e9 une nouvelle loi visant \u00e0 rendre obligatoire une convention d\u2019indivision. Cette mesure pourrait lib\u00e9rer de nombreux logements vacants, particuli\u00e8rement dans les zones rurales, et soutenir les communes locales.<\/p>\n<h2>Les D\u00e9fis de l&rsquo;Indivision<\/h2>\n<p>Dans le cadre d&rsquo;une succession, l&rsquo;indivision est souvent source de complexit\u00e9. Chaque h\u00e9ritier d\u00e9tient une part du bien, mais aucun ne peut prendre de d\u00e9cisions seul. Cela peut paralyser la gestion du bien, entra\u00eenant son abandon. Ce probl\u00e8me est particuli\u00e8rement aigu dans les zones rurales, o\u00f9 les biens h\u00e9rit\u00e9s sont fr\u00e9quemment laiss\u00e9s \u00e0 l&rsquo;abandon. La r\u00e9forme propos\u00e9e vise \u00e0 r\u00e9duire ces blocages en imposant de nouvelles r\u00e8gles.<\/p>\n<h2>La Convention Obligatoire<\/h2>\n<p>Actuellement facultative, la convention d\u2019indivision deviendrait obligatoire dans les trois mois suivant l\u2019ouverture de la succession. Ce document d\u00e9finirait les conditions de gestion du bien, son entretien et la d\u00e9signation d\u2019un g\u00e9rant. Tous les h\u00e9ritiers seraient tenus de s\u2019accorder par \u00e9crit, r\u00e9duisant ainsi les blocages. Cette obligation pourrait transformer la gestion des successions et fluidifier le march\u00e9 immobilier.<\/p>\n<h2>R\u00f4le du Mandataire<\/h2>\n<p>La r\u00e9forme pr\u00e9voit \u00e9galement la nomination d\u2019un mandataire pour administrer le bien au nom de tous les h\u00e9ritiers. Ce mandataire coordonnerait l\u2019entretien, autoriserait les travaux et g\u00e9rerait les loyers en cas de location. En renfor\u00e7ant ce m\u00e9canisme, le projet de loi vise \u00e0 rendre l\u2019indivision plus efficace et moins conflictuelle.<\/p>\n<h2>Impact sur les Territoires Ruraux<\/h2>\n<p>De nombreuses maisons h\u00e9rit\u00e9es en indivision restent vacantes et mal entretenues, surtout dans les campagnes fran\u00e7aises. La r\u00e9forme pourrait lib\u00e9rer des milliers de logements, qui pourraient \u00eatre remis en location ou vendus, dynamisant ainsi les march\u00e9s locaux. Pour les communes, cela signifie moins de logements d\u00e9grad\u00e9s et une meilleure gestion de leur patrimoine immobilier.<\/p>\n<h2>R\u00e9ponse aux \u00c9lus Locaux<\/h2>\n<p>Le projet de loi r\u00e9pond aux attentes de nombreux maires ruraux confront\u00e9s aux maisons abandonn\u00e9es. En clarifiant les r\u00e8gles, les communes pourraient mieux soutenir le logement et limiter la vacance. L\u2019indivision deviendrait un cadre structur\u00e9, soutenant le dynamisme des territoires et prot\u00e9geant les h\u00e9ritiers.<\/p>\n<h2>Enjeu Environnemental<\/h2>\n<p>Un autre argument avanc\u00e9 par le d\u00e9put\u00e9 est la lutte contre l\u2019artificialisation des sols. L&rsquo;objectif de z\u00e9ro artificialisation nette privil\u00e9gie l&rsquo;utilisation des biens existants. Remettre en circulation les logements h\u00e9rit\u00e9s permet de r\u00e9pondre \u00e0 la demande immobili\u00e8re sans construire sur des terres agricoles. Cette approche s\u2019aligne avec les politiques environnementales nationales et europ\u00e9ennes, alliant enjeux sociaux, \u00e9conomiques et \u00e9cologiques.<\/p>\n<p>En conclusion, la proposition de loi sur la succession et l\u2019indivision pourrait transformer la gestion des biens immobiliers h\u00e9rit\u00e9s en France. En rendant obligatoire la convention d\u2019indivision et en renfor\u00e7ant le r\u00f4le du mandataire, cette r\u00e9forme vise \u00e0 r\u00e9soudre les blocages actuels, \u00e0 dynamiser les territoires ruraux et \u00e0 r\u00e9pondre aux enjeux environnementaux. Cela pourrait aboutir \u00e0 une meilleure utilisation des logements vacants et \u00e0 une gestion plus efficace des successions.<\/p>\n","protected":false},"excerpt":{"rendered":"<p>En France, la gestion des biens immobiliers h\u00e9rit\u00e9s en indivision pose souvent des probl\u00e8mes, surtout en l&rsquo;absence d&rsquo;accord entre h\u00e9ritiers. Cela conduit \u00e0 l&rsquo;abandon de nombreuses maisons ou immeubles. Pour rem\u00e9dier \u00e0 cette situation, le d\u00e9put\u00e9 Fran\u00e7ois Jolivet a propos\u00e9 une nouvelle loi visant \u00e0 rendre obligatoire une convention d\u2019indivision. Cette mesure pourrait lib\u00e9rer de [&hellip;]<\/p>\n","protected":false},"author":2,"featured_media":3326,"comment_status":"open","ping_status":"open","sticky":false,"template":"","format":"standard","meta":{"_seopress_robots_primary_cat":"","_seopress_titles_title":"","_seopress_titles_desc":"","_seopress_robots_index":"","footnotes":""},"categories":[7],"tags":[],"class_list":{"0":"post-3325","1":"post","2":"type-post","3":"status-publish","4":"format-standard","5":"has-post-thumbnail","7":"category-societe"},"_links":{"self":[{"href":"https:\/\/www.lycee-eca.fr\/actu\/wp-json\/wp\/v2\/posts\/3325","targetHints":{"allow":["GET"]}}],"collection":[{"href":"https:\/\/www.lycee-eca.fr\/actu\/wp-json\/wp\/v2\/posts"}],"about":[{"href":"https:\/\/www.lycee-eca.fr\/actu\/wp-json\/wp\/v2\/types\/post"}],"author":[{"embeddable":true,"href":"https:\/\/www.lycee-eca.fr\/actu\/wp-json\/wp\/v2\/users\/2"}],"replies":[{"embeddable":true,"href":"https:\/\/www.lycee-eca.fr\/actu\/wp-json\/wp\/v2\/comments?post=3325"}],"version-history":[{"count":1,"href":"https:\/\/www.lycee-eca.fr\/actu\/wp-json\/wp\/v2\/posts\/3325\/revisions"}],"predecessor-version":[{"id":3491,"href":"https:\/\/www.lycee-eca.fr\/actu\/wp-json\/wp\/v2\/posts\/3325\/revisions\/3491"}],"wp:featuredmedia":[{"embeddable":true,"href":"https:\/\/www.lycee-eca.fr\/actu\/wp-json\/wp\/v2\/media\/3326"}],"wp:attachment":[{"href":"https:\/\/www.lycee-eca.fr\/actu\/wp-json\/wp\/v2\/media?parent=3325"}],"wp:term":[{"taxonomy":"category","embeddable":true,"href":"https:\/\/www.lycee-eca.fr\/actu\/wp-json\/wp\/v2\/categories?post=3325"},{"taxonomy":"post_tag","embeddable":true,"href":"https:\/\/www.lycee-eca.fr\/actu\/wp-json\/wp\/v2\/tags?post=3325"}],"curies":[{"name":"wp","href":"https:\/\/api.w.org\/{rel}","templated":true}]}}