{"id":333,"date":"2025-09-20T17:46:00","date_gmt":"2025-09-20T15:46:00","guid":{"rendered":"https:\/\/www.lycee-eca.fr\/actu\/?p=333"},"modified":"2025-09-18T00:29:06","modified_gmt":"2025-09-17T22:29:06","slug":"ce-prenom-arabe-porte-par-un-footballeur-espagnol-tres-doue-est-tres-populaire-en-france-en-2025","status":"publish","type":"post","link":"https:\/\/www.lycee-eca.fr\/actu\/ce-prenom-arabe-porte-par-un-footballeur-espagnol-tres-doue-est-tres-populaire-en-france-en-2025\/","title":{"rendered":"Ce pr\u00e9nom arabe, port\u00e9 par un footballeur espagnol tr\u00e8s dou\u00e9, est tr\u00e8s populaire en France en 2025"},"content":{"rendered":"\n<p>Le pr\u00e9nom Lamine est de plus en plus populaire en France en 2025. D&rsquo;origine arabe, ce pr\u00e9nom est port\u00e9 par le talentueux footballeur espagnol Lamine Yamal, ce qui attire de plus en plus de parents fran\u00e7ais. D\u00e9couvrons ensemble les origines, la signification et les particularit\u00e9s de ce pr\u00e9nom qui transcende les fronti\u00e8res culturelles.<\/p>\n\n\n\n<h2 class=\"wp-block-heading\">Lamine Yamal : le joueur de football qui fait conna\u00eetre ce pr\u00e9nom arabe<\/h2>\n\n\n\n<p>Le match France-Espagne du 5 juin 2025 restera m\u00e9morable pour les passionn\u00e9s de football. Ce jour-l\u00e0, un jeune joueur espagnol s&rsquo;est illustr\u00e9 en marquant deux buts contre l&rsquo;\u00e9quipe de France. <strong>Lamine Yamal, la r\u00e9v\u00e9lation du FC Barcelone<\/strong>, a une fois de plus d\u00e9montr\u00e9 son talent exceptionnel sur le terrain.<\/p>\n\n\n\n<p>N\u00e9 en 2007, ce footballeur d&rsquo;origine marocaine a grimp\u00e9 rapidement les \u00e9chelons du football professionnel. Sa pr\u00e9cocit\u00e9 et son style de jeu ont impressionn\u00e9 les observateurs du monde entier. <em>Son ascension fulgurante dans le monde du football<\/em> contribue \u00e0 la popularit\u00e9 croissante de son pr\u00e9nom en France.<\/p>\n\n\n\n<p>Ce ph\u00e9nom\u00e8ne n&rsquo;est pas nouveau. Plusieurs footballeurs ont influenc\u00e9 les choix de pr\u00e9noms. On se souvient de l&rsquo;engouement pour \u00ab\u00a0Zin\u00e9dine\u00a0\u00bb apr\u00e8s 1998 ou plus r\u00e9cemment pour \u00ab\u00a0Kylian\u00a0\u00bb. Voici quelques pr\u00e9noms popularis\u00e9s par des footballeurs ces derni\u00e8res d\u00e9cennies :<\/p>\n\n\n\n<ul class=\"wp-block-list\">\n<li>Zin\u00e9dine (apr\u00e8s Zidane)<\/li>\n\n\n\n<li>Kylian (apr\u00e8s Mbapp\u00e9)<\/li>\n\n\n\n<li>Lionel (apr\u00e8s Messi)<\/li>\n\n\n\n<li>Cristiano (apr\u00e8s Ronaldo)<\/li>\n\n\n\n<li>Lamine (apr\u00e8s Yamal)<\/li>\n<\/ul>\n\n\n\n<h2 class=\"wp-block-heading\">Origines et signification d&rsquo;un pr\u00e9nom aux multiples facettes<\/h2>\n\n\n\n<p><strong>Le pr\u00e9nom Lamine a des origines arabes et africaines profondes<\/strong>. Sa signification \u00e9voque des qualit\u00e9s humaines essentielles : douceur, confiance et loyaut\u00e9. En arabe, il provient du terme \u00ab\u00a0Al-Amine\u00a0\u00bb, surnom du proph\u00e8te Mahomet, signifiant une personne digne de confiance et \u00e0 la parole douce.<\/p>\n\n\n\n<p>Ce pr\u00e9nom transcende les fronti\u00e8res religieuses. Dans la tradition chr\u00e9tienne, Saint Lamine \u00e9tait reconnu pour son d\u00e9vouement envers les malades et les plus vuln\u00e9rables. <em>Cette dimension spirituelle universelle<\/em> explique en partie l&rsquo;attrait de ce pr\u00e9nom dans notre soci\u00e9t\u00e9 multiculturelle.<\/p>\n\n\n\n<p>Lamine existe aussi au f\u00e9minin sous la forme Lamina, offrant une belle option pour les filles. Sa c\u00e9l\u00e9bration varie selon les traditions : le 17 ou 27 f\u00e9vrier dans certaines communaut\u00e9s musulmanes, et le 19 octobre pour les chr\u00e9tiens.<\/p>\n\n\n\n<figure class=\"wp-block-table\"><table class=\"has-fixed-layout\"><tbody><tr><th>Origine<\/th><th>Signification<\/th><th>Jour de f\u00eate<\/th><\/tr><tr><td>Arabe\/Africaine<\/td><td>Doux, digne de confiance, loyal<\/td><td>17\/27 f\u00e9vrier (tradition musulmane) ou 19 octobre (tradition chr\u00e9tienne)<\/td><\/tr><\/tbody><\/table><\/figure>\n\n\n\n<h2 class=\"wp-block-heading\">Un pr\u00e9nom de plus en plus populaire en France<\/h2>\n\n\n\n<p>Introduit en France dans les ann\u00e9es 1950, le pr\u00e9nom Lamine a progress\u00e9 de mani\u00e8re constante mais discr\u00e8te jusqu&rsquo;\u00e0 r\u00e9cemment. <strong>L&rsquo;ann\u00e9e 2022 a marqu\u00e9 un tournant avec 99 naissances de gar\u00e7ons portant ce pr\u00e9nom<\/strong>, un record depuis son introduction en France.<\/p>\n\n\n\n<p>Sa popularit\u00e9 est particuli\u00e8rement notable en \u00cele-de-France, r\u00e9gion caract\u00e9ris\u00e9e par sa diversit\u00e9 culturelle. L&rsquo;int\u00e9r\u00eat pour ce pr\u00e9nom illustre la richesse du multiculturalisme fran\u00e7ais et l&rsquo;ouverture des parents aux influences internationales.<\/p>\n\n\n\n<p>Les pr\u00e9noms courts et faciles \u00e0 prononcer sont en vogue. Lamine r\u00e9pond parfaitement \u00e0 ces crit\u00e8res. <em>Sa sonorit\u00e9 douce et sa prononciation simple<\/em> le rendent accessible \u00e0 tous, quelle que soit leur culture d&rsquo;origine.<\/p>\n\n\n\n<p>Voici l&rsquo;\u00e9volution de l&rsquo;attribution du pr\u00e9nom Lamine en France :<\/p>\n\n\n\n<ol class=\"wp-block-list\">\n<li>Apparition dans les ann\u00e9es 1950 : quelques cas isol\u00e9s<\/li>\n\n\n\n<li>Ann\u00e9es 1970-1990 : progression lente mais constante<\/li>\n\n\n\n<li>Ann\u00e9es 2000-2020 : acc\u00e9l\u00e9ration progressive<\/li>\n\n\n\n<li>2022 : pic historique avec 99 naissances<\/li>\n\n\n\n<li>2025 : tendance \u00e0 la hausse<\/li>\n<\/ol>\n\n\n\n<h2 class=\"wp-block-heading\">Traits de caract\u00e8re associ\u00e9s aux porteurs de ce pr\u00e9nom<\/h2>\n\n\n\n<p>Selon les croyances populaires, les individus nomm\u00e9s Lamine pr\u00e9sentent des caract\u00e9ristiques en accord avec la signification de leur pr\u00e9nom. <strong>Loyaut\u00e9 et fiabilit\u00e9 sont au c\u0153ur de leur personnalit\u00e9<\/strong>, en harmonie avec les valeurs v\u00e9hicul\u00e9es par l&rsquo;\u00e9tymologie de leur nom.<\/p>\n\n\n\n<p>Les Lamine se distinguent par leur d\u00e9termination et leur attrait pour les d\u00e9fis. Ces qualit\u00e9s les aident souvent \u00e0 atteindre leurs objectifs, tant personnels que professionnels. Cependant, ils peuvent parfois faire preuve d&rsquo;impatience ou d&rsquo;impulsivit\u00e9 face aux obstacles.<\/p>\n\n\n\n<p>Pour les parents d&rsquo;un jeune Lamine, il est recommand\u00e9 de lui proposer des activit\u00e9s stimulantes pour canaliser son \u00e9nergie et r\u00e9pondre \u00e0 son besoin d&rsquo;accomplissement. <em>Faire preuve de patience et de bienveillance est essentiel<\/em> pour favoriser son \u00e9panouissement et son d\u00e9veloppement.<\/p>\n","protected":false},"excerpt":{"rendered":"<p>Le pr\u00e9nom Lamine est de plus en plus populaire en France en 2025. D&rsquo;origine arabe, ce pr\u00e9nom est port\u00e9 par le talentueux footballeur espagnol Lamine Yamal, ce qui attire de plus en plus de parents fran\u00e7ais. D\u00e9couvrons ensemble les origines, la signification et les particularit\u00e9s de ce pr\u00e9nom qui transcende les fronti\u00e8res culturelles. Lamine Yamal [&hellip;]<\/p>\n","protected":false},"author":2,"featured_media":334,"comment_status":"open","ping_status":"open","sticky":false,"template":"","format":"standard","meta":{"_seopress_robots_primary_cat":"","_seopress_titles_title":"","_seopress_titles_desc":"","_seopress_robots_index":"","footnotes":""},"categories":[7],"tags":[],"class_list":{"0":"post-333","1":"post","2":"type-post","3":"status-publish","4":"format-standard","5":"has-post-thumbnail","7":"category-societe"},"_links":{"self":[{"href":"https:\/\/www.lycee-eca.fr\/actu\/wp-json\/wp\/v2\/posts\/333","targetHints":{"allow":["GET"]}}],"collection":[{"href":"https:\/\/www.lycee-eca.fr\/actu\/wp-json\/wp\/v2\/posts"}],"about":[{"href":"https:\/\/www.lycee-eca.fr\/actu\/wp-json\/wp\/v2\/types\/post"}],"author":[{"embeddable":true,"href":"https:\/\/www.lycee-eca.fr\/actu\/wp-json\/wp\/v2\/users\/2"}],"replies":[{"embeddable":true,"href":"https:\/\/www.lycee-eca.fr\/actu\/wp-json\/wp\/v2\/comments?post=333"}],"version-history":[{"count":1,"href":"https:\/\/www.lycee-eca.fr\/actu\/wp-json\/wp\/v2\/posts\/333\/revisions"}],"predecessor-version":[{"id":1430,"href":"https:\/\/www.lycee-eca.fr\/actu\/wp-json\/wp\/v2\/posts\/333\/revisions\/1430"}],"wp:featuredmedia":[{"embeddable":true,"href":"https:\/\/www.lycee-eca.fr\/actu\/wp-json\/wp\/v2\/media\/334"}],"wp:attachment":[{"href":"https:\/\/www.lycee-eca.fr\/actu\/wp-json\/wp\/v2\/media?parent=333"}],"wp:term":[{"taxonomy":"category","embeddable":true,"href":"https:\/\/www.lycee-eca.fr\/actu\/wp-json\/wp\/v2\/categories?post=333"},{"taxonomy":"post_tag","embeddable":true,"href":"https:\/\/www.lycee-eca.fr\/actu\/wp-json\/wp\/v2\/tags?post=333"}],"curies":[{"name":"wp","href":"https:\/\/api.w.org\/{rel}","templated":true}]}}