{"id":3333,"date":"2025-10-07T03:17:36","date_gmt":"2025-10-07T01:17:36","guid":{"rendered":"https:\/\/www.lycee-eca.fr\/actu\/?p=3333"},"modified":"2025-10-07T03:17:39","modified_gmt":"2025-10-07T01:17:39","slug":"je-suis-a-la-retraite-depuis-10-ans-mais-je-travaille-a-temps-partiel-depuis-peu-ma-pension-va-t-elle-etre-recalculee","status":"publish","type":"post","link":"https:\/\/www.lycee-eca.fr\/actu\/je-suis-a-la-retraite-depuis-10-ans-mais-je-travaille-a-temps-partiel-depuis-peu-ma-pension-va-t-elle-etre-recalculee\/","title":{"rendered":"Je suis \u00e0 la retraite depuis 10 ans mais je travaille \u00e0 temps partiel depuis peu : ma pension va-t-elle \u00eatre recalcul\u00e9e ?"},"content":{"rendered":"<p>De nombreux retrait\u00e9s en France choisissent de reprendre une activit\u00e9 professionnelle \u00e0 temps partiel apr\u00e8s avoir liquid\u00e9 leur pension. Cette d\u00e9cision est souvent motiv\u00e9e par le besoin de compl\u00e9ter une pension jug\u00e9e insuffisante. Cependant, des questions se posent quant \u00e0 l&rsquo;impact de cette reprise sur le montant de leur pension. Voici un \u00e9clairage sur les r\u00e8gles du cumul emploi-retraite et leurs implications.<\/p>\n<h2>Le Principe du Droit Acquis<\/h2>\n<p>Une fois votre retraite liquid\u00e9e, le montant de votre pension devient d\u00e9finitif. Ce principe de droit acquis signifie que votre pension ne peut \u00eatre recalcul\u00e9e ou augment\u00e9e en raison d&rsquo;une activit\u00e9 professionnelle post-retraite. Cela garantit une stabilit\u00e9 financi\u00e8re, vous permettant de savoir exactement ce que vous percevrez chaque mois, ind\u00e9pendamment de toute activit\u00e9 reprise.<\/p>\n<h2>Impact des Cotisations Avant 2023<\/h2>\n<p>Les cotisations vers\u00e9es avant le 1er janvier 2023, dans le cadre d&rsquo;une reprise d&rsquo;activit\u00e9, sont enregistr\u00e9es mais n&rsquo;affectent pas le montant de votre pension. Avant la r\u00e9forme de 2023, aucune disposition l\u00e9gale ne permettait d&rsquo;int\u00e9grer ces cotisations dans le calcul de la pension d\u00e9j\u00e0 liquid\u00e9e. Ainsi, m\u00eame si vous avez cotis\u00e9 depuis 2015, ces contributions n&rsquo;ont pas modifi\u00e9 votre pension mensuelle.<\/p>\n<h2>Retraite Compl\u00e9mentaire et Cotisations<\/h2>\n<p>Les cotisations Agirc-Arrco, pr\u00e9lev\u00e9es sur votre salaire \u00e0 temps partiel, sont mises en r\u00e9serve sans influencer votre pension actuelle. Elles alimentent un compte distinct qui pourrait financer une future prestation, mais ne modifient pas la rente que vous percevez actuellement.<\/p>\n<h2>R\u00e9forme des Retraites 2023 et Nouveaux Droits<\/h2>\n<p>La loi du 14 avril 2023 a introduit des changements significatifs, permettant le cumul int\u00e9gral des pensions pour les retrait\u00e9s dont les pensions ont \u00e9t\u00e9 liquid\u00e9es \u00e0 partir du 1\u1d49\u02b3 septembre 2023. Pour en b\u00e9n\u00e9ficier, il est n\u00e9cessaire d&rsquo;avoir cess\u00e9 toute activit\u00e9, obtenu une retraite \u00e0 taux plein et respect\u00e9 certaines conditions, comme un d\u00e9lai de carence en cas de retour chez le m\u00eame employeur. Dans ce cadre, vous pouvez cumuler votre pension existante avec votre revenu professionnel tout en acqu\u00e9rant de nouveaux droits \u00e0 la retraite.<\/p>\n<h2>Ouverture de Nouveaux Droits Depuis 2023<\/h2>\n<p>Les p\u00e9riodes de travail effectu\u00e9es depuis le 1\u1d49\u02b3 janvier 2023 g\u00e9n\u00e8rent d\u00e9sormais des droits \u00e0 la retraite, qui ne s&rsquo;ajoutent pas \u00e0 votre pension initiale mais donnent lieu \u00e0 une seconde prestation. Ce m\u00e9canisme valorise vos cotisations r\u00e9centes, vous permettant de construire un capital de points suppl\u00e9mentaire qui sera converti en une rente distincte, calcul\u00e9e selon les m\u00eames r\u00e8gles que pour un salari\u00e9 en activit\u00e9.<\/p>\n<h2>Demande et Versement de la Seconde Pension<\/h2>\n<p>Pour b\u00e9n\u00e9ficier de cette seconde pension, une demande doit \u00eatre faite aupr\u00e8s de votre caisse de retraite, g\u00e9n\u00e9ralement via votre espace personnel ou en contactant la Caisse nationale d\u2019Assurance vieillesse (CNAV). Une fois valid\u00e9e, cette pension compl\u00e9mentaire est vers\u00e9e s\u00e9par\u00e9ment de votre pension d&rsquo;origine. Notez qu&rsquo;apr\u00e8s l&rsquo;ouverture de ce second droit, les cotisations ne g\u00e9n\u00e9reront plus de nouveaux points, conform\u00e9ment au dispositif de cumul emploi-retraite int\u00e9gral.<\/p>\n<p>En conclusion, bien que la reprise d&rsquo;une activit\u00e9 professionnelle ne modifie pas votre pension initiale, elle permet d&rsquo;acqu\u00e9rir de nouveaux droits depuis la r\u00e9forme de 2023. Cela offre une opportunit\u00e9 de compl\u00e9ter vos revenus de retraite tout en respectant le principe de stabilit\u00e9 financi\u00e8re garanti par le droit acquis.<\/p>\n","protected":false},"excerpt":{"rendered":"<p>De nombreux retrait\u00e9s en France choisissent de reprendre une activit\u00e9 professionnelle \u00e0 temps partiel apr\u00e8s avoir liquid\u00e9 leur pension. Cette d\u00e9cision est souvent motiv\u00e9e par le besoin de compl\u00e9ter une pension jug\u00e9e insuffisante. Cependant, des questions se posent quant \u00e0 l&rsquo;impact de cette reprise sur le montant de leur pension. Voici un \u00e9clairage sur les [&hellip;]<\/p>\n","protected":false},"author":2,"featured_media":3334,"comment_status":"open","ping_status":"open","sticky":false,"template":"","format":"standard","meta":{"_seopress_robots_primary_cat":"none","_seopress_titles_title":"","_seopress_titles_desc":"","_seopress_robots_index":"","footnotes":""},"categories":[7],"tags":[],"class_list":{"0":"post-3333","1":"post","2":"type-post","3":"status-publish","4":"format-standard","5":"has-post-thumbnail","7":"category-societe"},"_links":{"self":[{"href":"https:\/\/www.lycee-eca.fr\/actu\/wp-json\/wp\/v2\/posts\/3333","targetHints":{"allow":["GET"]}}],"collection":[{"href":"https:\/\/www.lycee-eca.fr\/actu\/wp-json\/wp\/v2\/posts"}],"about":[{"href":"https:\/\/www.lycee-eca.fr\/actu\/wp-json\/wp\/v2\/types\/post"}],"author":[{"embeddable":true,"href":"https:\/\/www.lycee-eca.fr\/actu\/wp-json\/wp\/v2\/users\/2"}],"replies":[{"embeddable":true,"href":"https:\/\/www.lycee-eca.fr\/actu\/wp-json\/wp\/v2\/comments?post=3333"}],"version-history":[{"count":1,"href":"https:\/\/www.lycee-eca.fr\/actu\/wp-json\/wp\/v2\/posts\/3333\/revisions"}],"predecessor-version":[{"id":3461,"href":"https:\/\/www.lycee-eca.fr\/actu\/wp-json\/wp\/v2\/posts\/3333\/revisions\/3461"}],"wp:featuredmedia":[{"embeddable":true,"href":"https:\/\/www.lycee-eca.fr\/actu\/wp-json\/wp\/v2\/media\/3334"}],"wp:attachment":[{"href":"https:\/\/www.lycee-eca.fr\/actu\/wp-json\/wp\/v2\/media?parent=3333"}],"wp:term":[{"taxonomy":"category","embeddable":true,"href":"https:\/\/www.lycee-eca.fr\/actu\/wp-json\/wp\/v2\/categories?post=3333"},{"taxonomy":"post_tag","embeddable":true,"href":"https:\/\/www.lycee-eca.fr\/actu\/wp-json\/wp\/v2\/tags?post=3333"}],"curies":[{"name":"wp","href":"https:\/\/api.w.org\/{rel}","templated":true}]}}