{"id":3335,"date":"2025-09-29T11:48:00","date_gmt":"2025-09-29T09:48:00","guid":{"rendered":"https:\/\/www.lycee-eca.fr\/actu\/?p=3335"},"modified":"2025-09-29T00:37:33","modified_gmt":"2025-09-28T22:37:33","slug":"si-vous-avez-59-ans-en-2025-voici-lage-legal-et-les-trimestres-requis-pour-partir","status":"publish","type":"post","link":"https:\/\/www.lycee-eca.fr\/actu\/si-vous-avez-59-ans-en-2025-voici-lage-legal-et-les-trimestres-requis-pour-partir\/","title":{"rendered":"Si vous avez 59 ans en 2025, voici l\u2019\u00e2ge l\u00e9gal et les trimestres requis pour partir"},"content":{"rendered":"<p>\u00c0 l&rsquo;approche de la soixantaine, la question de la retraite devient une pr\u00e9occupation majeure. Pour ceux qui auront 59 ans en 2025, il est crucial de bien comprendre les r\u00e8gles entourant le d\u00e9part \u00e0 la retraite, notamment l&rsquo;\u00e2ge l\u00e9gal, le nombre de trimestres requis et les conditions pour b\u00e9n\u00e9ficier d&rsquo;une pension \u00e0 taux plein. Une bonne pr\u00e9paration permet d&rsquo;\u00e9viter les mauvaises surprises, telles que des d\u00e9cotes sur la pension de retraite.<\/p>\n<h2>\u00c2ge L\u00e9gal et Conditions G\u00e9n\u00e9rales de D\u00e9part<\/h2>\n<p>Pour les personnes de 59 ans en 2025, l&rsquo;\u00e2ge l\u00e9gal de d\u00e9part \u00e0 la retraite est fix\u00e9 \u00e0 63 ans et 6 mois. Cet \u00e2ge repr\u00e9sente le minimum requis pour demander sa retraite, sauf dans certains cas particuliers comme les carri\u00e8res longues, l&rsquo;invalidit\u00e9 ou le handicap. Conna\u00eetre cet \u00e2ge est essentiel pour planifier son d\u00e9part et \u00e9viter tout retard ou complication dans la liquidation de la pension.<\/p>\n<h2>Le Principe des 172 Trimestres Requis<\/h2>\n<p>Pour obtenir une retraite \u00e0 taux plein, il est n\u00e9cessaire de valider 172 trimestres, soit 43 ann\u00e9es de cotisation. Ces trimestres incluent non seulement ceux travaill\u00e9s, mais aussi les p\u00e9riodes assimil\u00e9es telles que le ch\u00f4mage indemnis\u00e9 ou certains arr\u00eats maladie. V\u00e9rifier le nombre exact de trimestres acquis est crucial pour anticiper son d\u00e9part et \u00e9valuer si des trimestres suppl\u00e9mentaires doivent \u00eatre cotis\u00e9s ou rachet\u00e9s.<\/p>\n<h2>Le R\u00f4le du Relev\u00e9 de Carri\u00e8re<\/h2>\n<p>Le relev\u00e9 de carri\u00e8re est un outil indispensable pour suivre vos droits \u00e0 la retraite. Il permet de v\u00e9rifier que tous vos trimestres ont \u00e9t\u00e9 correctement pris en compte. Pour ceux qui ont 59 ans en 2025, il est important de s&rsquo;assurer que les 172 trimestres requis pour le taux plein sont atteints. En cas d&rsquo;erreurs, il est conseill\u00e9 de contacter sa caisse de retraite pour rectification.<\/p>\n<h2>Le Taux Plein et ses Implications Financi\u00e8res<\/h2>\n<p>\u00c0 67 ans, m\u00eame sans avoir valid\u00e9 tous les trimestres n\u00e9cessaires, le taux plein est automatiquement appliqu\u00e9, garantissant une pension sans d\u00e9cote. Cependant, le montant peut \u00eatre inf\u00e9rieur \u00e0 celui obtenu avec tous les trimestres valid\u00e9s. Cet \u00e2ge constitue une s\u00e9curit\u00e9, surtout pour ceux qui n&rsquo;auraient pas cumul\u00e9 toutes leurs ann\u00e9es de cotisation.<\/p>\n<h2>Simuler sa Retraite pour Anticiper<\/h2>\n<p>Utiliser un simulateur de retraite, comme celui disponible sur Info-retraite.fr, est essentiel pour planifier son d\u00e9part. Cet outil permet de calculer l&rsquo;\u00e2ge de d\u00e9part, le taux plein, le nombre de trimestres acquis et le montant estim\u00e9 de la pension. Une simulation pr\u00e9cise aide \u00e0 planifier d&rsquo;\u00e9ventuels rachats de trimestres ou \u00e0 ajuster sa carri\u00e8re pour optimiser sa pension.<\/p>\n<h2>Retraite sans D\u00e9cote : La Cl\u00e9 de la S\u00e9r\u00e9nit\u00e9<\/h2>\n<p>Atteindre le taux plein avant l&rsquo;\u00e2ge de 67 ans permet d&rsquo;\u00e9viter la d\u00e9cote et de b\u00e9n\u00e9ficier d&rsquo;une pension plus proche de ses revenus d&rsquo;activit\u00e9. Pour les assur\u00e9s de 59 ans en 2025, cette anticipation est cruciale pour s\u00e9curiser leur avenir financier. Conna\u00eetre ses droits, suivre son relev\u00e9 de carri\u00e8re et ajuster ses cotisations sont les principaux leviers pour garantir un revenu stable et profiter pleinement de sa retraite.<\/p>\n<p>En conclusion, bien pr\u00e9parer sa retraite est essentiel pour \u00e9viter les mauvaises surprises et garantir un niveau de vie confortable. En connaissant les r\u00e8gles et en anticipant les d\u00e9marches, il est possible de partir sereinement \u00e0 la retraite sans compromettre sa s\u00e9curit\u00e9 financi\u00e8re.<\/p>\n","protected":false},"excerpt":{"rendered":"<p>\u00c0 l&rsquo;approche de la soixantaine, la question de la retraite devient une pr\u00e9occupation majeure. Pour ceux qui auront 59 ans en 2025, il est crucial de bien comprendre les r\u00e8gles entourant le d\u00e9part \u00e0 la retraite, notamment l&rsquo;\u00e2ge l\u00e9gal, le nombre de trimestres requis et les conditions pour b\u00e9n\u00e9ficier d&rsquo;une pension \u00e0 taux plein. Une [&hellip;]<\/p>\n","protected":false},"author":2,"featured_media":3336,"comment_status":"open","ping_status":"open","sticky":false,"template":"","format":"standard","meta":{"_seopress_robots_primary_cat":"","_seopress_titles_title":"","_seopress_titles_desc":"","_seopress_robots_index":"","footnotes":""},"categories":[7],"tags":[],"class_list":{"0":"post-3335","1":"post","2":"type-post","3":"status-publish","4":"format-standard","5":"has-post-thumbnail","7":"category-societe"},"_links":{"self":[{"href":"https:\/\/www.lycee-eca.fr\/actu\/wp-json\/wp\/v2\/posts\/3335","targetHints":{"allow":["GET"]}}],"collection":[{"href":"https:\/\/www.lycee-eca.fr\/actu\/wp-json\/wp\/v2\/posts"}],"about":[{"href":"https:\/\/www.lycee-eca.fr\/actu\/wp-json\/wp\/v2\/types\/post"}],"author":[{"embeddable":true,"href":"https:\/\/www.lycee-eca.fr\/actu\/wp-json\/wp\/v2\/users\/2"}],"replies":[{"embeddable":true,"href":"https:\/\/www.lycee-eca.fr\/actu\/wp-json\/wp\/v2\/comments?post=3335"}],"version-history":[{"count":1,"href":"https:\/\/www.lycee-eca.fr\/actu\/wp-json\/wp\/v2\/posts\/3335\/revisions"}],"predecessor-version":[{"id":3370,"href":"https:\/\/www.lycee-eca.fr\/actu\/wp-json\/wp\/v2\/posts\/3335\/revisions\/3370"}],"wp:featuredmedia":[{"embeddable":true,"href":"https:\/\/www.lycee-eca.fr\/actu\/wp-json\/wp\/v2\/media\/3336"}],"wp:attachment":[{"href":"https:\/\/www.lycee-eca.fr\/actu\/wp-json\/wp\/v2\/media?parent=3335"}],"wp:term":[{"taxonomy":"category","embeddable":true,"href":"https:\/\/www.lycee-eca.fr\/actu\/wp-json\/wp\/v2\/categories?post=3335"},{"taxonomy":"post_tag","embeddable":true,"href":"https:\/\/www.lycee-eca.fr\/actu\/wp-json\/wp\/v2\/tags?post=3335"}],"curies":[{"name":"wp","href":"https:\/\/api.w.org\/{rel}","templated":true}]}}