{"id":345,"date":"2025-09-18T07:30:00","date_gmt":"2025-09-18T05:30:00","guid":{"rendered":"https:\/\/www.lycee-eca.fr\/actu\/?p=345"},"modified":"2025-09-18T00:28:54","modified_gmt":"2025-09-17T22:28:54","slug":"abandonne-a-la-naissance-il-devient-star-du-football-aujourdhui-millionnaire-ses-parents-lui-reclament-de-largent-2","status":"publish","type":"post","link":"https:\/\/www.lycee-eca.fr\/actu\/abandonne-a-la-naissance-il-devient-star-du-football-aujourdhui-millionnaire-ses-parents-lui-reclament-de-largent-2\/","title":{"rendered":"Abandonn\u00e9 \u00e0 la naissance, il devient star du football : aujourd\u2019hui millionnaire, ses parents lui r\u00e9clament de l\u2019argent"},"content":{"rendered":"<p>Dans l&rsquo;univers du football professionnel, certaines histoires vont au-del\u00e0 du terrain pour r\u00e9v\u00e9ler des drames personnels poignants. Lucas P\u00e9rez, attaquant espagnol \u00e2g\u00e9 de 36 ans, incarne l&rsquo;un de ces parcours exceptionnels, passant de l&rsquo;abandon dans son enfance \u00e0 la richesse en tant que footballeur renomm\u00e9. Son ascension dans le monde du sport est marqu\u00e9e par un retournement inattendu : la r\u00e9apparition de ses parents biologiques motiv\u00e9s par des int\u00e9r\u00eats financiers.<\/p>\n<h2>De l&rsquo;abandon \u00e0 la r\u00e9ussite dans le football<\/h2>\n<p>La vie de Lucas P\u00e9rez a d\u00e9but\u00e9 de fa\u00e7on bien diff\u00e9rente de sa situation actuelle. Abandonn\u00e9 \u00e0 l&rsquo;\u00e2ge de deux ans, le jeune gar\u00e7on a \u00e9t\u00e9 plac\u00e9 \u00e0 la \u00ab\u00a0Casa Cuna\u00a0\u00bb, un \u00e9tablissement espagnol pour les enfants sans parents. Cette p\u00e9riode difficile a pris fin lorsque ses grands-parents du c\u00f4t\u00e9 de son p\u00e8re ont pris connaissance de sa situation et ont d\u00e9cid\u00e9 de l&rsquo;\u00e9lever.<\/p>\n<p>Cette enfance marqu\u00e9e par l&rsquo;abandon a forg\u00e9 un caract\u00e8re r\u00e9silient chez le futur athl\u00e8te. Le football est rapidement devenu son refuge et son principal moyen d&rsquo;expression. Ses talents l&rsquo;ont progressivement conduit vers les grands clubs europ\u00e9ens, culminant avec son transfert prestigieux \u00e0 Arsenal entre 2016 et 2018, un tournant majeur dans sa carri\u00e8re.<\/p>\n<p>Les \u00e9tapes cl\u00e9s de son parcours professionnel se r\u00e9sument ainsi :<\/p>\n<ul>\n<li>Formation dans des clubs locaux en Espagne<\/li>\n<li>Progression vers les \u00e9quipes de premi\u00e8re division<\/li>\n<li>Transfert international \u00e0 Arsenal (Premier League)<\/li>\n<li>Retour en Espagne au Deportivo La Corogne<\/li>\n<li>Nouveau d\u00e9part au PSV Eindhoven (Pays-Bas)<\/li>\n<\/ul>\n<h2>Quand la richesse attire les convoitises familiales<\/h2>\n<p>La r\u00e9ussite sportive de Lucas P\u00e9rez s&rsquo;accompagne naturellement d&rsquo;une importante aisance financi\u00e8re. C&rsquo;est \u00e0 ce moment pr\u00e9cis que ses parents biologiques refont surface, apr\u00e8s des ann\u00e9es d&rsquo;absence depuis son enfance.<\/p>\n<p>Le footballeur a r\u00e9v\u00e9l\u00e9 avoir re\u00e7u un burofax de sa m\u00e8re pendant son passage \u00e0 Arsenal. Ce premier contact, motiv\u00e9 uniquement par des consid\u00e9rations financi\u00e8res, a marqu\u00e9 le d\u00e9but d&rsquo;une s\u00e9rie d&rsquo;interventions parentales int\u00e9ress\u00e9es.<\/p>\n<p>Les sollicitations financi\u00e8res se sont multipli\u00e9es au fil des ann\u00e9es, chaque nouvelle r\u00e9ussite professionnelle d\u00e9clenchant une demande de ses parents biologiques. \u00ab\u00a0Mon p\u00e8re est r\u00e9apparu par n\u00e9cessit\u00e9 \u00e0 diff\u00e9rentes \u00e9tapes de ma vie\u00a0\u00bb, confie l&rsquo;attaquant, soulignant le caract\u00e8re opportuniste de ces interactions.<\/p>\n<table border=\"1\">\n<tr>\n<th>P\u00e9riode<\/th>\n<th>\u00c9v\u00e9nement<\/th>\n<th>R\u00e9action parentale<\/th>\n<\/tr>\n<tr>\n<td>Enfance<\/td>\n<td>Abandon \u00e0 2 ans<\/td>\n<td>Placement en institution<\/td>\n<\/tr>\n<tr>\n<td>2016-2018<\/td>\n<td>Transfert \u00e0 Arsenal<\/td>\n<td>Premier burofax de la m\u00e8re<\/td>\n<\/tr>\n<tr>\n<td>2025<\/td>\n<td>Carri\u00e8re au Deportivo<\/td>\n<td>Plainte formelle du p\u00e8re<\/td>\n<\/tr>\n<\/table>\n<h2>Les pressions familiales sur une carri\u00e8re sportive<\/h2>\n<p>Le r\u00e9cent et douloureux \u00e9pisode pour Lucas P\u00e9rez s&rsquo;est d\u00e9roul\u00e9 d\u00e9but 2025. Son p\u00e8re a envoy\u00e9 un burofax au Deportivo La Corogne, son club \u00e0 l&rsquo;\u00e9poque, contenant une plainte officielle contre son fils. La demande \u00e9tait claire : un soutien financier \u00e0 vie.<\/p>\n<p>Cette pression familiale, combin\u00e9e \u00e0 un sentiment d&rsquo;isolement au sein de son club, a entra\u00een\u00e9 son d\u00e9part soudain du Deportivo en janvier dernier. \u00c0 ce moment-l\u00e0, le joueur avait simplement \u00e9voqu\u00e9 \u00ab\u00a0une p\u00e9riode personnelle difficile\u00a0\u00bb sans entrer dans les d\u00e9tails.<\/p>\n<p>Apr\u00e8s un mois sans club, n\u00e9cessaire pour faire le point sur sa situation personnelle, Lucas P\u00e9rez a finalement rejoint le PSV Eindhoven. Ce transfert aux Pays-Bas repr\u00e9sente une opportunit\u00e9 de reconstruire sa carri\u00e8re loin des pressions toxiques qui empoisonnaient son quotidien en Espagne.<\/p>\n<p>Cette histoire soul\u00e8ve des questions profondes sur la vuln\u00e9rabilit\u00e9 des sportifs professionnels face aux demandes financi\u00e8res de leur entourage. Malgr\u00e9 ces \u00e9preuves, la r\u00e9silience dont fait preuve Lucas P\u00e9rez t\u00e9moigne d&rsquo;une force de caract\u00e8re exceptionnelle, peut-\u00eatre forg\u00e9e par ses premi\u00e8res ann\u00e9es difficiles.<\/p>\n<p>Son parcours illustre de mani\u00e8re poignante les revers inattendus que peut entra\u00eener le succ\u00e8s sportif, lorsque la r\u00e9ussite professionnelle entre en conflit avec les blessures du pass\u00e9 et les relations familiales compliqu\u00e9es.<\/p>\n","protected":false},"excerpt":{"rendered":"<p>Dans l&rsquo;univers du football professionnel, certaines histoires vont au-del\u00e0 du terrain pour r\u00e9v\u00e9ler des drames personnels poignants. Lucas P\u00e9rez, attaquant espagnol \u00e2g\u00e9 de 36 ans, incarne l&rsquo;un de ces parcours exceptionnels, passant de l&rsquo;abandon dans son enfance \u00e0 la richesse en tant que footballeur renomm\u00e9. Son ascension dans le monde du sport est marqu\u00e9e par [&hellip;]<\/p>\n","protected":false},"author":2,"featured_media":346,"comment_status":"open","ping_status":"open","sticky":false,"template":"","format":"standard","meta":{"_seopress_robots_primary_cat":"","_seopress_titles_title":"","_seopress_titles_desc":"","_seopress_robots_index":"","footnotes":""},"categories":[7],"tags":[],"class_list":{"0":"post-345","1":"post","2":"type-post","3":"status-publish","4":"format-standard","5":"has-post-thumbnail","7":"category-societe"},"_links":{"self":[{"href":"https:\/\/www.lycee-eca.fr\/actu\/wp-json\/wp\/v2\/posts\/345","targetHints":{"allow":["GET"]}}],"collection":[{"href":"https:\/\/www.lycee-eca.fr\/actu\/wp-json\/wp\/v2\/posts"}],"about":[{"href":"https:\/\/www.lycee-eca.fr\/actu\/wp-json\/wp\/v2\/types\/post"}],"author":[{"embeddable":true,"href":"https:\/\/www.lycee-eca.fr\/actu\/wp-json\/wp\/v2\/users\/2"}],"replies":[{"embeddable":true,"href":"https:\/\/www.lycee-eca.fr\/actu\/wp-json\/wp\/v2\/comments?post=345"}],"version-history":[{"count":1,"href":"https:\/\/www.lycee-eca.fr\/actu\/wp-json\/wp\/v2\/posts\/345\/revisions"}],"predecessor-version":[{"id":1402,"href":"https:\/\/www.lycee-eca.fr\/actu\/wp-json\/wp\/v2\/posts\/345\/revisions\/1402"}],"wp:featuredmedia":[{"embeddable":true,"href":"https:\/\/www.lycee-eca.fr\/actu\/wp-json\/wp\/v2\/media\/346"}],"wp:attachment":[{"href":"https:\/\/www.lycee-eca.fr\/actu\/wp-json\/wp\/v2\/media?parent=345"}],"wp:term":[{"taxonomy":"category","embeddable":true,"href":"https:\/\/www.lycee-eca.fr\/actu\/wp-json\/wp\/v2\/categories?post=345"},{"taxonomy":"post_tag","embeddable":true,"href":"https:\/\/www.lycee-eca.fr\/actu\/wp-json\/wp\/v2\/tags?post=345"}],"curies":[{"name":"wp","href":"https:\/\/api.w.org\/{rel}","templated":true}]}}