{"id":357,"date":"2025-09-14T16:30:00","date_gmt":"2025-09-14T14:30:00","guid":{"rendered":"https:\/\/www.lycee-eca.fr\/actu\/?p=357"},"modified":"2025-09-09T17:01:17","modified_gmt":"2025-09-09T15:01:17","slug":"fini-la-marche-a-pied-la-marche-afghane-est-la-meilleure-activite-physique-pour-bruler-des-calories-et-perdre-du-poids","status":"publish","type":"post","link":"https:\/\/www.lycee-eca.fr\/actu\/fini-la-marche-a-pied-la-marche-afghane-est-la-meilleure-activite-physique-pour-bruler-des-calories-et-perdre-du-poids\/","title":{"rendered":"Fini la marche \u00e0 pied, la marche afghane est la meilleure activit\u00e9 physique pour br\u00fbler des calories et perdre du poids"},"content":{"rendered":"\n<p>D\u00e9couvrez comment **la marche afghane m\u00e9tamorphose une activit\u00e9 quotidienne banale** en un outil efficace pour am\u00e9liorer sa condition physique. Cette m\u00e9thode novatrice associe les vertus de la marche classique \u00e0 une approche respiratoire singuli\u00e8re, offrant ainsi une solution globale pour ceux qui souhaitent perdre du poids sans recourir \u00e0 des exercices plus intenses.<\/p>\n\n\n\n<h2 class=\"wp-block-heading\">La marche afghane: concepts et origines d&rsquo;une m\u00e9thode r\u00e9volutionnaire<\/h2>\n\n\n\n<p>Apparue dans les ann\u00e9es 1980, **la marche afghane se diff\u00e9rencie fondamentalement de la marche traditionnelle** par son aspect respiratoire. Inspir\u00e9e des pratiques ancestrales des nomades afghans pour parcourir de longues distances en montagne sans se fatiguer, cette technique repose sur une parfaite synchronisation entre les pas et la respiration.<\/p>\n\n\n\n<p>Le principe essentiel consiste \u00e0 coordonner les pas avec la respiration. Le sch\u00e9ma respiratoire standard implique d&rsquo;inspirer sur trois pas, de retenir sa respiration sur le quatri\u00e8me, d&rsquo;expirer sur les trois suivants, puis de faire un dernier pas les poumons vides. Ce rythme peut \u00eatre ajust\u00e9 en fonction du terrain ou de l&rsquo;intensit\u00e9 souhait\u00e9e.<\/p>\n\n\n\n<p>En ralentissant la fr\u00e9quence respiratoire \u00e0 six ou huit cycles par minute (au lieu de douze habituellement), cette m\u00e9thode induit un \u00e9tat similaire \u00e0 une m\u00e9ditation active. Le corps atteint un \u00e9quilibre favorisant naturellement l&rsquo;oxyg\u00e9nation des tissus.<\/p>\n\n\n\n<p>Surnomm\u00e9e <em>le yoga de la marche<\/em>, cette pratique \u00e9tablit une harmonie entre le corps et l&rsquo;esprit rarement atteinte dans d&rsquo;autres activit\u00e9s physiques. Sa simplicit\u00e9 dissimule une efficacit\u00e9 surprenante, expliquant son engouement croissant depuis plusieurs ann\u00e9es.<\/p>\n\n\n\n<h2 class=\"wp-block-heading\">Avantages physiologiques et m\u00e9taboliques pour la perte de poids<\/h2>\n\n\n\n<p>Contrairement aux id\u00e9es re\u00e7ues, **la marche afghane surpasse la marche conventionnelle en termes de d\u00e9pense \u00e9nerg\u00e9tique** gr\u00e2ce \u00e0 son impact sur le m\u00e9tabolisme. La respiration contr\u00f4l\u00e9e favorise la combustion des graisses tout en pr\u00e9servant la masse musculaire, cr\u00e9ant ainsi des conditions optimales pour une perte de poids saine.<\/p>\n\n\n\n<p>Les bienfaits pour la sant\u00e9 vont bien au-del\u00e0 de la simple perte de poids:<\/p>\n\n\n\n<ul class=\"wp-block-list\">\n<li>Am\u00e9lioration significative de la capacit\u00e9 cardiorespiratoire<\/li>\n\n\n\n<li>Renforcement musculaire progressif et \u00e9quilibr\u00e9<\/li>\n\n\n\n<li>Optimisation de la circulation sanguine et lymphatique<\/li>\n\n\n\n<li>Correction naturelle de la posture corporelle<\/li>\n\n\n\n<li>R\u00e9duction mesurable du stress et de l&rsquo;anxi\u00e9t\u00e9<\/li>\n<\/ul>\n\n\n\n<p>Une \u00e9tude comparative des diverses formes de marche met en lumi\u00e8re les avantages de la marche afghane:<\/p>\n\n\n\n<figure class=\"wp-block-table\"><table class=\"has-fixed-layout\"><tbody><tr><th>Type de marche<\/th><th>Calories br\u00fbl\u00e9es (30 min)<\/th><th>Impact articulaire<\/th><th>B\u00e9n\u00e9fices mentaux<\/th><\/tr><tr><td>Marche normale<\/td><td>100-120<\/td><td>Faible<\/td><td>Mod\u00e9r\u00e9s<\/td><\/tr><tr><td>Marche rapide<\/td><td>150-180<\/td><td>Moyen<\/td><td>Mod\u00e9r\u00e9s<\/td><\/tr><tr><td>Marche afghane<\/td><td>180-220<\/td><td>Tr\u00e8s faible<\/td><td>\u00c9lev\u00e9s<\/td><\/tr><\/tbody><\/table><\/figure>\n\n\n\n<p>Cette combinaison unique de <em>mouvement physique mod\u00e9r\u00e9 et oxyg\u00e9nation optimis\u00e9e<\/em> fait de cette m\u00e9thode un outil remarquable pour maintenir un poids sant\u00e9 \u00e0 long terme, sans les effets yo-yo souvent observ\u00e9s avec d&rsquo;autres approches plus intenses.<\/p>\n\n\n\n<h2 class=\"wp-block-heading\">Int\u00e9grer la marche afghane dans votre routine quotidienne<\/h2>\n\n\n\n<p>**L&rsquo;accessibilit\u00e9 de la marche afghane constitue l&rsquo;un de ses principaux avantages**. Ne n\u00e9cessitant aucun \u00e9quipement sp\u00e9cifique \u00e0 part des chaussures confortables, elle convient \u00e0 tous les niveaux de condition physique et peut \u00eatre pratiqu\u00e9e presque n&rsquo;importe o\u00f9.<\/p>\n\n\n\n<p>Pour commencer, suivez ces \u00e9tapes:<\/p>\n\n\n\n<ol class=\"wp-block-list\">\n<li>Commencez par des s\u00e9ances de 15 minutes sur terrain plat<\/li>\n\n\n\n<li>Ma\u00eetrisez d&rsquo;abord le rythme respiratoire avant d&rsquo;augmenter l&rsquo;intensit\u00e9<\/li>\n\n\n\n<li>Progressivement, passez \u00e0 des s\u00e9ances de 30 minutes<\/li>\n\n\n\n<li>Explorez diff\u00e9rents environnements : parcs, bord de mer, sentiers forestiers<\/li>\n<\/ol>\n\n\n\n<p>Les individus reprenant une activit\u00e9 physique ou souffrant de probl\u00e8mes articulaires trouvent en cette pratique une solution adapt\u00e9e. <em>Malgr\u00e9 son apparence douce, cet exercice offre une efficacit\u00e9 m\u00e9tabolique notable<\/em>, permettant des r\u00e9sultats tangibles sans risque de blessures.<\/p>\n\n\n\n<p>Pour ceux pr\u00e9f\u00e9rant un encadrement, de nombreux instructeurs sp\u00e9cialis\u00e9s proposent d\u00e9sormais des cours en petits groupes \u00e0 travers la France. Ces sessions facilitent l&rsquo;apprentissage des techniques respiratoires qui peuvent sembler complexes au d\u00e9part.<\/p>\n\n\n\n<p>En int\u00e9grant cette pratique \u00e0 votre quotidien, m\u00eame lors de vos d\u00e9placements domicile-travail, vous transformez une routine ordinaire en une s\u00e9ance d&rsquo;entra\u00eenement compl\u00e8te, combinant bienfaits cardiovasculaires et relaxation mentale profonde.<\/p>\n","protected":false},"excerpt":{"rendered":"<p>D\u00e9couvrez comment **la marche afghane m\u00e9tamorphose une activit\u00e9 quotidienne banale** en un outil efficace pour am\u00e9liorer sa condition physique. Cette m\u00e9thode novatrice associe les vertus de la marche classique \u00e0 une approche respiratoire singuli\u00e8re, offrant ainsi une solution globale pour ceux qui souhaitent perdre du poids sans recourir \u00e0 des exercices plus intenses. La marche [&hellip;]<\/p>\n","protected":false},"author":2,"featured_media":358,"comment_status":"open","ping_status":"open","sticky":false,"template":"","format":"standard","meta":{"_seopress_robots_primary_cat":"","_seopress_titles_title":"","_seopress_titles_desc":"","_seopress_robots_index":"","footnotes":""},"categories":[8],"tags":[],"class_list":{"0":"post-357","1":"post","2":"type-post","3":"status-publish","4":"format-standard","5":"has-post-thumbnail","7":"category-consommation"},"_links":{"self":[{"href":"https:\/\/www.lycee-eca.fr\/actu\/wp-json\/wp\/v2\/posts\/357","targetHints":{"allow":["GET"]}}],"collection":[{"href":"https:\/\/www.lycee-eca.fr\/actu\/wp-json\/wp\/v2\/posts"}],"about":[{"href":"https:\/\/www.lycee-eca.fr\/actu\/wp-json\/wp\/v2\/types\/post"}],"author":[{"embeddable":true,"href":"https:\/\/www.lycee-eca.fr\/actu\/wp-json\/wp\/v2\/users\/2"}],"replies":[{"embeddable":true,"href":"https:\/\/www.lycee-eca.fr\/actu\/wp-json\/wp\/v2\/comments?post=357"}],"version-history":[{"count":1,"href":"https:\/\/www.lycee-eca.fr\/actu\/wp-json\/wp\/v2\/posts\/357\/revisions"}],"predecessor-version":[{"id":1311,"href":"https:\/\/www.lycee-eca.fr\/actu\/wp-json\/wp\/v2\/posts\/357\/revisions\/1311"}],"wp:featuredmedia":[{"embeddable":true,"href":"https:\/\/www.lycee-eca.fr\/actu\/wp-json\/wp\/v2\/media\/358"}],"wp:attachment":[{"href":"https:\/\/www.lycee-eca.fr\/actu\/wp-json\/wp\/v2\/media?parent=357"}],"wp:term":[{"taxonomy":"category","embeddable":true,"href":"https:\/\/www.lycee-eca.fr\/actu\/wp-json\/wp\/v2\/categories?post=357"},{"taxonomy":"post_tag","embeddable":true,"href":"https:\/\/www.lycee-eca.fr\/actu\/wp-json\/wp\/v2\/tags?post=357"}],"curies":[{"name":"wp","href":"https:\/\/api.w.org\/{rel}","templated":true}]}}