{"id":383,"date":"2025-09-24T11:55:00","date_gmt":"2025-09-24T09:55:00","guid":{"rendered":"https:\/\/www.lycee-eca.fr\/actu\/?p=383"},"modified":"2025-09-22T20:32:43","modified_gmt":"2025-09-22T18:32:43","slug":"facebook-et-instagram-vont-utiliser-vos-donnees-personnelles-pour-lia-voici-comment-sen-proteger-2","status":"publish","type":"post","link":"https:\/\/www.lycee-eca.fr\/actu\/facebook-et-instagram-vont-utiliser-vos-donnees-personnelles-pour-lia-voici-comment-sen-proteger-2\/","title":{"rendered":"Facebook et Instagram\u2026 vont utiliser vos donn\u00e9es personnelles pour l\u2019IA, voici comment s&rsquo;en prot\u00e9ger"},"content":{"rendered":"\n<p>Depuis le 14 avril 2025, Meta a mis en place une nouvelle politique concernant l&rsquo;utilisation des donn\u00e9es personnelles des utilisateurs europ\u00e9ens de Facebook et Instagram. Cette fois, l&rsquo;entreprise se base sur \u00ab\u00a0l&rsquo;int\u00e9r\u00eat l\u00e9gitime\u00a0\u00bb pour exploiter les contenus dans le d\u00e9veloppement de ses mod\u00e8les d&rsquo;intelligence artificielle. <strong>Ce changement majeur est mis en \u0153uvre automatiquement<\/strong> sans n\u00e9cessiter de consentement explicite.<\/p>\n\n\n\n<h2 class=\"wp-block-heading\">La collecte discr\u00e8te de vos donn\u00e9es pour l&rsquo;IA de Meta<\/h2>\n\n\n\n<p>Meta a discr\u00e8tement instaur\u00e9 un syst\u00e8me qui consid\u00e8re par d\u00e9faut que vous acceptez l&rsquo;utilisation de vos donn\u00e9es personnelles pour enrichir ses syst\u00e8mes d&rsquo;intelligence artificielle. <strong>Cette approche controvers\u00e9e renverse la logique habituelle du consentement<\/strong> : vous \u00eates pr\u00e9sum\u00e9 consentant sauf si vous exprimez explicitement votre refus.<\/p>\n\n\n\n<p>Les contenus vis\u00e9s par cette collecte sont principalement les publications publiques sur vos profils Facebook et Instagram, comprenant :<\/p>\n\n\n\n<ul class=\"wp-block-list\">\n<li>Les l\u00e9gendes de vos photos<\/li>\n\n\n\n<li>Les commentaires que vous laissez sur des publications<\/li>\n\n\n\n<li>Les messages envoy\u00e9s \u00e0 Meta AI via Messenger<\/li>\n\n\n\n<li>Tout contenu visible publiquement sur votre profil<\/li>\n<\/ul>\n\n\n\n<p>Ce changement intervient apr\u00e8s un premier essai avort\u00e9 en juin 2024, lorsque <em>onze pays europ\u00e9ens s&rsquo;\u00e9taient fermement oppos\u00e9s \u00e0 cette initiative<\/em>. Meta affirme aujourd&rsquo;hui avoir trouv\u00e9 un cadre l\u00e9gal conforme aux exigences europ\u00e9ennes, notamment en anonymisant les donn\u00e9es collect\u00e9es.<\/p>\n\n\n\n<p>Il est important de noter que les conversations priv\u00e9es sur WhatsApp et les comptes des utilisateurs mineurs (moins de 18 ans) ne sont pas concern\u00e9s par cette collecte, du moins pour le moment.<\/p>\n\n\n\n<h2 class=\"wp-block-heading\">Prot\u00e9ger votre vie priv\u00e9e face \u00e0 cette nouvelle politique<\/h2>\n\n\n\n<p>Face \u00e0 cette utilisation automatique de vos donn\u00e9es, vous avez la possibilit\u00e9 de prot\u00e9ger votre vie priv\u00e9e. <strong>D\u00e9sactiver cette fonctionnalit\u00e9 requiert une action volontaire de votre part<\/strong>, Meta ne facilitant pas particuli\u00e8rement cette d\u00e9marche.<\/p>\n\n\n\n<p>Pour refuser l&rsquo;utilisation de vos donn\u00e9es personnelles dans l&rsquo;entra\u00eenement des IA de Meta, suivez ces \u00e9tapes :<\/p>\n\n\n\n<ol class=\"wp-block-list\">\n<li>Acc\u00e9dez aux param\u00e8tres de confidentialit\u00e9 de votre compte Facebook ou Instagram<\/li>\n\n\n\n<li>Cherchez la section concernant l&rsquo;utilisation des donn\u00e9es pour l&rsquo;IA<\/li>\n\n\n\n<li>Rep\u00e9rez le formulaire de refus propos\u00e9 par Meta<\/li>\n\n\n\n<li>Exprimez votre opposition explicite \u00e0 cette utilisation<\/li>\n<\/ol>\n\n\n\n<p>Meta affirme avoir simplifi\u00e9 ce processus, mais <em>la notification informant les utilisateurs de ce changement reste discr\u00e8te et peu explicite<\/em>. Chaque jour sans action de votre part \u00e9largit l&rsquo;acc\u00e8s de l&rsquo;entreprise \u00e0 vos donn\u00e9es personnelles.<\/p>\n\n\n\n<h2 class=\"wp-block-heading\">Risques et cons\u00e9quences pour la protection des donn\u00e9es<\/h2>\n\n\n\n<p>Cette nouvelle politique soul\u00e8ve d&rsquo;importantes questions sur la confidentialit\u00e9 des informations partag\u00e9es sur les r\u00e9seaux sociaux. Voici une comparaison des types de donn\u00e9es utilis\u00e9es par Meta :<\/p>\n\n\n\n<figure class=\"wp-block-table\"><table class=\"has-fixed-layout\"><thead><tr><th>Type de donn\u00e9es<\/th><th>Utilis\u00e9es pour l&rsquo;IA<\/th><th>Protection possible<\/th><\/tr><\/thead><tbody><tr><td>Publications publiques<\/td><td>Oui<\/td><td>\u00c0 travers le formulaire de refus<\/td><\/tr><tr><td>Messages \u00e0 Meta AI<\/td><td>Oui<\/td><td>\u00c0 travers le formulaire de refus<\/td><\/tr><tr><td>Conversations priv\u00e9es<\/td><td>Non (actuellement)<\/td><td>Protection par d\u00e9faut<\/td><\/tr><tr><td>Donn\u00e9es WhatsApp<\/td><td>Non<\/td><td>Protection par d\u00e9faut<\/td><\/tr><\/tbody><\/table><\/figure>\n\n\n\n<p>Malgr\u00e9 l&rsquo;assurance de Meta de ne pas collecter les messages priv\u00e9s \u00e9chang\u00e9s entre amis ou famille, <strong>la fronti\u00e8re entre contenu public et priv\u00e9 devient de plus en plus floue<\/strong> avec l&rsquo;\u00e9volution des plateformes. Les risques d&rsquo;utilisation abusive ou de fuite de donn\u00e9es sensibles repr\u00e9sentent une pr\u00e9occupation l\u00e9gitime.<\/p>\n\n\n\n<p>Cette nouvelle approche bas\u00e9e sur \u00ab\u00a0l&rsquo;int\u00e9r\u00eat l\u00e9gitime\u00a0\u00bb plut\u00f4t que sur le consentement explicite marque un tournant majeur dans la fa\u00e7on dont les g\u00e9ants technologiques exploitent nos donn\u00e9es. <em>La vigilance des utilisateurs et leur capacit\u00e9 \u00e0 exercer leurs droits deviennent donc essentielles<\/em> pour maintenir le contr\u00f4le sur leurs informations personnelles face \u00e0 la demande croissante des syst\u00e8mes d&rsquo;intelligence artificielle.<\/p>\n","protected":false},"excerpt":{"rendered":"<p>Depuis le 14 avril 2025, Meta a mis en place une nouvelle politique concernant l&rsquo;utilisation des donn\u00e9es personnelles des utilisateurs europ\u00e9ens de Facebook et Instagram. Cette fois, l&rsquo;entreprise se base sur \u00ab\u00a0l&rsquo;int\u00e9r\u00eat l\u00e9gitime\u00a0\u00bb pour exploiter les contenus dans le d\u00e9veloppement de ses mod\u00e8les d&rsquo;intelligence artificielle. Ce changement majeur est mis en \u0153uvre automatiquement sans n\u00e9cessiter [&hellip;]<\/p>\n","protected":false},"author":2,"featured_media":384,"comment_status":"open","ping_status":"open","sticky":false,"template":"","format":"standard","meta":{"_seopress_robots_primary_cat":"","_seopress_titles_title":"","_seopress_titles_desc":"","_seopress_robots_index":"","footnotes":""},"categories":[8],"tags":[],"class_list":{"0":"post-383","1":"post","2":"type-post","3":"status-publish","4":"format-standard","5":"has-post-thumbnail","7":"category-consommation"},"_links":{"self":[{"href":"https:\/\/www.lycee-eca.fr\/actu\/wp-json\/wp\/v2\/posts\/383","targetHints":{"allow":["GET"]}}],"collection":[{"href":"https:\/\/www.lycee-eca.fr\/actu\/wp-json\/wp\/v2\/posts"}],"about":[{"href":"https:\/\/www.lycee-eca.fr\/actu\/wp-json\/wp\/v2\/types\/post"}],"author":[{"embeddable":true,"href":"https:\/\/www.lycee-eca.fr\/actu\/wp-json\/wp\/v2\/users\/2"}],"replies":[{"embeddable":true,"href":"https:\/\/www.lycee-eca.fr\/actu\/wp-json\/wp\/v2\/comments?post=383"}],"version-history":[{"count":1,"href":"https:\/\/www.lycee-eca.fr\/actu\/wp-json\/wp\/v2\/posts\/383\/revisions"}],"predecessor-version":[{"id":1469,"href":"https:\/\/www.lycee-eca.fr\/actu\/wp-json\/wp\/v2\/posts\/383\/revisions\/1469"}],"wp:featuredmedia":[{"embeddable":true,"href":"https:\/\/www.lycee-eca.fr\/actu\/wp-json\/wp\/v2\/media\/384"}],"wp:attachment":[{"href":"https:\/\/www.lycee-eca.fr\/actu\/wp-json\/wp\/v2\/media?parent=383"}],"wp:term":[{"taxonomy":"category","embeddable":true,"href":"https:\/\/www.lycee-eca.fr\/actu\/wp-json\/wp\/v2\/categories?post=383"},{"taxonomy":"post_tag","embeddable":true,"href":"https:\/\/www.lycee-eca.fr\/actu\/wp-json\/wp\/v2\/tags?post=383"}],"curies":[{"name":"wp","href":"https:\/\/api.w.org\/{rel}","templated":true}]}}